{"id":79635,"date":"2024-11-26T18:54:06","date_gmt":"2024-11-26T21:54:06","guid":{"rendered":"https:\/\/vocesparalelas.com.ar\/sitio\/?p=79635"},"modified":"2024-11-26T18:54:16","modified_gmt":"2024-11-26T21:54:16","slug":"30-conferencia-de-la-union-industrial-argentina","status":"publish","type":"post","link":"https:\/\/vocesparalelas.com.ar\/sitio\/30-conferencia-de-la-union-industrial-argentina\/","title":{"rendered":"30\u00b0 Conferencia de la Uni\u00f3n Industrial Argentina"},"content":{"rendered":"<p>En el marco de la 30\u00b0 Conferencia de la Uni\u00f3n Industrial Argentina, el gobernador de San Juan, Dr. Marcelo Orrego disert\u00f3 ante los empresarios m\u00e1s influyentes del pa\u00eds y remarc\u00f3 la necesidad de financiar a las pymes. Adem\u00e1s, destac\u00f3 el rol de la miner\u00eda en el futuro de la econom\u00eda argentina<\/p>\n<p>El Martes, 26 de Noviembre, el gobernador de San Juan, Dr. Marcelo Orrego, particip\u00f3 de la 30\u00b0 Conferencia de la Uni\u00f3n Industrial Argentina &#8211; UIA -, y fue uno de los cuatro mandatarios provinciales que disert\u00f3 ante los empresarios m\u00e1s influyentes del pa\u00eds. Resalt\u00f3 el rol que cumplen las pymes en el mercado laboral argentino, y destac\u00f3 la posici\u00f3n estrat\u00e9gica del desarrollo minero de la provincia para el presente y futuro del mundo.<\/p>\n<p>El encuentro tuvo lugar en el Centro de Convenciones de la Ciudad de Buenos Aires, donde, tambi\u00e9n expusieron los gobernadores Mart\u00edn Llaryora, de C\u00f3rdoba; Maximiliano Pullaro, de Santa Fe; y Carlos Sadir, de Jujuy.<\/p>\n<p><img loading=\"lazy\" decoding=\"async\" class=\"alignnone size-full wp-image-79639\" src=\"https:\/\/vocesparalelas.com.ar\/sitio\/wp-content\/uploads\/2024\/11\/UIA-ORREGO-02.jpg\" alt=\"\" width=\"800\" height=\"494\" srcset=\"https:\/\/vocesparalelas.com.ar\/sitio\/wp-content\/uploads\/2024\/11\/UIA-ORREGO-02.jpg 800w, https:\/\/vocesparalelas.com.ar\/sitio\/wp-content\/uploads\/2024\/11\/UIA-ORREGO-02-300x185.jpg 300w, https:\/\/vocesparalelas.com.ar\/sitio\/wp-content\/uploads\/2024\/11\/UIA-ORREGO-02-768x474.jpg 768w\" sizes=\"auto, (max-width: 800px) 100vw, 800px\" \/><\/p>\n<p>En este contexto, el gobernador de San Juan, Dr. Marcelo Orrego puntualiz\u00f3 que \u00abcreo en las pymes, son el motor del empleo privado, y son el foco de nuestra atenci\u00f3n. Por ello, debemos apoyarlas con un fuerte programa de financiamiento. Esa fue una de nuestras principales medidas en San Juan, con m\u00e1s de $44 mil millones destinados a financiar al sector privado, para sostener la actividad y el empleo\u201d.<\/p>\n<p><iframe loading=\"lazy\" title=\"Orrego expuso ante la UIA\" width=\"800\" height=\"450\" src=\"https:\/\/www.youtube.com\/embed\/5m9_XQF5H1o?feature=oembed\" frameborder=\"0\" allow=\"accelerometer; autoplay; clipboard-write; encrypted-media; gyroscope; picture-in-picture; web-share\" referrerpolicy=\"strict-origin-when-cross-origin\" allowfullscreen><\/iframe><\/p>\n<p>\u00abLas necesidades del presente y del futuro de la poblaci\u00f3n global. Sin lugar a dudas, la miner\u00eda resulta ser un sector clave. Frente al desaf\u00edo de la transici\u00f3n energ\u00e9tica y de la demanda mundial de cobre creciente, San Juan ocupa un lugar estrat\u00e9gico no solo para Argentina, sino para todo el mundo\u201d.<\/p>\n<p>\u00abSan Juan contribuye a la reducci\u00f3n de la presi\u00f3n tributaria general, ya que tiene eximido de Impuesto a los Ingresos Brutos al campo y a la industria, adem\u00e1s de tener la tasa general m\u00e1s baja de este gravamen para el resto de las actividades, y de reducir el Impuesto Automotor un 28% al inicio de su gesti\u00f3n. En esa misma l\u00ednea, asegur\u00f3 que es necesario \u201caprender, trabajar y producir\u201d, para que todas las actividades de la matriz productiva puedan desarrollarse.<\/p>\n<p>\u00abEl escenario pol\u00edtico del pa\u00eds y la necesidad de recuperar la seguridad jur\u00eddica, ordenar la macroeconom\u00eda, eliminar el d\u00e9ficit fiscal y bajar la inflaci\u00f3n para recuperar confianza y atraer inversiones. Los consensos en la actualidad son necesarios. No son un signo de debilidad, sino todo lo contrario, son una se\u00f1al de fortaleza\u201d.<\/p>\n<p>\u00abEl panorama del pr\u00f3ximo a\u00f1o, ya que tuvimos un a\u00f1o muy dif\u00edcil todos, pero creo que en 2025, en especial en el segundo semestre, sin dudas empezaremos a ver con mayor claridad una recuperaci\u00f3n de nuestro pa\u00eds de la mano del agro, la miner\u00eda, las energ\u00edas y la industria\u00bb.<\/p>\n<p>Cabe destacar que la 30\u00b0 Conferencia Industrial ofrece un espacio de reflexi\u00f3n sobre los temas m\u00e1s importantes para la industria y econom\u00eda argentina, con referentes del sector privado, representantes de todo el arco pol\u00edtico y actores del mundo acad\u00e9mico.<\/p>\n<p>&nbsp;<\/p>\n","protected":false},"excerpt":{"rendered":"<p>En el marco de la 30\u00b0 Conferencia de la Uni\u00f3n Industrial Argentina, el gobernador de San Juan, Dr. Marcelo Orrego<\/p>\n","protected":false},"author":3,"featured_media":79638,"comment_status":"closed","ping_status":"closed","sticky":false,"template":"","format":"standard","meta":{"_acf_changed":false,"_seopress_robots_primary_cat":"none","_seopress_titles_title":"","_seopress_titles_desc":"","_seopress_robots_index":"","colormag_page_container_layout":"default_layout","colormag_page_sidebar_layout":"default_layout","footnotes":""},"categories":[1,7],"tags":[],"class_list":["post-79635","post","type-post","status-publish","format-standard","has-post-thumbnail","hentry","category-destacadas","category-videos"],"acf":[],"_links":{"self":[{"href":"https:\/\/vocesparalelas.com.ar\/sitio\/wp-json\/wp\/v2\/posts\/79635","targetHints":{"allow":["GET"]}}],"collection":[{"href":"https:\/\/vocesparalelas.com.ar\/sitio\/wp-json\/wp\/v2\/posts"}],"about":[{"href":"https:\/\/vocesparalelas.com.ar\/sitio\/wp-json\/wp\/v2\/types\/post"}],"author":[{"embeddable":true,"href":"https:\/\/vocesparalelas.com.ar\/sitio\/wp-json\/wp\/v2\/users\/3"}],"replies":[{"embeddable":true,"href":"https:\/\/vocesparalelas.com.ar\/sitio\/wp-json\/wp\/v2\/comments?post=79635"}],"version-history":[{"count":1,"href":"https:\/\/vocesparalelas.com.ar\/sitio\/wp-json\/wp\/v2\/posts\/79635\/revisions"}],"predecessor-version":[{"id":79640,"href":"https:\/\/vocesparalelas.com.ar\/sitio\/wp-json\/wp\/v2\/posts\/79635\/revisions\/79640"}],"wp:featuredmedia":[{"embeddable":true,"href":"https:\/\/vocesparalelas.com.ar\/sitio\/wp-json\/wp\/v2\/media\/79638"}],"wp:attachment":[{"href":"https:\/\/vocesparalelas.com.ar\/sitio\/wp-json\/wp\/v2\/media?parent=79635"}],"wp:term":[{"taxonomy":"category","embeddable":true,"href":"https:\/\/vocesparalelas.com.ar\/sitio\/wp-json\/wp\/v2\/categories?post=79635"},{"taxonomy":"post_tag","embeddable":true,"href":"https:\/\/vocesparalelas.com.ar\/sitio\/wp-json\/wp\/v2\/tags?post=79635"}],"curies":[{"name":"wp","href":"https:\/\/api.w.org\/{rel}","templated":true}]}}