{"id":79598,"date":"2024-11-25T21:14:33","date_gmt":"2024-11-26T00:14:33","guid":{"rendered":"https:\/\/vocesparalelas.com.ar\/sitio\/?p=79598"},"modified":"2024-11-26T15:59:36","modified_gmt":"2024-11-26T18:59:36","slug":"disfruta-la-propuesta-cultural-en-el-tb-de-san-juan","status":"publish","type":"post","link":"https:\/\/vocesparalelas.com.ar\/sitio\/disfruta-la-propuesta-cultural-en-el-tb-de-san-juan\/","title":{"rendered":"Disfruta la propuesta cultural en el TB de San Juan"},"content":{"rendered":"<p>El Teatro del Bicentenario de San Juan ofrece una serie de actividades culturales para disfrutar con la familia o\u00a0 amigos.<\/p>\n<p><strong><span style=\"color: #ff6600;\">Programa<\/span><\/strong><\/p>\n<ul>\n<li>Ciclo de Jazz en el \u00abD\u00eda del Jazz Argentino\u00bb, el Mi\u00e9rcoles, 27 de Noviembre a las 21:30 hs., en la Sala Audit\u00f3rium. El espect\u00e1culo cuenta con la participaci\u00f3n de Lucas Ferrari, pianista de Antigua Jazz Band y Swing City Orquesta, adem\u00e1s, estar\u00e1n Elmer Meza Jazz Quartet junto a Leo Francille en la voz. Entradas $4000 en Boleter\u00eda del Teatro y\u00a0<a href=\"http:\/\/TuEntrada.com\">http:\/\/TuEntrada.com<\/a><\/li>\n<li>Viajer@s obra de Teatro, desde Mendoza, llega el elenco de teatro comunitario \u00abChacras para Todos\u00bb con una historia para la familia que promete divertirte y emocionarte hasta las l\u00e1grimas. Una obra cargada de poes\u00eda, met\u00e1foras y color donde las aves son protagonistas. El elenco est\u00e1 compuesto por actores, vecinos de la comunidad y personas con discapacidad de todas las edades, acompa\u00f1ados por la orquesta comunitaria, el S\u00e1bado, 30 de Noviembre, a las 19 hs. en la Sala Audit\u00f3rium. Entradas $4000 en Boleter\u00eda del Teatro con descuentos exclusivos. <a href=\"http:\/\/TuEntrada.com\">TuEntrada.com<\/a><\/li>\n<li>Gala L\u00edrica Puccini, en el centenario de la muerte del gran compositor Giacomo Puccini, #NuestroTeatro le rende homenaje en un concierto que est\u00e1 bajo la direcci\u00f3n musical del maestro Ezequiel Silberstein. El p\u00fablico disfruta de un recorrido por melod\u00edas de sus \u00f3peras m\u00e1s conocidas como \u00abTosca\u00bb, \u00abMadame Butterfly\u00bb, \u00abLa Boh\u00e8me\u00bb, entre otras. La Gala cuenta con la participaci\u00f3n de la Orquesta Sinf\u00f3nica de la UNSJ, y Coro Universitario de la FFHA de la Universidad Nacional de San Juan, la soprano M\u00f3nica Ferracani y el tenor Enrique Folger, participantes del Programa Opera Training del TB, bajo la direcci\u00f3n de Ver\u00f3nica Cangemi, el S\u00e1bado 30 de Noviembre, a las 21:30 hs.; en la Sala Principal. Entradas $7000 en Boleter\u00eda del Teatro con DESCUENTOS EXCLUSIVOS y <a href=\"http:\/\/TuEntrada.com\">TuEntrada.com<\/a><\/li>\n<\/ul>\n<p><img loading=\"lazy\" decoding=\"async\" class=\"alignnone size-large wp-image-41613\" src=\"https:\/\/vocesparalelas.com.ar\/sitio\/wp-content\/uploads\/2021\/09\/teatro-bicentenario-800x533.jpg\" alt=\"\" width=\"800\" height=\"533\" srcset=\"https:\/\/vocesparalelas.com.ar\/sitio\/wp-content\/uploads\/2021\/09\/teatro-bicentenario-800x533.jpg 800w, https:\/\/vocesparalelas.com.ar\/sitio\/wp-content\/uploads\/2021\/09\/teatro-bicentenario-300x200.jpg 300w, https:\/\/vocesparalelas.com.ar\/sitio\/wp-content\/uploads\/2021\/09\/teatro-bicentenario-768x512.jpg 768w, https:\/\/vocesparalelas.com.ar\/sitio\/wp-content\/uploads\/2021\/09\/teatro-bicentenario.jpg 1023w\" sizes=\"auto, (max-width: 800px) 100vw, 800px\" \/><\/p>\n","protected":false},"excerpt":{"rendered":"<p>El Teatro del Bicentenario de San Juan ofrece una serie de actividades culturales para disfrutar con la familia o\u00a0 amigos.<\/p>\n","protected":false},"author":3,"featured_media":32104,"comment_status":"closed","ping_status":"closed","sticky":false,"template":"","format":"standard","meta":{"_acf_changed":false,"_seopress_robots_primary_cat":"none","_seopress_titles_title":"","_seopress_titles_desc":"","_seopress_robots_index":"","colormag_page_container_layout":"default_layout","colormag_page_sidebar_layout":"default_layout","footnotes":""},"categories":[20],"tags":[],"class_list":["post-79598","post","type-post","status-publish","format-standard","has-post-thumbnail","hentry","category-cartelera"],"acf":[],"_links":{"self":[{"href":"https:\/\/vocesparalelas.com.ar\/sitio\/wp-json\/wp\/v2\/posts\/79598","targetHints":{"allow":["GET"]}}],"collection":[{"href":"https:\/\/vocesparalelas.com.ar\/sitio\/wp-json\/wp\/v2\/posts"}],"about":[{"href":"https:\/\/vocesparalelas.com.ar\/sitio\/wp-json\/wp\/v2\/types\/post"}],"author":[{"embeddable":true,"href":"https:\/\/vocesparalelas.com.ar\/sitio\/wp-json\/wp\/v2\/users\/3"}],"replies":[{"embeddable":true,"href":"https:\/\/vocesparalelas.com.ar\/sitio\/wp-json\/wp\/v2\/comments?post=79598"}],"version-history":[{"count":2,"href":"https:\/\/vocesparalelas.com.ar\/sitio\/wp-json\/wp\/v2\/posts\/79598\/revisions"}],"predecessor-version":[{"id":79602,"href":"https:\/\/vocesparalelas.com.ar\/sitio\/wp-json\/wp\/v2\/posts\/79598\/revisions\/79602"}],"wp:featuredmedia":[{"embeddable":true,"href":"https:\/\/vocesparalelas.com.ar\/sitio\/wp-json\/wp\/v2\/media\/32104"}],"wp:attachment":[{"href":"https:\/\/vocesparalelas.com.ar\/sitio\/wp-json\/wp\/v2\/media?parent=79598"}],"wp:term":[{"taxonomy":"category","embeddable":true,"href":"https:\/\/vocesparalelas.com.ar\/sitio\/wp-json\/wp\/v2\/categories?post=79598"},{"taxonomy":"post_tag","embeddable":true,"href":"https:\/\/vocesparalelas.com.ar\/sitio\/wp-json\/wp\/v2\/tags?post=79598"}],"curies":[{"name":"wp","href":"https:\/\/api.w.org\/{rel}","templated":true}]}}