{"id":79554,"date":"2024-11-24T20:29:37","date_gmt":"2024-11-24T23:29:37","guid":{"rendered":"https:\/\/vocesparalelas.com.ar\/sitio\/?p=79554"},"modified":"2024-11-26T01:37:55","modified_gmt":"2024-11-26T04:37:55","slug":"el-servicio-de-taxis-modifica-sus-tarifas-en-san-juan","status":"publish","type":"post","link":"https:\/\/vocesparalelas.com.ar\/sitio\/el-servicio-de-taxis-modifica-sus-tarifas-en-san-juan\/","title":{"rendered":"El servicio de Taxis modifica sus tarifas en San Juan"},"content":{"rendered":"<p>La Secretar\u00eda de Tr\u00e1nsito y Transporte del Ministerio de Gobierno de San Juan comunic\u00f3 que, a partir del 2 de Diciembre de 2024, el servicio de Taxis modifica sus tarifas.<\/p>\n<p>De acuerdo al estudio previo de costos y las modificaciones realizadas por la inflaci\u00f3n acumulada en los \u00faltimos meses, los valores quedar\u00e1n de la siguiente manera:<\/p>\n<ul>\n<li>Bajada de Bandera: $990 (diurna) &#8211; $1.072 (nocturna)<\/li>\n<li>Costo cada 100 metros: $66 (diurna) &#8211; $72 (nocturna)<\/li>\n<li>Valor del kil\u00f3metro: $660 (diurna) &#8211; $715 (nocturna)<\/li>\n<li>Espera de 40 segundos: $66 (diurna) &#8211; $72 (nocturna)<\/li>\n<li>Hora de espera: $5.940 (diurna) &#8211; $6.435 (nocturna)<\/li>\n<\/ul>\n<p>Esta solicitud de reajuste tarifario fue refrendada en el Expediente N\u00b0210-004070-2024-EXP tras un consenso de las partes.<\/p>\n<p>&nbsp;<\/p>\n<p>&nbsp;<\/p>\n","protected":false},"excerpt":{"rendered":"<p>La Secretar\u00eda de Tr\u00e1nsito y Transporte del Ministerio de Gobierno de San Juan comunic\u00f3 que, a partir del 2 de<\/p>\n","protected":false},"author":3,"featured_media":26103,"comment_status":"closed","ping_status":"closed","sticky":false,"template":"","format":"standard","meta":{"_acf_changed":false,"_seopress_robots_primary_cat":"none","_seopress_titles_title":"","_seopress_titles_desc":"","_seopress_robots_index":"","colormag_page_container_layout":"default_layout","colormag_page_sidebar_layout":"default_layout","footnotes":""},"categories":[2],"tags":[],"class_list":["post-79554","post","type-post","status-publish","format-standard","has-post-thumbnail","hentry","category-convocatorias"],"acf":[],"_links":{"self":[{"href":"https:\/\/vocesparalelas.com.ar\/sitio\/wp-json\/wp\/v2\/posts\/79554","targetHints":{"allow":["GET"]}}],"collection":[{"href":"https:\/\/vocesparalelas.com.ar\/sitio\/wp-json\/wp\/v2\/posts"}],"about":[{"href":"https:\/\/vocesparalelas.com.ar\/sitio\/wp-json\/wp\/v2\/types\/post"}],"author":[{"embeddable":true,"href":"https:\/\/vocesparalelas.com.ar\/sitio\/wp-json\/wp\/v2\/users\/3"}],"replies":[{"embeddable":true,"href":"https:\/\/vocesparalelas.com.ar\/sitio\/wp-json\/wp\/v2\/comments?post=79554"}],"version-history":[{"count":1,"href":"https:\/\/vocesparalelas.com.ar\/sitio\/wp-json\/wp\/v2\/posts\/79554\/revisions"}],"predecessor-version":[{"id":79557,"href":"https:\/\/vocesparalelas.com.ar\/sitio\/wp-json\/wp\/v2\/posts\/79554\/revisions\/79557"}],"wp:featuredmedia":[{"embeddable":true,"href":"https:\/\/vocesparalelas.com.ar\/sitio\/wp-json\/wp\/v2\/media\/26103"}],"wp:attachment":[{"href":"https:\/\/vocesparalelas.com.ar\/sitio\/wp-json\/wp\/v2\/media?parent=79554"}],"wp:term":[{"taxonomy":"category","embeddable":true,"href":"https:\/\/vocesparalelas.com.ar\/sitio\/wp-json\/wp\/v2\/categories?post=79554"},{"taxonomy":"post_tag","embeddable":true,"href":"https:\/\/vocesparalelas.com.ar\/sitio\/wp-json\/wp\/v2\/tags?post=79554"}],"curies":[{"name":"wp","href":"https:\/\/api.w.org\/{rel}","templated":true}]}}