{"id":79530,"date":"2024-11-23T21:08:26","date_gmt":"2024-11-24T00:08:26","guid":{"rendered":"https:\/\/vocesparalelas.com.ar\/sitio\/?p=79530"},"modified":"2024-11-23T23:08:41","modified_gmt":"2024-11-24T02:08:41","slug":"el-secretario-de-innovacion-ciencia-y-tecnologia-de-nacion-lic-dario-genua-en-san-juan","status":"publish","type":"post","link":"https:\/\/vocesparalelas.com.ar\/sitio\/el-secretario-de-innovacion-ciencia-y-tecnologia-de-nacion-lic-dario-genua-en-san-juan\/","title":{"rendered":"El secretario de Innovaci\u00f3n, Ciencia y Tecnolog\u00eda de Naci\u00f3n, Lic. Dar\u00edo Genua en San Juan"},"content":{"rendered":"<p>El secretario de Innovaci\u00f3n, Ciencia y Tecnolog\u00eda de Naci\u00f3n, Lic. Dar\u00edo Genua dialog\u00f3 con el gobernador de San Juan, Dr. Marcelo Orrego sobre temas relacionados a la ciencia, en el marco de las visitas que realiza por distintas provincias del pa\u00eds.<\/p>\n<p>De la reuni\u00f3n que se desarroll\u00f3 en la sala Camus, participaron los ministros de Econom\u00eda, Finanzas y Hacienda, CPN Roberto Guti\u00e9rrez; de Producci\u00f3n, Trabajo e Innovaci\u00f3n, CPN Gustavo Fern\u00e1ndez; el secretario de Ciencia, T\u00e9cnica e Innovaci\u00f3n, Dr. Germ\u00e1n Voneuw; el secretario Modernizaci\u00f3n de San Juan, Fabricio Echegaray; y el secretario de Modernizaci\u00f3n de Naci\u00f3n, Cesar Gazzo.<\/p>\n<p>Al t\u00e9rmino del encuentro, El secretario de Innovaci\u00f3n, Ciencia y Tecnolog\u00eda de Naci\u00f3n, Lic. Dar\u00edo Genua puntualiz\u00f3 que \u201cfue una reuni\u00f3n institucional, una charla para conocernos y despu\u00e9s hablamos de temas de ciencia, tecnolog\u00eda e innovaci\u00f3n, todos temas que son referentes a tecnolog\u00edas digitales y todo lo que representa la complejidad del agua en San Juan. Como abordar el tema desde una manera integral apoyando a la provincia y poniendo a disposici\u00f3n todas las herramientas que tenemos desde la secretaria en t\u00e9rminos de ciencia y tecnolog\u00eda\u201d.<\/p>\n<p>\u00abEstamos viajando por distintas provincias entendiendo la problem\u00e1tica de cada una de ellas y viendo cuales son las necesidades y c\u00f3mo nosotros podemos ayudar. Respecto del agua, poner a disposici\u00f3n recursos del Estado nacional para ayudar en la resoluci\u00f3n de las diferentes problem\u00e1ticas que plantea\u201d.<\/p>\n<p>\u00abEl gobernador se mostr\u00f3 contento con todo esto y a disposici\u00f3n para abordar estos temas, porque estamos trabajando con la Secretar\u00cda de Ciencia y Tecnolog\u00eda de la provincia\u201d.<\/p>\n<p>Por su parte, el secretario de Ciencia, T\u00e9cnica e Innovaci\u00f3n, Dr. Germ\u00e1n Voneuw, detall\u00f3 que \u00abla agenda de trabajo que tuvo la comitiva nacional y dijo que \u201cfue una reuni\u00f3n con todos los actores cient\u00edficos tecnol\u00f3gicos locales, rectores de la UNSJ y Cat\u00f3lica de Cuyo, y autoridades del INTA, INTI y CONICET, en la que se abordaron cu\u00e1les son los desaf\u00edos que tiene San Juan por delante en materia de ciencia y tecnolog\u00eda\u201d.<\/p>\n<p>\u00abA trav\u00e9s de las actividades de cada uno de los organismos, se puede contribuir al desarrollo econ\u00f3mico y social. Coordinamos iniciar una a agenda de trabajo en com\u00fan con Naci\u00f3n con algunos temas espec\u00edficos como por ejemplo el agua y el manejo eficiente del recurso, agroindustria, miner\u00eda, econom\u00eda del conocimiento o transformaci\u00f3n digital, que son verticales de desarrollo y que la Naci\u00f3n ve con perspectivas para la Provincia, y el gobernador las tiene como desarrollos verticales para San Juan\u201d.<\/p>\n<p>&nbsp;<\/p>\n<p>&nbsp;<\/p>\n<p><iframe loading=\"lazy\" title=\"El gobernador recibi\u00f3 al secretario de Innovacion Ciencia y Tecnolog\u00eda de la Naci\u00f3n Dar\u00edo Genua\" width=\"800\" height=\"450\" src=\"https:\/\/www.youtube.com\/embed\/y5xVrlrLG7g?feature=oembed\" frameborder=\"0\" allow=\"accelerometer; autoplay; clipboard-write; encrypted-media; gyroscope; picture-in-picture; web-share\" referrerpolicy=\"strict-origin-when-cross-origin\" allowfullscreen><\/iframe><\/p>\n","protected":false},"excerpt":{"rendered":"<p>El secretario de Innovaci\u00f3n, Ciencia y Tecnolog\u00eda de Naci\u00f3n, Lic. Dar\u00edo Genua dialog\u00f3 con el gobernador de San Juan, Dr.<\/p>\n","protected":false},"author":3,"featured_media":79533,"comment_status":"closed","ping_status":"closed","sticky":false,"template":"","format":"standard","meta":{"_acf_changed":false,"_seopress_robots_primary_cat":"none","_seopress_titles_title":"","_seopress_titles_desc":"","_seopress_robots_index":"","colormag_page_container_layout":"default_layout","colormag_page_sidebar_layout":"default_layout","footnotes":""},"categories":[1,7],"tags":[],"class_list":["post-79530","post","type-post","status-publish","format-standard","has-post-thumbnail","hentry","category-destacadas","category-videos"],"acf":[],"_links":{"self":[{"href":"https:\/\/vocesparalelas.com.ar\/sitio\/wp-json\/wp\/v2\/posts\/79530","targetHints":{"allow":["GET"]}}],"collection":[{"href":"https:\/\/vocesparalelas.com.ar\/sitio\/wp-json\/wp\/v2\/posts"}],"about":[{"href":"https:\/\/vocesparalelas.com.ar\/sitio\/wp-json\/wp\/v2\/types\/post"}],"author":[{"embeddable":true,"href":"https:\/\/vocesparalelas.com.ar\/sitio\/wp-json\/wp\/v2\/users\/3"}],"replies":[{"embeddable":true,"href":"https:\/\/vocesparalelas.com.ar\/sitio\/wp-json\/wp\/v2\/comments?post=79530"}],"version-history":[{"count":1,"href":"https:\/\/vocesparalelas.com.ar\/sitio\/wp-json\/wp\/v2\/posts\/79530\/revisions"}],"predecessor-version":[{"id":79534,"href":"https:\/\/vocesparalelas.com.ar\/sitio\/wp-json\/wp\/v2\/posts\/79530\/revisions\/79534"}],"wp:featuredmedia":[{"embeddable":true,"href":"https:\/\/vocesparalelas.com.ar\/sitio\/wp-json\/wp\/v2\/media\/79533"}],"wp:attachment":[{"href":"https:\/\/vocesparalelas.com.ar\/sitio\/wp-json\/wp\/v2\/media?parent=79530"}],"wp:term":[{"taxonomy":"category","embeddable":true,"href":"https:\/\/vocesparalelas.com.ar\/sitio\/wp-json\/wp\/v2\/categories?post=79530"},{"taxonomy":"post_tag","embeddable":true,"href":"https:\/\/vocesparalelas.com.ar\/sitio\/wp-json\/wp\/v2\/tags?post=79530"}],"curies":[{"name":"wp","href":"https:\/\/api.w.org\/{rel}","templated":true}]}}