{"id":79525,"date":"2024-11-23T20:41:27","date_gmt":"2024-11-23T23:41:27","guid":{"rendered":"https:\/\/vocesparalelas.com.ar\/sitio\/?p=79525"},"modified":"2024-11-23T22:42:19","modified_gmt":"2024-11-24T01:42:19","slug":"comenzo-el-torneo-nacional-de-gimnasia-ritmica-en-san-juan","status":"publish","type":"post","link":"https:\/\/vocesparalelas.com.ar\/sitio\/comenzo-el-torneo-nacional-de-gimnasia-ritmica-en-san-juan\/","title":{"rendered":"Comenz\u00f3 el Torneo Nacional de Gimnasia R\u00edtmica en San Juan"},"content":{"rendered":"<p>La competencia se celebra por primera vez en San Juan, desde el 21 al 24 de noviembre en el Estadio Aldo Cantoni. Estuvo el gobernador Marcelo Orrego<\/p>\n<p>Por primera vez, San Juan recibe el Torneo Nacional Federativo, Nivel C, de Gimnasia R\u00edtmica, una competencia que se desarrolla en el estadio Aldo Cantoni, hasta el 24 de noviembre.<\/p>\n<p>El gobernador de San Juan, Dr. Marcelo Orrego presidi\u00f3 el acto de apertura del Torneo que se realiz\u00f3 el Viernes y estuvo acompa\u00f1ado por autoridades del Ministerio de Turismo, Cultura y Deporte del Gobierno de San Juan.<\/p>\n<p>La competencia, que cuenta con el apoyo del Gobierno Provincial a trav\u00e9s del Ministerio de Turismo, Cultura y Deporte, est\u00e1 siendo organizada por la Federaci\u00f3n Sanjuanina de Gimnasia bajo la fiscalizaci\u00f3n de la Confederaci\u00f3n Argentina de Gimnasia.<\/p>\n<p>Las jornadas deportivas se extender\u00e1n durante cuatro d\u00edas, comenzando cada d\u00eda a las 9:00 y finalizando a las 19:30, con excepci\u00f3n del domingo, que concluir\u00e1 a las 12:30.<\/p>\n<p>El torneo abarca las categor\u00edas Mayor Individual, Juvenil Individual, AC2, AC3, AC4, Mini, Pre Mini y Open +13, lo que garantiza una amplia participaci\u00f3n de gimnastas de diferentes edades y niveles.<\/p>\n<p>Las entradas est\u00e1n disponibles en las boleter\u00edas del estadio durante cada jornada, con un valor de $3.000 por persona y los menores de 10 a\u00f1os podr\u00e1n ingresar de forma gratuita.<\/p>\n<p><span style=\"color: #ff0000;\"><strong>Cronograma de competencia<\/strong><\/span><\/p>\n<p><span style=\"color: #ff0000;\"><strong>Jueves. 21 de Noviembre<\/strong><\/span><\/p>\n<ul>\n<li>7:30: reuni\u00f3n de jueces.<\/li>\n<li>8:30: categor\u00eda mayor individual.<\/li>\n<li>10:45: categor\u00eda juvenil individual.<\/li>\n<li>14:00: Grupo 1 de categor\u00eda AC3<\/li>\n<li>15:45: Grupo 2 de categor\u00eda AC3<\/li>\n<li>17:30: Grupo 3 de categor\u00eda AC3<\/li>\n<li>19:15: categor\u00eda Mini.<\/li>\n<\/ul>\n<p><span style=\"color: #ff0000;\"><strong>Viernes, 22 de Noviembre<\/strong><\/span><\/p>\n<ul>\n<li>8:00: reuni\u00f3n de jueces.<\/li>\n<li>9:00: Grupo 1 de categor\u00eda AC2<\/li>\n<li>10:50: Grupo 2 de categor\u00eda AC2<\/li>\n<li>12:45: Grupo 3 de categor\u00eda AC2<\/li>\n<li>15:30: categor\u00eda Pre Mini.<\/li>\n<li>16:30: d\u00faos y tr\u00edos Mini.<\/li>\n<li>17:30: d\u00faos de AC4.<\/li>\n<li>18:30: d\u00faos Open +13.<\/li>\n<li>20:00: conjuntos Mini.<\/li>\n<li>20:15: acto inaugural.<\/li>\n<\/ul>\n<p><span style=\"color: #ff0000;\">S\u00e1bado, 23 de Noviembre<\/span><\/p>\n<ul>\n<li>9:00: d\u00faos de AC2<\/li>\n<li>10:45: tr\u00edos AC2<\/li>\n<li>12:15: d\u00faos AC3<\/li>\n<li>15:00: tr\u00edos AC3<\/li>\n<li>16:30: conjuntos Open +13<\/li>\n<li>17:45: conjuntos AC4<\/li>\n<li>19:00: conjuntos AC2<\/li>\n<\/ul>\n<p><span style=\"color: #ff0000;\"><strong>Domingo, 24 de Noviembre<\/strong><\/span><\/p>\n<ul>\n<li>9:00: conjuntos AC3<\/li>\n<li>11:00: tr\u00edos Open +13<\/li>\n<li>12:15: tr\u00edos AC4.<\/li>\n<\/ul>\n<p><img loading=\"lazy\" decoding=\"async\" class=\"alignnone size-full wp-image-68844\" src=\"https:\/\/vocesparalelas.com.ar\/sitio\/wp-content\/uploads\/2024\/02\/ESTADIO-ALDO-CANTONI-02.jpg\" alt=\"\" width=\"800\" height=\"600\" srcset=\"https:\/\/vocesparalelas.com.ar\/sitio\/wp-content\/uploads\/2024\/02\/ESTADIO-ALDO-CANTONI-02.jpg 800w, https:\/\/vocesparalelas.com.ar\/sitio\/wp-content\/uploads\/2024\/02\/ESTADIO-ALDO-CANTONI-02-300x225.jpg 300w, https:\/\/vocesparalelas.com.ar\/sitio\/wp-content\/uploads\/2024\/02\/ESTADIO-ALDO-CANTONI-02-768x576.jpg 768w\" sizes=\"auto, (max-width: 800px) 100vw, 800px\" \/><\/p>\n","protected":false},"excerpt":{"rendered":"<p>La competencia se celebra por primera vez en San Juan, desde el 21 al 24 de noviembre en el Estadio<\/p>\n","protected":false},"author":3,"featured_media":79528,"comment_status":"closed","ping_status":"closed","sticky":false,"template":"","format":"standard","meta":{"_acf_changed":false,"_seopress_robots_primary_cat":"none","_seopress_titles_title":"","_seopress_titles_desc":"","_seopress_robots_index":"","colormag_page_container_layout":"default_layout","colormag_page_sidebar_layout":"default_layout","footnotes":""},"categories":[1],"tags":[],"class_list":["post-79525","post","type-post","status-publish","format-standard","has-post-thumbnail","hentry","category-destacadas"],"acf":[],"_links":{"self":[{"href":"https:\/\/vocesparalelas.com.ar\/sitio\/wp-json\/wp\/v2\/posts\/79525","targetHints":{"allow":["GET"]}}],"collection":[{"href":"https:\/\/vocesparalelas.com.ar\/sitio\/wp-json\/wp\/v2\/posts"}],"about":[{"href":"https:\/\/vocesparalelas.com.ar\/sitio\/wp-json\/wp\/v2\/types\/post"}],"author":[{"embeddable":true,"href":"https:\/\/vocesparalelas.com.ar\/sitio\/wp-json\/wp\/v2\/users\/3"}],"replies":[{"embeddable":true,"href":"https:\/\/vocesparalelas.com.ar\/sitio\/wp-json\/wp\/v2\/comments?post=79525"}],"version-history":[{"count":1,"href":"https:\/\/vocesparalelas.com.ar\/sitio\/wp-json\/wp\/v2\/posts\/79525\/revisions"}],"predecessor-version":[{"id":79529,"href":"https:\/\/vocesparalelas.com.ar\/sitio\/wp-json\/wp\/v2\/posts\/79525\/revisions\/79529"}],"wp:featuredmedia":[{"embeddable":true,"href":"https:\/\/vocesparalelas.com.ar\/sitio\/wp-json\/wp\/v2\/media\/79528"}],"wp:attachment":[{"href":"https:\/\/vocesparalelas.com.ar\/sitio\/wp-json\/wp\/v2\/media?parent=79525"}],"wp:term":[{"taxonomy":"category","embeddable":true,"href":"https:\/\/vocesparalelas.com.ar\/sitio\/wp-json\/wp\/v2\/categories?post=79525"},{"taxonomy":"post_tag","embeddable":true,"href":"https:\/\/vocesparalelas.com.ar\/sitio\/wp-json\/wp\/v2\/tags?post=79525"}],"curies":[{"name":"wp","href":"https:\/\/api.w.org\/{rel}","templated":true}]}}