{"id":79502,"date":"2024-11-22T18:25:57","date_gmt":"2024-11-22T21:25:57","guid":{"rendered":"https:\/\/vocesparalelas.com.ar\/sitio\/?p=79502"},"modified":"2024-11-22T21:27:56","modified_gmt":"2024-11-23T00:27:56","slug":"vii-asamblea-anual-del-parlamento-de-cuyo-en-mendoza","status":"publish","type":"post","link":"https:\/\/vocesparalelas.com.ar\/sitio\/vii-asamblea-anual-del-parlamento-de-cuyo-en-mendoza\/","title":{"rendered":"VII Asamblea Anual del Parlamento de Cuyo en Mendoza"},"content":{"rendered":"<p>En el marco de la conmemoraci\u00f3n del D\u00e9cimo Aniversario de la creaci\u00f3n del Parlamento de Cuyo, se celebr\u00f3 la S\u00e9ptima Asamblea Anual en la provincia de Mendoza.<\/p>\n<p>El evento cont\u00f3 con la participaci\u00f3n del vicegobernador de San Juan, Dr. Fabi\u00e1n Mart\u00edn, junto al vicepresidente primero, diputado Enzo Cornejo y los legisladores Dr. Juan de la Cruz C\u00f3rdoba, Carlos Jaime Quiroga, Alejandra Leonardo, Pedro Albagli, Emilio Escudero y Miguel Vega.<\/p>\n<p>Tambi\u00e9n asistieron autoridades y legisladores de las provincias de Mendoza y San Luis, quienes fueron parte activa de la jornada.<\/p>\n<p>Entre los presentes se destacaron la vicegobernadora de Mendoza, Dra. Hebe Casado, el presidente de la C\u00e1mara de Diputados de Mendoza, Andr\u00e9s Lombardi, el C\u00f3nsul adjunto de Chile, Sergio Marinkovic, y los ex vicegobernadores de Mendoza, Juan Carlos Jaliff y Carlos Ciurca.<\/p>\n<p>En el marco de la reuni\u00f3n, se conformaron las distintas comisiones del Parlamento de Cuyo, eligiendo sus respectivas autoridades. En este sentido se logr\u00f3 culminar exitosamente el proceso de normalizaci\u00f3n del Parlamento de Cuyo, impulsado desde la Secretar\u00eda Permanente, cumpliendo con los lineamientos de su estatuto y reafirmando su misi\u00f3n primaria: promover la integraci\u00f3n regional y el desarrollo conjunto de las provincias cuyanas.<\/p>\n<p>Una de las actividades m\u00e1s significativas fue el descubrimiento de una placa conmemorativa, en la que se destac\u00f3 el siguiente mensaje:<\/p>\n<p>\u00abParlamento de Cuyo (2014-2024) a 10 A\u00f1os de su creaci\u00f3n, ratificamos el compromiso de integraci\u00f3n regional entre las provincias de Mendoza, San Juan y San Luis, consolidando la identidad cuyana, generando legislaciones comunes y fomentando el desarrollo productivo en beneficio de nuestra sociedad\u00bb.<\/p>\n<p>Es importante recordar que, en agosto de 2014, los vicegobernadores y legisladores de las provincias de San Juan, San Luis y Mendoza decidieron la creaci\u00f3n de este espacio parlamentario.<\/p>\n<p>El objetivo consiste en desarrollar pol\u00edticas p\u00fablicas orientadas a la integraci\u00f3n regional, creando un marco normativo com\u00fan para impulsar, difundir y fortalecer acciones que favorezcan el desarrollo integral de la regi\u00f3n, optimizando los recursos naturales, promoviendo las econom\u00edas regionales y reafirmando la importancia estrat\u00e9gica de las provincias cuyanas en t\u00e9rminos de conectividad bioce\u00e1nica Atl\u00e1ntico Pac\u00edfico.<\/p>\n<p>&nbsp;<\/p>\n","protected":false},"excerpt":{"rendered":"<p>En el marco de la conmemoraci\u00f3n del D\u00e9cimo Aniversario de la creaci\u00f3n del Parlamento de Cuyo, se celebr\u00f3 la S\u00e9ptima<\/p>\n","protected":false},"author":3,"featured_media":79505,"comment_status":"closed","ping_status":"closed","sticky":false,"template":"","format":"standard","meta":{"_acf_changed":false,"_seopress_robots_primary_cat":"none","_seopress_titles_title":"","_seopress_titles_desc":"","_seopress_robots_index":"","colormag_page_container_layout":"default_layout","colormag_page_sidebar_layout":"default_layout","footnotes":""},"categories":[1],"tags":[],"class_list":["post-79502","post","type-post","status-publish","format-standard","has-post-thumbnail","hentry","category-destacadas"],"acf":[],"_links":{"self":[{"href":"https:\/\/vocesparalelas.com.ar\/sitio\/wp-json\/wp\/v2\/posts\/79502","targetHints":{"allow":["GET"]}}],"collection":[{"href":"https:\/\/vocesparalelas.com.ar\/sitio\/wp-json\/wp\/v2\/posts"}],"about":[{"href":"https:\/\/vocesparalelas.com.ar\/sitio\/wp-json\/wp\/v2\/types\/post"}],"author":[{"embeddable":true,"href":"https:\/\/vocesparalelas.com.ar\/sitio\/wp-json\/wp\/v2\/users\/3"}],"replies":[{"embeddable":true,"href":"https:\/\/vocesparalelas.com.ar\/sitio\/wp-json\/wp\/v2\/comments?post=79502"}],"version-history":[{"count":1,"href":"https:\/\/vocesparalelas.com.ar\/sitio\/wp-json\/wp\/v2\/posts\/79502\/revisions"}],"predecessor-version":[{"id":79506,"href":"https:\/\/vocesparalelas.com.ar\/sitio\/wp-json\/wp\/v2\/posts\/79502\/revisions\/79506"}],"wp:featuredmedia":[{"embeddable":true,"href":"https:\/\/vocesparalelas.com.ar\/sitio\/wp-json\/wp\/v2\/media\/79505"}],"wp:attachment":[{"href":"https:\/\/vocesparalelas.com.ar\/sitio\/wp-json\/wp\/v2\/media?parent=79502"}],"wp:term":[{"taxonomy":"category","embeddable":true,"href":"https:\/\/vocesparalelas.com.ar\/sitio\/wp-json\/wp\/v2\/categories?post=79502"},{"taxonomy":"post_tag","embeddable":true,"href":"https:\/\/vocesparalelas.com.ar\/sitio\/wp-json\/wp\/v2\/tags?post=79502"}],"curies":[{"name":"wp","href":"https:\/\/api.w.org\/{rel}","templated":true}]}}