{"id":79490,"date":"2024-11-22T18:34:36","date_gmt":"2024-11-22T21:34:36","guid":{"rendered":"https:\/\/vocesparalelas.com.ar\/sitio\/?p=79490"},"modified":"2024-11-24T23:30:21","modified_gmt":"2024-11-25T02:30:21","slug":"requisitos-para-cruzar-la-frontera-por-el-paso-de-agua-negras-desde-san-juan","status":"publish","type":"post","link":"https:\/\/vocesparalelas.com.ar\/sitio\/requisitos-para-cruzar-la-frontera-por-el-paso-de-agua-negras-desde-san-juan\/","title":{"rendered":"Requisitos para cruzar la frontera por el Paso de Agua Negras desde San Juan"},"content":{"rendered":"<p>El Ministerio de Gobierno de San Juan inform\u00f3 los requisitos para cruzar la frontera,\u00a0 por el Paso de Agua Negras entre San Juan, Rep\u00fablica Argentina y la Regi\u00f3n de Coquimbo, Rep\u00fablica de Chile.<\/p>\n<ul>\n<li>Los ciudadanos argentinos deben presentar su DNI, adem\u00e1s de una partida de nacimiento en caso de que menores viajen sin ambos padres, acompa\u00f1ada de la autorizaci\u00f3n correspondiente.<\/li>\n<li>Asimismo, se record\u00f3 que cada persona puede ingresar mercanc\u00edas desde Chile por un valor m\u00e1ximo de 300 d\u00f3lares.<\/li>\n<li>Respecto a los horarios de funcionamiento, el paso opera inicialmente de 7:00 a 17:00 desde San Juan y de 7:00 a 21:00 desde Chile, priorizando la seguridad y la visibilidad en el cruce.<\/li>\n<li>Sin embargo, hacia el final de la temporada, se eval\u00faa reducir una hora el horario operativo en funci\u00f3n de las condiciones lum\u00ednicas.<\/li>\n<\/ul>\n<p>La apertura de este corredor internacional es resultado de reuniones bilaterales entre las autoridades de San Juan y la Quinta Regi\u00f3n de Chile, encabezadas por el gobernador Marcelo Orrego y su par Darwin Ibacache. En estos encuentros se acord\u00f3 que el complejo fronterizo est\u00e9 completamente preparado para recibir a los viajeros y realizar los tr\u00e1mites necesarios.<\/p>\n<p>Adem\u00e1s, para esta temporada se han implementado mejoras significativas. Entre ellas, la instalaci\u00f3n de internet satelital Starlink, que agilizar\u00e1 la comunicaci\u00f3n y permitir\u00e1 la digitalizaci\u00f3n de declaraciones juradas. Tambi\u00e9n se anunci\u00f3 que el paso contar\u00e1 con un helipuerto, el primero en su tipo en el pa\u00eds, que garantizar\u00e1 respuestas r\u00e1pidas ante emergencias.<\/p>\n<p>El a\u00f1o pasado, m\u00e1s de 40.000 personas cruzaron el Paso de Agua Negra, con picos de tr\u00e1nsito durante la Semana Santa, cuando m\u00e1s de 6.000 viajeros utilizaron esta conexi\u00f3n binacional.\u00a0Con estas cifras, el Ministerio de Gobierno reafirma su compromiso de brindar un paso fronterizo seguro y eficiente, que fomente el desarrollo tur\u00edstico y econ\u00f3mico en la regi\u00f3n.<\/p>\n<p><img loading=\"lazy\" decoding=\"async\" class=\"alignnone size-full wp-image-55101\" src=\"https:\/\/vocesparalelas.com.ar\/sitio\/wp-content\/uploads\/2022\/12\/PASO-AGUA-NEGRA-2022-02.jpg\" alt=\"\" width=\"800\" height=\"430\" srcset=\"https:\/\/vocesparalelas.com.ar\/sitio\/wp-content\/uploads\/2022\/12\/PASO-AGUA-NEGRA-2022-02.jpg 800w, https:\/\/vocesparalelas.com.ar\/sitio\/wp-content\/uploads\/2022\/12\/PASO-AGUA-NEGRA-2022-02-300x161.jpg 300w, https:\/\/vocesparalelas.com.ar\/sitio\/wp-content\/uploads\/2022\/12\/PASO-AGUA-NEGRA-2022-02-768x413.jpg 768w\" sizes=\"auto, (max-width: 800px) 100vw, 800px\" \/><\/p>\n","protected":false},"excerpt":{"rendered":"<p>El Ministerio de Gobierno de San Juan inform\u00f3 los requisitos para cruzar la frontera,\u00a0 por el Paso de Agua Negras<\/p>\n","protected":false},"author":3,"featured_media":9161,"comment_status":"closed","ping_status":"closed","sticky":false,"template":"","format":"standard","meta":{"_acf_changed":false,"_seopress_robots_primary_cat":"none","_seopress_titles_title":"","_seopress_titles_desc":"","_seopress_robots_index":"","colormag_page_container_layout":"default_layout","colormag_page_sidebar_layout":"default_layout","footnotes":""},"categories":[6],"tags":[],"class_list":["post-79490","post","type-post","status-publish","format-standard","has-post-thumbnail","hentry","category-eventos"],"acf":[],"_links":{"self":[{"href":"https:\/\/vocesparalelas.com.ar\/sitio\/wp-json\/wp\/v2\/posts\/79490","targetHints":{"allow":["GET"]}}],"collection":[{"href":"https:\/\/vocesparalelas.com.ar\/sitio\/wp-json\/wp\/v2\/posts"}],"about":[{"href":"https:\/\/vocesparalelas.com.ar\/sitio\/wp-json\/wp\/v2\/types\/post"}],"author":[{"embeddable":true,"href":"https:\/\/vocesparalelas.com.ar\/sitio\/wp-json\/wp\/v2\/users\/3"}],"replies":[{"embeddable":true,"href":"https:\/\/vocesparalelas.com.ar\/sitio\/wp-json\/wp\/v2\/comments?post=79490"}],"version-history":[{"count":3,"href":"https:\/\/vocesparalelas.com.ar\/sitio\/wp-json\/wp\/v2\/posts\/79490\/revisions"}],"predecessor-version":[{"id":79495,"href":"https:\/\/vocesparalelas.com.ar\/sitio\/wp-json\/wp\/v2\/posts\/79490\/revisions\/79495"}],"wp:featuredmedia":[{"embeddable":true,"href":"https:\/\/vocesparalelas.com.ar\/sitio\/wp-json\/wp\/v2\/media\/9161"}],"wp:attachment":[{"href":"https:\/\/vocesparalelas.com.ar\/sitio\/wp-json\/wp\/v2\/media?parent=79490"}],"wp:term":[{"taxonomy":"category","embeddable":true,"href":"https:\/\/vocesparalelas.com.ar\/sitio\/wp-json\/wp\/v2\/categories?post=79490"},{"taxonomy":"post_tag","embeddable":true,"href":"https:\/\/vocesparalelas.com.ar\/sitio\/wp-json\/wp\/v2\/tags?post=79490"}],"curies":[{"name":"wp","href":"https:\/\/api.w.org\/{rel}","templated":true}]}}