{"id":79479,"date":"2024-11-22T12:57:04","date_gmt":"2024-11-22T15:57:04","guid":{"rendered":"https:\/\/vocesparalelas.com.ar\/sitio\/?p=79479"},"modified":"2024-11-22T12:57:04","modified_gmt":"2024-11-22T15:57:04","slug":"inauguraron-la-delegacion-del-registro-civil-departamento-iglesia-de-san-juan","status":"publish","type":"post","link":"https:\/\/vocesparalelas.com.ar\/sitio\/inauguraron-la-delegacion-del-registro-civil-departamento-iglesia-de-san-juan\/","title":{"rendered":"Inauguraron la Delegaci\u00f3n del Registro Civil, Departamento Iglesia de San Juan\u00a0"},"content":{"rendered":"<p>El gobernador de San Juan, Dr. Marcelo Orrego presidi\u00f3 la inauguraci\u00f3n de la sede de la Direcci\u00f3n del Registro del Estado Civil y Capacidad de las Personas en la localidad Las Flores, Departamento Iglesia.<\/p>\n<p>Gracias a esta acci\u00f3n, los vecinos de la zona Sur del departamento pueden acceder con mayor comodidad y cercan\u00eda a los diversos tr\u00e1mites y servicios que este organismo ofrece.<\/p>\n<p>En este sentido, gobernador de San Juan, Dr. Marcelo Orrego\u00a0 celebr\u00f3 la implementaci\u00f3n, y expres\u00f3: \u201cApenas tuvimos la posibilidad, tomamos la decisi\u00f3n de llevar adelante esta acci\u00f3n para beneficiar a todos los iglesianos, y estoy convencido de que lo aprovechar\u00e1n al m\u00e1ximo. Esto nos permite ser un Gobierno cercano a la gente, que sabe escuchar y que act\u00faa con celeridad\u201d.<\/p>\n<p>Por su parte, la ministra de Gobierno, Laura Palma, afirm\u00f3: \u201cEl Registro Civil acompa\u00f1a a los ciudadanos en todos los tr\u00e1mites necesarios de la vida cotidiana desde el d\u00eda que nacen y hasta el fallecimiento. No es un servicio administrativo m\u00e1s, y Las Flores ahora cuenta con una oficina completamente digital dotada de moderna tecnolog\u00eda para que todos los vecinos que acudan se vayan con una soluci\u00f3n\u201d.<\/p>\n<p>La nueva delegaci\u00f3n funciona en el Centro Integrador Comunitario (C.I.C) de Las Flores, ubicado en la intersecci\u00f3n de calles Santa Mar\u00eda de Oro y Sarmiento, donde tambi\u00e9n funciona una sucursal de San Juan Servicios, lo que facilitar\u00e1 realizar los pagos de ley que requiera cada tr\u00e1mite. Estar\u00e1 a cargo de esta sede el oficial p\u00fablico Marcelo Daniel Cueva, quien trabaj\u00f3 como agente en el Registro Civil de Rodeo desde el a\u00f1o 2009, hasta que fue asignado a este nuevo cargo.<\/p>\n<p><img loading=\"lazy\" decoding=\"async\" class=\"alignnone size-full wp-image-79483\" src=\"https:\/\/vocesparalelas.com.ar\/sitio\/wp-content\/uploads\/2024\/11\/IGLESIA-REGISTRO-02.jpg\" alt=\"\" width=\"800\" height=\"533\" srcset=\"https:\/\/vocesparalelas.com.ar\/sitio\/wp-content\/uploads\/2024\/11\/IGLESIA-REGISTRO-02.jpg 800w, https:\/\/vocesparalelas.com.ar\/sitio\/wp-content\/uploads\/2024\/11\/IGLESIA-REGISTRO-02-300x200.jpg 300w, https:\/\/vocesparalelas.com.ar\/sitio\/wp-content\/uploads\/2024\/11\/IGLESIA-REGISTRO-02-768x512.jpg 768w\" sizes=\"auto, (max-width: 800px) 100vw, 800px\" \/><\/p>\n<p>Vale destacar que el departamento Iglesia cuenta con una poblaci\u00f3n de 8.845 habitantes seg\u00fan el \u00faltimo censo que realiz\u00f3 el Instituto Nacional de Estad\u00edsticas y Censos (Indec) en el a\u00f1o 2022 y, hasta la fecha, solo contaba con una sola sede del Registro Civil ubicada en la localidad Rodeo. Ahora, con esta nueva delegaci\u00f3n, vecinos de localidades como Bella Vista y Villa Iglesia, entre otras, contar\u00e1n con una oficina m\u00e1s cerca de sus hogares. De este modo, el Gobierno de San Juan apunta a garantizar el acceso a tr\u00e1mites registrales e identificatorios de todos los ciudadanos.<\/p>\n<p>Entre las acciones llevadas a cabo para esta apertura, se destacan las gestiones internas realizadas entre todas las divisiones de la Direcci\u00f3n del Registro del Estado Civil y Capacidad de las Personas, y las conjuntas con el intendente de Iglesia, Jorge Espejo; el Concejo Deliberante de Iglesia; y el responsable del C.I.C, Facundo Mondaca. Gracias a estos trabajos, se aceleraron las actuaciones administrativas para lograr el pr\u00e9stamo en comodato del edificio donde se ubica la nueva delegaci\u00f3n, se provey\u00f3 del mobiliario necesario para el normal funcionamiento de la oficina, y se dictaron las correctas capacitaciones sobre los nuevos sistemas registrales a todo el personal.<\/p>\n<p>Adem\u00e1s de Orrego, Palma y Espejo, del acto tambi\u00e9n participaron el ministro de Producci\u00f3n, Trabajo e Innovaci\u00f3n, Gustavo Fern\u00e1ndez; el ministro de Infraestructura, Agua y Energ\u00eda, Fernando Perea; la directora del Registro Civil, Ver\u00f3nica Benedetto; la subdirectora del Registro Civil, Mar\u00eda Eugenia Gonz\u00e1lez; la secretaria de Relaciones Institucionales, Claudia Sarmiento; el diputado provincial, Carlos Jaime; el presidente del Concejo Deliberante, Enrique Mu\u00f1oz; concejales de Iglesia; y miembros de las fuerzas de seguridad Gendarmer\u00eda Nacional y Polic\u00eda de San Juan.<\/p>\n<p><img loading=\"lazy\" decoding=\"async\" class=\"alignnone size-full wp-image-65642\" src=\"https:\/\/vocesparalelas.com.ar\/sitio\/wp-content\/uploads\/2023\/11\/GOBIERNO-SAN-JUAN.jpg\" alt=\"\" width=\"800\" height=\"600\" srcset=\"https:\/\/vocesparalelas.com.ar\/sitio\/wp-content\/uploads\/2023\/11\/GOBIERNO-SAN-JUAN.jpg 800w, https:\/\/vocesparalelas.com.ar\/sitio\/wp-content\/uploads\/2023\/11\/GOBIERNO-SAN-JUAN-300x225.jpg 300w, https:\/\/vocesparalelas.com.ar\/sitio\/wp-content\/uploads\/2023\/11\/GOBIERNO-SAN-JUAN-768x576.jpg 768w\" sizes=\"auto, (max-width: 800px) 100vw, 800px\" \/><\/p>\n","protected":false},"excerpt":{"rendered":"<p>El gobernador de San Juan, Dr. Marcelo Orrego presidi\u00f3 la inauguraci\u00f3n de la sede de la Direcci\u00f3n del Registro del<\/p>\n","protected":false},"author":3,"featured_media":79482,"comment_status":"closed","ping_status":"closed","sticky":false,"template":"","format":"standard","meta":{"_acf_changed":false,"_seopress_robots_primary_cat":"none","_seopress_titles_title":"","_seopress_titles_desc":"","_seopress_robots_index":"","colormag_page_container_layout":"default_layout","colormag_page_sidebar_layout":"default_layout","footnotes":""},"categories":[1],"tags":[],"class_list":["post-79479","post","type-post","status-publish","format-standard","has-post-thumbnail","hentry","category-destacadas"],"acf":[],"_links":{"self":[{"href":"https:\/\/vocesparalelas.com.ar\/sitio\/wp-json\/wp\/v2\/posts\/79479","targetHints":{"allow":["GET"]}}],"collection":[{"href":"https:\/\/vocesparalelas.com.ar\/sitio\/wp-json\/wp\/v2\/posts"}],"about":[{"href":"https:\/\/vocesparalelas.com.ar\/sitio\/wp-json\/wp\/v2\/types\/post"}],"author":[{"embeddable":true,"href":"https:\/\/vocesparalelas.com.ar\/sitio\/wp-json\/wp\/v2\/users\/3"}],"replies":[{"embeddable":true,"href":"https:\/\/vocesparalelas.com.ar\/sitio\/wp-json\/wp\/v2\/comments?post=79479"}],"version-history":[{"count":1,"href":"https:\/\/vocesparalelas.com.ar\/sitio\/wp-json\/wp\/v2\/posts\/79479\/revisions"}],"predecessor-version":[{"id":79484,"href":"https:\/\/vocesparalelas.com.ar\/sitio\/wp-json\/wp\/v2\/posts\/79479\/revisions\/79484"}],"wp:featuredmedia":[{"embeddable":true,"href":"https:\/\/vocesparalelas.com.ar\/sitio\/wp-json\/wp\/v2\/media\/79482"}],"wp:attachment":[{"href":"https:\/\/vocesparalelas.com.ar\/sitio\/wp-json\/wp\/v2\/media?parent=79479"}],"wp:term":[{"taxonomy":"category","embeddable":true,"href":"https:\/\/vocesparalelas.com.ar\/sitio\/wp-json\/wp\/v2\/categories?post=79479"},{"taxonomy":"post_tag","embeddable":true,"href":"https:\/\/vocesparalelas.com.ar\/sitio\/wp-json\/wp\/v2\/tags?post=79479"}],"curies":[{"name":"wp","href":"https:\/\/api.w.org\/{rel}","templated":true}]}}