{"id":79460,"date":"2024-11-21T23:33:46","date_gmt":"2024-11-22T02:33:46","guid":{"rendered":"https:\/\/vocesparalelas.com.ar\/sitio\/?p=79460"},"modified":"2024-11-23T22:50:13","modified_gmt":"2024-11-24T01:50:13","slug":"intervenciones-celebramos-la-musica-los-coros-de-la-ffha-de-la-unsj","status":"publish","type":"post","link":"https:\/\/vocesparalelas.com.ar\/sitio\/intervenciones-celebramos-la-musica-los-coros-de-la-ffha-de-la-unsj\/","title":{"rendered":"Intervenciones \u201cCelebramos la M\u00fasica\u201d los coros de la FFHA de la UNSJ"},"content":{"rendered":"<p>Las formaciones del Centro de Creaci\u00f3n Art\u00edstica Coral perteneciente a la Facultad de Filosof\u00eda, Humanidades y Artes de la Universidad Nacional de San Juan, participan con intervenciones \u201cCelebramos la M\u00fasica\u201d.<\/p>\n<p>El evento organizado por el Centro de Creaci\u00f3n Art\u00edstica Coral, tiene como objetivo celebrar el d\u00eda de la m\u00fasica.<\/p>\n<p><strong><span style=\"color: #ff6600;\">Coros<\/span><\/strong><\/p>\n<ul>\n<li>Coro Universitario<\/li>\n<li>Coro de Ni\u00f1os y J\u00f3venes<\/li>\n<li>Coro Vocacional<\/li>\n<\/ul>\n<p><strong><span style=\"color: #ff6600;\">Intervenciones<\/span><\/strong><\/p>\n<ul>\n<li>Hiper Libertad<\/li>\n<li>Patio Alvear<\/li>\n<li>Viernes, 22; S\u00e1bado, 23 y Domingo, 24 de Noviembre, en horas de la ma\u00f1ana y de la noche.<\/li>\n<\/ul>\n<p><strong><span style=\"color: #ff6600;\">Cronograma<\/span><\/strong><\/p>\n<ul>\n<li>Coros de Ni\u00f1os Preparatorio y el Coro de Ni\u00f1os y J\u00f3venes<\/li>\n<li>S\u00e1bado, 23 de Noviembre, en el Hiper Libertad<\/li>\n<\/ul>\n<p>&#8211; a las 11; Los Jilgueritos,<\/p>\n<p>&#8211; a las 12 hs.; Coro de Ni\u00f1os Preparatorio<\/p>\n<p>&#8211; a las 13 horas, Coro de Ni\u00f1os y J\u00f3venes,<\/p>\n<ul>\n<li>Coro Vocacional y el Coro Universitario<\/li>\n<li>Viernes, 22 y Domingo, 24 de Noviembre, en el Patio Alvear, a las 20.30 hs.<\/li>\n<\/ul>\n<p>Las formaciones corales presentan los repertorios trabajados durante el a\u00f1o y se colocan en los distintos ingresos de los centros comerciales con el objetivo de sorprender a las personas que acudan a esos lugares.<\/p>\n<p><iframe loading=\"lazy\" title=\"UNSJ CONCIERTO GALA 50\u00b0ANIVERSARIO UNSJ\" width=\"800\" height=\"450\" src=\"https:\/\/www.youtube.com\/embed\/lXqSLVnloGE?feature=oembed\" frameborder=\"0\" allow=\"accelerometer; autoplay; clipboard-write; encrypted-media; gyroscope; picture-in-picture; web-share\" referrerpolicy=\"strict-origin-when-cross-origin\" allowfullscreen><\/iframe><\/p>\n<p>El director de los Coros de Ni\u00f1os, Prof. Jorge Fuentes explic\u00f3 que \u00abel objetivo es llevar la m\u00fasica a todas partes y contrariamente al dicho con la m\u00fasica otra parte. Nosotros pensamos que la m\u00fasica est\u00e1 en todas partes. La m\u00fasica es parte de nosotros y por lo general a los eventos art\u00edsticos musicales se los asocia a un escenario, pero la m\u00fasica est\u00e1 en todas partes. Entonces nosotros vamos a ir ad\u00f3nde va la gente, a hacer otras cosas\u00a0 y se van a encontrar con nosotros haciendo m\u00fasica, son espacios donde la gente no espera encontrarse eso\u201d.<\/p>\n<p>\u201cEn esta oportunidad, van a cantar los tres coros: los Jilgueritos, el Coro de Ni\u00f1os Preparatorio y el Coro de Ni\u00f1os y J\u00f3venes en el Hiper Libertad. Cada uno a una hora, a las 11, a las 12 y a las 13 hs. Lo haremos as\u00ed porque en total van a ser aproximadamente 150 ni\u00f1os y por una cuesti\u00f3n de seguridad no podemos cortar las pasadas, por eso no cantan los tres coros juntos\u00bb.<\/p>\n<p>Por otro lado los otros dos Coros: el Vocacional y el Universitario act\u00faan los d\u00edas restantes, en el Patio Alvear, alrededor de las 20.30 hs.<\/p>\n<p>Desde el Centro de Creaci\u00f3n Art\u00edstica Coral manifestaron que tambi\u00e9n tienen pensado realizar este tipo de conciertos desestructurados, interpretando villancicos m\u00e1s cerca de las festividades navide\u00f1as.<\/p>\n<p><img loading=\"lazy\" decoding=\"async\" class=\"alignnone size-large wp-image-43889\" src=\"https:\/\/vocesparalelas.com.ar\/sitio\/wp-content\/uploads\/2021\/11\/FFHA-FRENTE-1-800x600.jpg\" alt=\"\" width=\"800\" height=\"600\" srcset=\"https:\/\/vocesparalelas.com.ar\/sitio\/wp-content\/uploads\/2021\/11\/FFHA-FRENTE-1-800x600.jpg 800w, https:\/\/vocesparalelas.com.ar\/sitio\/wp-content\/uploads\/2021\/11\/FFHA-FRENTE-1-300x225.jpg 300w, https:\/\/vocesparalelas.com.ar\/sitio\/wp-content\/uploads\/2021\/11\/FFHA-FRENTE-1-768x576.jpg 768w, https:\/\/vocesparalelas.com.ar\/sitio\/wp-content\/uploads\/2021\/11\/FFHA-FRENTE-1.jpg 1024w\" sizes=\"auto, (max-width: 800px) 100vw, 800px\" \/><\/p>\n","protected":false},"excerpt":{"rendered":"<p>Las formaciones del Centro de Creaci\u00f3n Art\u00edstica Coral perteneciente a la Facultad de Filosof\u00eda, Humanidades y Artes de la Universidad<\/p>\n","protected":false},"author":3,"featured_media":64507,"comment_status":"closed","ping_status":"closed","sticky":false,"template":"","format":"standard","meta":{"_acf_changed":false,"_seopress_robots_primary_cat":"none","_seopress_titles_title":"","_seopress_titles_desc":"","_seopress_robots_index":"","colormag_page_container_layout":"default_layout","colormag_page_sidebar_layout":"default_layout","footnotes":""},"categories":[20,7],"tags":[],"class_list":["post-79460","post","type-post","status-publish","format-standard","has-post-thumbnail","hentry","category-cartelera","category-videos"],"acf":[],"_links":{"self":[{"href":"https:\/\/vocesparalelas.com.ar\/sitio\/wp-json\/wp\/v2\/posts\/79460","targetHints":{"allow":["GET"]}}],"collection":[{"href":"https:\/\/vocesparalelas.com.ar\/sitio\/wp-json\/wp\/v2\/posts"}],"about":[{"href":"https:\/\/vocesparalelas.com.ar\/sitio\/wp-json\/wp\/v2\/types\/post"}],"author":[{"embeddable":true,"href":"https:\/\/vocesparalelas.com.ar\/sitio\/wp-json\/wp\/v2\/users\/3"}],"replies":[{"embeddable":true,"href":"https:\/\/vocesparalelas.com.ar\/sitio\/wp-json\/wp\/v2\/comments?post=79460"}],"version-history":[{"count":4,"href":"https:\/\/vocesparalelas.com.ar\/sitio\/wp-json\/wp\/v2\/posts\/79460\/revisions"}],"predecessor-version":[{"id":79466,"href":"https:\/\/vocesparalelas.com.ar\/sitio\/wp-json\/wp\/v2\/posts\/79460\/revisions\/79466"}],"wp:featuredmedia":[{"embeddable":true,"href":"https:\/\/vocesparalelas.com.ar\/sitio\/wp-json\/wp\/v2\/media\/64507"}],"wp:attachment":[{"href":"https:\/\/vocesparalelas.com.ar\/sitio\/wp-json\/wp\/v2\/media?parent=79460"}],"wp:term":[{"taxonomy":"category","embeddable":true,"href":"https:\/\/vocesparalelas.com.ar\/sitio\/wp-json\/wp\/v2\/categories?post=79460"},{"taxonomy":"post_tag","embeddable":true,"href":"https:\/\/vocesparalelas.com.ar\/sitio\/wp-json\/wp\/v2\/tags?post=79460"}],"curies":[{"name":"wp","href":"https:\/\/api.w.org\/{rel}","templated":true}]}}