{"id":79455,"date":"2024-11-21T20:03:17","date_gmt":"2024-11-21T23:03:17","guid":{"rendered":"https:\/\/vocesparalelas.com.ar\/sitio\/?p=79455"},"modified":"2024-11-21T23:06:07","modified_gmt":"2024-11-22T02:06:07","slug":"las-comisiones-de-la-camara-de-diputados-de-san-juan-continuan-trabajando-sobre-el-proyecto-de-regulacion-del-juego-en-linea","status":"publish","type":"post","link":"https:\/\/vocesparalelas.com.ar\/sitio\/las-comisiones-de-la-camara-de-diputados-de-san-juan-continuan-trabajando-sobre-el-proyecto-de-regulacion-del-juego-en-linea\/","title":{"rendered":"Las Comisiones de la C\u00e1mara de Diputados de San Juan contin\u00faan trabajando sobre el proyecto de regulaci\u00f3n del juego en l\u00ednea"},"content":{"rendered":"<p>Las comisiones de Salud y Discapacidad, y Legislaci\u00f3n y Asuntos Constitucionales de la C\u00e1mara de Diputados de San Juan, mantuvieron una reuni\u00f3n ampliada y profundizaron la discusi\u00f3n.<\/p>\n<p>Participaron del encuentro los presidentes de ambas comisiones, Juan de la Cruz C\u00f3rdoba y Gustavo Nu\u00f1ez; los diputados integrantes Franco Aranda, Pedro Albagli, Stella Caparros, Fernanda Paredes, M\u00f3nica Gonz\u00e1lez, Alejandra Leonardo, Marta Gramajo, Enzo Cornejo y Sonia Ferreyra; y los legisladores Horacio Quiroga, Marisa L\u00f3pez y Mar\u00eda Rita Lascano, quienes quisieron participar del debate.<\/p>\n<p>Asistieron nuevamente para dar detalles y explicar dudas el presidente de la Caja de Acci\u00f3n Social, Dr. Juan Pablo Medina; y el titular del Comit\u00e9 de Control y Fiscalizaci\u00f3n, Dr. Daniel Plana.<\/p>\n<p>Durante la reuni\u00f3n realizada en el Edificio Anexo de la Legislatura Provincial, repasaron cada uno de los art\u00edculos, expusieron las mejoras posibles de ser realizadas y propusieron continuar el debate el Lunes, 25 de Noviembre.<\/p>\n<p>La propuesta final se est\u00e1 trabajando sobre la base de dos Expedientes presentas, el N\u00ba 1982 remitido por el Poder Ejecutivo, y el N\u00ba 1981 presentado por el diputado Franco Aranda.<\/p>\n<figure id=\"attachment_37951\" aria-describedby=\"caption-attachment-37951\" style=\"width: 800px\" class=\"wp-caption alignnone\"><img loading=\"lazy\" decoding=\"async\" class=\"size-full wp-image-37951\" src=\"https:\/\/vocesparalelas.com.ar\/sitio\/wp-content\/uploads\/2021\/05\/CAMARA-EDIFICIO.jpg\" alt=\"\" width=\"800\" height=\"515\" srcset=\"https:\/\/vocesparalelas.com.ar\/sitio\/wp-content\/uploads\/2021\/05\/CAMARA-EDIFICIO.jpg 800w, https:\/\/vocesparalelas.com.ar\/sitio\/wp-content\/uploads\/2021\/05\/CAMARA-EDIFICIO-300x193.jpg 300w, https:\/\/vocesparalelas.com.ar\/sitio\/wp-content\/uploads\/2021\/05\/CAMARA-EDIFICIO-768x494.jpg 768w\" sizes=\"auto, (max-width: 800px) 100vw, 800px\" \/><figcaption id=\"caption-attachment-37951\" class=\"wp-caption-text\">Legislatura Provincial de San Juan, Rep\u00fablica Argentina<\/figcaption><\/figure>\n","protected":false},"excerpt":{"rendered":"<p>Las comisiones de Salud y Discapacidad, y Legislaci\u00f3n y Asuntos Constitucionales de la C\u00e1mara de Diputados de San Juan, mantuvieron<\/p>\n","protected":false},"author":3,"featured_media":79459,"comment_status":"closed","ping_status":"closed","sticky":false,"template":"","format":"standard","meta":{"_acf_changed":false,"_seopress_robots_primary_cat":"none","_seopress_titles_title":"","_seopress_titles_desc":"","_seopress_robots_index":"","colormag_page_container_layout":"default_layout","colormag_page_sidebar_layout":"default_layout","footnotes":""},"categories":[1],"tags":[],"class_list":["post-79455","post","type-post","status-publish","format-standard","has-post-thumbnail","hentry","category-destacadas"],"acf":[],"_links":{"self":[{"href":"https:\/\/vocesparalelas.com.ar\/sitio\/wp-json\/wp\/v2\/posts\/79455","targetHints":{"allow":["GET"]}}],"collection":[{"href":"https:\/\/vocesparalelas.com.ar\/sitio\/wp-json\/wp\/v2\/posts"}],"about":[{"href":"https:\/\/vocesparalelas.com.ar\/sitio\/wp-json\/wp\/v2\/types\/post"}],"author":[{"embeddable":true,"href":"https:\/\/vocesparalelas.com.ar\/sitio\/wp-json\/wp\/v2\/users\/3"}],"replies":[{"embeddable":true,"href":"https:\/\/vocesparalelas.com.ar\/sitio\/wp-json\/wp\/v2\/comments?post=79455"}],"version-history":[{"count":1,"href":"https:\/\/vocesparalelas.com.ar\/sitio\/wp-json\/wp\/v2\/posts\/79455\/revisions"}],"predecessor-version":[{"id":79458,"href":"https:\/\/vocesparalelas.com.ar\/sitio\/wp-json\/wp\/v2\/posts\/79455\/revisions\/79458"}],"wp:featuredmedia":[{"embeddable":true,"href":"https:\/\/vocesparalelas.com.ar\/sitio\/wp-json\/wp\/v2\/media\/79459"}],"wp:attachment":[{"href":"https:\/\/vocesparalelas.com.ar\/sitio\/wp-json\/wp\/v2\/media?parent=79455"}],"wp:term":[{"taxonomy":"category","embeddable":true,"href":"https:\/\/vocesparalelas.com.ar\/sitio\/wp-json\/wp\/v2\/categories?post=79455"},{"taxonomy":"post_tag","embeddable":true,"href":"https:\/\/vocesparalelas.com.ar\/sitio\/wp-json\/wp\/v2\/tags?post=79455"}],"curies":[{"name":"wp","href":"https:\/\/api.w.org\/{rel}","templated":true}]}}