{"id":79437,"date":"2024-11-21T20:26:06","date_gmt":"2024-11-21T23:26:06","guid":{"rendered":"https:\/\/vocesparalelas.com.ar\/sitio\/?p=79437"},"modified":"2024-11-21T20:26:31","modified_gmt":"2024-11-21T23:26:31","slug":"169-asamblea-del-consejo-federal-del-turismo-argentina-en-cordoba","status":"publish","type":"post","link":"https:\/\/vocesparalelas.com.ar\/sitio\/169-asamblea-del-consejo-federal-del-turismo-argentina-en-cordoba\/","title":{"rendered":"169\u00b0 Asamblea del Consejo Federal del Turismo Argentina en C\u00f3rdoba"},"content":{"rendered":"<p>El Ministro de Turismo, Cultura y Deporte del Gobierno de San Juan, Dr. Guido Romero particip\u00f3 de la 169 \u00ba Asamblea del Consejo Federal del Turismo y del Foro Nacional del Turismo 2024. Estas acciones re\u00fanen a los ministros y secretarios de turismo de todo el pa\u00eds para delinear acciones que se realizar\u00e1n en el \u00e1rea de turismo a lo largo del 2025.<\/p>\n<p>la Asamblea Ordinaria estuvo encabezada por el Secretario de Turismo, Ambiente y Deportes de la Vicejefatura de Gabinete del Interior de Argentina, Daniel Scioli que estuvo acompa\u00f1ado por su equipo de gabinete. Tambi\u00e9n se encontraron presentes los representantes de las 24 provincias con sus equipos t\u00e9cnicos.<\/p>\n<p>Los temas que se trataron en la asamblea fueron sobre promoci\u00f3n tur\u00edstica, inversiones tur\u00edsticas privadas, el desarrollo de la Ruta Sanmartiniana a cargo de la Regi\u00f3n Cuyo, y un documental que se desarrollar\u00e1 sobre Ruta 40 a trav\u00e9s de IMPROTUR.<\/p>\n<p>Con respecto a la Ruta Sanmartiniana el Ministro de Turismo, Cultura y Deporte del Gobierno de San Juan, Dr. Guido Romero explic\u00f3 que \u201cpara San Juan es un honor formar parte de este proyecto. Fue uno de los primeros ejes de gesti\u00f3n que trabajamos para que la Regi\u00f3n Cuyo crezca y se puedan potenciar las individualidades de cada provincia. Tambi\u00e9n tenemos que destacar la apertura del proyecto a otras jurisdicciones ya que San Mart\u00edn estuvo en todo el pa\u00eds. Adem\u00e1s, destaco la impronta sanmartiniana ya que el Pasaporte Sanmartiniano se basa en la figura pol\u00edtica, militar y la gesta libertadora.<\/p>\n<p>Por otro lado, tambi\u00e9n hizo referencia al trabajo que se ha realizado para mejorar la conectividad en San Juan. \u201cPor primera vez logramos que una empresa a\u00e9rea Low Cost tome las rutas de San Juan. Con esto mejoramos la competitividad de la provincia en t\u00e9rminos tur\u00edsticos. El objetivo es seguir creciendo en la conectividad a\u00e9rea\u201d.<\/p>\n<p>Cabe destacar que la Asamblea Ordinaria del CFT se realiz\u00f3 en la provincia de C\u00f3rdoba y convoc\u00f3 a las m\u00e1ximas autoridades del turismo del sector p\u00fablico y privado.<\/p>\n<p>&nbsp;<\/p>\n<p>&nbsp;<\/p>\n","protected":false},"excerpt":{"rendered":"<p>El Ministro de Turismo, Cultura y Deporte del Gobierno de San Juan, Dr. Guido Romero particip\u00f3 de la 169 \u00ba<\/p>\n","protected":false},"author":3,"featured_media":79440,"comment_status":"closed","ping_status":"closed","sticky":false,"template":"","format":"standard","meta":{"_acf_changed":false,"_seopress_robots_primary_cat":"none","_seopress_titles_title":"","_seopress_titles_desc":"","_seopress_robots_index":"","colormag_page_container_layout":"default_layout","colormag_page_sidebar_layout":"default_layout","footnotes":""},"categories":[1],"tags":[],"class_list":["post-79437","post","type-post","status-publish","format-standard","has-post-thumbnail","hentry","category-destacadas"],"acf":[],"_links":{"self":[{"href":"https:\/\/vocesparalelas.com.ar\/sitio\/wp-json\/wp\/v2\/posts\/79437","targetHints":{"allow":["GET"]}}],"collection":[{"href":"https:\/\/vocesparalelas.com.ar\/sitio\/wp-json\/wp\/v2\/posts"}],"about":[{"href":"https:\/\/vocesparalelas.com.ar\/sitio\/wp-json\/wp\/v2\/types\/post"}],"author":[{"embeddable":true,"href":"https:\/\/vocesparalelas.com.ar\/sitio\/wp-json\/wp\/v2\/users\/3"}],"replies":[{"embeddable":true,"href":"https:\/\/vocesparalelas.com.ar\/sitio\/wp-json\/wp\/v2\/comments?post=79437"}],"version-history":[{"count":2,"href":"https:\/\/vocesparalelas.com.ar\/sitio\/wp-json\/wp\/v2\/posts\/79437\/revisions"}],"predecessor-version":[{"id":79442,"href":"https:\/\/vocesparalelas.com.ar\/sitio\/wp-json\/wp\/v2\/posts\/79437\/revisions\/79442"}],"wp:featuredmedia":[{"embeddable":true,"href":"https:\/\/vocesparalelas.com.ar\/sitio\/wp-json\/wp\/v2\/media\/79440"}],"wp:attachment":[{"href":"https:\/\/vocesparalelas.com.ar\/sitio\/wp-json\/wp\/v2\/media?parent=79437"}],"wp:term":[{"taxonomy":"category","embeddable":true,"href":"https:\/\/vocesparalelas.com.ar\/sitio\/wp-json\/wp\/v2\/categories?post=79437"},{"taxonomy":"post_tag","embeddable":true,"href":"https:\/\/vocesparalelas.com.ar\/sitio\/wp-json\/wp\/v2\/tags?post=79437"}],"curies":[{"name":"wp","href":"https:\/\/api.w.org\/{rel}","templated":true}]}}