{"id":79412,"date":"2024-11-21T14:06:24","date_gmt":"2024-11-21T17:06:24","guid":{"rendered":"https:\/\/vocesparalelas.com.ar\/sitio\/?p=79412"},"modified":"2024-11-23T04:40:46","modified_gmt":"2024-11-23T07:40:46","slug":"pilar-impuso-el-nombre-al-potrillo-apolo-hijo-de-leyenda-nuevo-integrante-de-la-policia-de-san-juan","status":"publish","type":"post","link":"https:\/\/vocesparalelas.com.ar\/sitio\/pilar-impuso-el-nombre-al-potrillo-apolo-hijo-de-leyenda-nuevo-integrante-de-la-policia-de-san-juan\/","title":{"rendered":"Pilar impuso el nombre al potrillo \u00abApolo\u00bb, hijo de Leyenda, nuevo integrante de la Polic\u00eda de San Juan"},"content":{"rendered":"<p>La Polic\u00eda de San Juan convoc\u00f3 a la poblaci\u00f3n de los ni\u00f1os para imponer un nombre al nuevo integrante de la Fuerza de Seguridad.<\/p>\n<p>La nueva incorporaci\u00f3n naci\u00f3 el 28 de Octubre de 2024, a las 01:35 horas, hijo de la yegua Leyenda, quien necesita ser identificado.<\/p>\n<p>Para ello. el ni\u00f1o participante deb\u00eda realizar un dibujo del querido nacido y la propuesta del nombre. Es as\u00ed que ya se obtuvo una ganadora Pilar, 9 a\u00f1os y le impuso el nombre al potrillo Apolo y su deseo es que \u00absea un caballito muy bueno y que sirva a la sociedad\u00bb.<\/p>\n<p><strong><span style=\"color: #ff6600;\">Otra opci\u00f3n de ver el video<\/span><\/strong><\/p>\n<p><a href=\"https:\/\/www.facebook.com\/share\/v\/18HfCyq5vv\/\">https:\/\/www.facebook.com\/share\/v\/18HfCyq5vv\/<\/a><\/p>\n<p>Adem\u00e1s, el Comisario Alfredo Ramos, es el responsable de coordinar el adiestramiento de Apolo, quien por el momento tiene que ganar confianza con las personas y dentro de dos o tres a\u00f1os cuando crezca y sea fuerte comenzar\u00e1 la etapa de doma y de muchos aprendizajes m\u00e1s.<\/p>\n<p><iframe loading=\"lazy\" title=\"POLICIA SAN JUAN MONTADA\" width=\"800\" height=\"450\" src=\"https:\/\/www.youtube.com\/embed\/_Slfn79hGWQ?feature=oembed\" frameborder=\"0\" allow=\"accelerometer; autoplay; clipboard-write; encrypted-media; gyroscope; picture-in-picture; web-share\" referrerpolicy=\"strict-origin-when-cross-origin\" allowfullscreen><\/iframe><\/p>\n<p>Es importante que,\u00a0el jefe de la Montada de la Polic\u00eda de San Juan, Subcomisario Gabriel Cortez , quien es el responsable del camino a seguir con \u00abApolo\u00bb.<\/p>\n<p>Tambi\u00e9n, Apolo debe convertirse en un caballo de monta y de exhibici\u00f3n para que los ni\u00f1os y la familia los avances logrados en el tiempo.<\/p>\n<p><img loading=\"lazy\" decoding=\"async\" class=\"alignnone size-large wp-image-79416\" src=\"https:\/\/vocesparalelas.com.ar\/sitio\/wp-content\/uploads\/2024\/11\/POLICIA-SAN-JUAN-APOLO-02-765x800.jpg\" alt=\"\" width=\"765\" height=\"800\" srcset=\"https:\/\/vocesparalelas.com.ar\/sitio\/wp-content\/uploads\/2024\/11\/POLICIA-SAN-JUAN-APOLO-02-765x800.jpg 765w, https:\/\/vocesparalelas.com.ar\/sitio\/wp-content\/uploads\/2024\/11\/POLICIA-SAN-JUAN-APOLO-02-287x300.jpg 287w, https:\/\/vocesparalelas.com.ar\/sitio\/wp-content\/uploads\/2024\/11\/POLICIA-SAN-JUAN-APOLO-02-768x804.jpg 768w, https:\/\/vocesparalelas.com.ar\/sitio\/wp-content\/uploads\/2024\/11\/POLICIA-SAN-JUAN-APOLO-02.jpg 800w\" sizes=\"auto, (max-width: 765px) 100vw, 765px\" \/><\/p>\n<p>La Montada de la Polic\u00eda de San Juan se encuentra por Costanera al lado del Camping Municipal, Departamento Chimbas.<\/p>\n<p><img loading=\"lazy\" decoding=\"async\" class=\"alignnone size-full wp-image-59001\" src=\"https:\/\/vocesparalelas.com.ar\/sitio\/wp-content\/uploads\/2023\/05\/POLICIA-LOGO.jpg\" alt=\"\" width=\"800\" height=\"600\" srcset=\"https:\/\/vocesparalelas.com.ar\/sitio\/wp-content\/uploads\/2023\/05\/POLICIA-LOGO.jpg 800w, https:\/\/vocesparalelas.com.ar\/sitio\/wp-content\/uploads\/2023\/05\/POLICIA-LOGO-300x225.jpg 300w, https:\/\/vocesparalelas.com.ar\/sitio\/wp-content\/uploads\/2023\/05\/POLICIA-LOGO-768x576.jpg 768w\" sizes=\"auto, (max-width: 800px) 100vw, 800px\" \/><\/p>\n<p>&nbsp;<\/p>\n","protected":false},"excerpt":{"rendered":"<p>La Polic\u00eda de San Juan convoc\u00f3 a la poblaci\u00f3n de los ni\u00f1os para imponer un nombre al nuevo integrante de<\/p>\n","protected":false},"author":3,"featured_media":79415,"comment_status":"closed","ping_status":"closed","sticky":false,"template":"","format":"standard","meta":{"_acf_changed":false,"_seopress_robots_primary_cat":"none","_seopress_titles_title":"","_seopress_titles_desc":"","_seopress_robots_index":"","colormag_page_container_layout":"default_layout","colormag_page_sidebar_layout":"default_layout","footnotes":""},"categories":[8,7],"tags":[],"class_list":["post-79412","post","type-post","status-publish","format-standard","has-post-thumbnail","hentry","category-concursos","category-videos"],"acf":[],"_links":{"self":[{"href":"https:\/\/vocesparalelas.com.ar\/sitio\/wp-json\/wp\/v2\/posts\/79412","targetHints":{"allow":["GET"]}}],"collection":[{"href":"https:\/\/vocesparalelas.com.ar\/sitio\/wp-json\/wp\/v2\/posts"}],"about":[{"href":"https:\/\/vocesparalelas.com.ar\/sitio\/wp-json\/wp\/v2\/types\/post"}],"author":[{"embeddable":true,"href":"https:\/\/vocesparalelas.com.ar\/sitio\/wp-json\/wp\/v2\/users\/3"}],"replies":[{"embeddable":true,"href":"https:\/\/vocesparalelas.com.ar\/sitio\/wp-json\/wp\/v2\/comments?post=79412"}],"version-history":[{"count":6,"href":"https:\/\/vocesparalelas.com.ar\/sitio\/wp-json\/wp\/v2\/posts\/79412\/revisions"}],"predecessor-version":[{"id":79520,"href":"https:\/\/vocesparalelas.com.ar\/sitio\/wp-json\/wp\/v2\/posts\/79412\/revisions\/79520"}],"wp:featuredmedia":[{"embeddable":true,"href":"https:\/\/vocesparalelas.com.ar\/sitio\/wp-json\/wp\/v2\/media\/79415"}],"wp:attachment":[{"href":"https:\/\/vocesparalelas.com.ar\/sitio\/wp-json\/wp\/v2\/media?parent=79412"}],"wp:term":[{"taxonomy":"category","embeddable":true,"href":"https:\/\/vocesparalelas.com.ar\/sitio\/wp-json\/wp\/v2\/categories?post=79412"},{"taxonomy":"post_tag","embeddable":true,"href":"https:\/\/vocesparalelas.com.ar\/sitio\/wp-json\/wp\/v2\/tags?post=79412"}],"curies":[{"name":"wp","href":"https:\/\/api.w.org\/{rel}","templated":true}]}}