{"id":79383,"date":"2024-11-20T19:33:04","date_gmt":"2024-11-20T22:33:04","guid":{"rendered":"https:\/\/vocesparalelas.com.ar\/sitio\/?p=79383"},"modified":"2024-11-21T20:29:28","modified_gmt":"2024-11-21T23:29:28","slug":"sumate-a-la-maraton-de-los-juegos-intercolegiales-san-juan-2024","status":"publish","type":"post","link":"https:\/\/vocesparalelas.com.ar\/sitio\/sumate-a-la-maraton-de-los-juegos-intercolegiales-san-juan-2024\/","title":{"rendered":"Sumate a la marat\u00f3n de los Juegos Intercolegiales San Juan 2024"},"content":{"rendered":"<p>El estadio Dr. Aldo Cantoni es el escenario el Viernes, 29 de Noviembre, a las 9:00 hs.; se desarrolla la marat\u00f3n de los Juegos Intercolegiales 2024, competencia escolar m\u00e1s importante de la Provincia de San Juan.<\/p>\n<p>Se espera que en este evento participen 10.000 chicos, de los 23.000 que compitieron hasta principio de mes en los Juegos Intercolegiales 2024. donde se incluyen alumnos participantes de escuelas primarias y secundarias de los 10 departamentos de San Juan.<\/p>\n<p>La actividad comienza, a las 9 hs.; con las acreditaciones y entrega de indumentaria deportiva para los participantes, incluyendo los chicos que ganaron sus pruebas en los departamentos alejados J\u00e1chal, Calingasta, Iglesia y Valle F\u00e9rtil.<\/p>\n<p>Con respecto al recorrido, los estudiantes secundarios largan y finalizar\u00e1n en el ingreso del Estadio Aldo Cantoni, sobre Urquiza. Mientras que los alumnos primarios que inician frente al Club Lawn Tenis y concluye en el Estadio. Ambas instancias el recorrido es por el interior del Parque de Mayo.<\/p>\n<p><strong><span style=\"color: #ff6600;\">Sobre los Juegos Intercolegiales<\/span><\/strong><\/p>\n<p>La competencia se realiz\u00f3 desde el 1 de octubre hasta el 6 de noviembre en nuestra provincia, incluyendo seis disciplinas deportivas, como ajedrez, atletismo, b\u00e1squetbol, f\u00fatbol, h\u00e1ndbol y v\u00f3leibol, y llegando a los 19 departamentos.<\/p>\n<p>La Secretar\u00eda de Deporte, a trav\u00e9s de la Subsecretar\u00eda de Deporte Social y con el apoyo de la Subsecretar\u00eda de Alto Rendimiento, llev\u00f3 esta propuesta adelante. Estos juegos se realizaron en ambas ramas, femenina y masculina, en categor\u00edas sub 12, para el \u00faltimo a\u00f1o del nivel primario, y sub 14, para los dos primeros a\u00f1os del nivel secundario.<\/p>\n<p>Este evento fomenta distintos valores, como compa\u00f1erismo, inclusi\u00f3n y desarrollo integral de los deportistas, adem\u00e1s de explorar distintas habilidades deportivas y tener la oportunidad de alcanzar su m\u00e1ximo potencial.<\/p>\n<p><img loading=\"lazy\" decoding=\"async\" class=\"alignnone size-full wp-image-77573\" src=\"https:\/\/vocesparalelas.com.ar\/sitio\/wp-content\/uploads\/2024\/10\/INTERCOLEGIALES-2024.jpg\" alt=\"\" width=\"800\" height=\"450\" srcset=\"https:\/\/vocesparalelas.com.ar\/sitio\/wp-content\/uploads\/2024\/10\/INTERCOLEGIALES-2024.jpg 800w, https:\/\/vocesparalelas.com.ar\/sitio\/wp-content\/uploads\/2024\/10\/INTERCOLEGIALES-2024-300x169.jpg 300w, https:\/\/vocesparalelas.com.ar\/sitio\/wp-content\/uploads\/2024\/10\/INTERCOLEGIALES-2024-768x432.jpg 768w\" sizes=\"auto, (max-width: 800px) 100vw, 800px\" \/><\/p>\n","protected":false},"excerpt":{"rendered":"<p>El estadio Dr. Aldo Cantoni es el escenario el Viernes, 29 de Noviembre, a las 9:00 hs.; se desarrolla la<\/p>\n","protected":false},"author":3,"featured_media":78846,"comment_status":"closed","ping_status":"closed","sticky":false,"template":"","format":"standard","meta":{"_acf_changed":false,"_seopress_robots_primary_cat":"none","_seopress_titles_title":"","_seopress_titles_desc":"","_seopress_robots_index":"","colormag_page_container_layout":"default_layout","colormag_page_sidebar_layout":"default_layout","footnotes":""},"categories":[2],"tags":[],"class_list":["post-79383","post","type-post","status-publish","format-standard","has-post-thumbnail","hentry","category-convocatorias"],"acf":[],"_links":{"self":[{"href":"https:\/\/vocesparalelas.com.ar\/sitio\/wp-json\/wp\/v2\/posts\/79383","targetHints":{"allow":["GET"]}}],"collection":[{"href":"https:\/\/vocesparalelas.com.ar\/sitio\/wp-json\/wp\/v2\/posts"}],"about":[{"href":"https:\/\/vocesparalelas.com.ar\/sitio\/wp-json\/wp\/v2\/types\/post"}],"author":[{"embeddable":true,"href":"https:\/\/vocesparalelas.com.ar\/sitio\/wp-json\/wp\/v2\/users\/3"}],"replies":[{"embeddable":true,"href":"https:\/\/vocesparalelas.com.ar\/sitio\/wp-json\/wp\/v2\/comments?post=79383"}],"version-history":[{"count":1,"href":"https:\/\/vocesparalelas.com.ar\/sitio\/wp-json\/wp\/v2\/posts\/79383\/revisions"}],"predecessor-version":[{"id":79386,"href":"https:\/\/vocesparalelas.com.ar\/sitio\/wp-json\/wp\/v2\/posts\/79383\/revisions\/79386"}],"wp:featuredmedia":[{"embeddable":true,"href":"https:\/\/vocesparalelas.com.ar\/sitio\/wp-json\/wp\/v2\/media\/78846"}],"wp:attachment":[{"href":"https:\/\/vocesparalelas.com.ar\/sitio\/wp-json\/wp\/v2\/media?parent=79383"}],"wp:term":[{"taxonomy":"category","embeddable":true,"href":"https:\/\/vocesparalelas.com.ar\/sitio\/wp-json\/wp\/v2\/categories?post=79383"},{"taxonomy":"post_tag","embeddable":true,"href":"https:\/\/vocesparalelas.com.ar\/sitio\/wp-json\/wp\/v2\/tags?post=79383"}],"curies":[{"name":"wp","href":"https:\/\/api.w.org\/{rel}","templated":true}]}}