{"id":79379,"date":"2024-11-20T13:20:39","date_gmt":"2024-11-20T16:20:39","guid":{"rendered":"https:\/\/vocesparalelas.com.ar\/sitio\/?p=79379"},"modified":"2024-11-21T20:29:05","modified_gmt":"2024-11-21T23:29:05","slug":"festival-de-tango-san-juan-2024-para-disfrutar-en-familia","status":"publish","type":"post","link":"https:\/\/vocesparalelas.com.ar\/sitio\/festival-de-tango-san-juan-2024-para-disfrutar-en-familia\/","title":{"rendered":"Festival de Tango San Juan 2024 para disfrutar en familia"},"content":{"rendered":"<p>La provincia recibe la segunda edici\u00f3n del Festival de Tango San Juan, organizado por el Proyecto Tango San Juan &amp; ACAE, el evento se desarrolla desde el Viernes, 22 hasta el Domingo, 24 de Noviembre, en el Centro Cultural Conte Grand y el Museo Provincial de Bellas Artes Franklin Rawson, dependientes del Ministerio de Turismo, Cultura y Deporte del Gobierno de San Juan.<\/p>\n<p><strong><span style=\"color: #ff6600;\">Programa<\/span><\/strong><\/p>\n<ul>\n<li>Viernes, 22 de Noviembre, desde las 18 hs, en el Centro Cultural Conte Grand, los campeones mundiales de tango, Jonathan Spitel y Betsabet Flores brindan clases y exhibiciones. Por su parte, reci\u00e9n llegados de su \u00faltima gira por Jap\u00f3n y, por primera vez, en San Juan, Joel Tempestti y \u00c1gueda Mansilla est\u00e1n a cargo de \u00abEl abrazo como elemento de encuentro\u00bb. Y para cerrar, la dupla, junto al TDj Fabricio Rosales Milonga, presiden la milonga de bienvenida.<\/li>\n<li>S\u00e1bado, 23 de Noviembre, para los genios de la familia, entre 6 y 11 a\u00f1os, tienen su espacio en el Museo Provincial del Bellas Artes. Desde las 10 hs., se brindar\u00e1 el taller \u00abMinitangueritos\u00bb, taller para las infancias, a cargo de Florencia Tejada y Fernanda de la Vega.<\/li>\n<li>S\u00e1bado, 23 de Noviembre, desde las 15 hs, en el Centro Cultural Conte Grand, se realizan \u00abClase t\u00e9cnica mixta conducidos y conductor\u00bb, \u00abTango pista: uso del abrazo en secuencias para la pista\u00bb y \u00abMovimientos centr\u00edfugos en el tango\u00bb. Luego de las clases, a las 22 hs., la Milonga de Gala junto a El Cachivache Orkesta. Tambi\u00e9n, se suman exhibiciones de los campeones mundiales y la participaci\u00f3n de la TDJ Natalie Oliva.<\/li>\n<li>Domingo, 24 de Noviembre, la \u00faltima jornada en el Centro Cultural Conte Grand, a partir de las 11 con \u00abTango de exhibici\u00f3n: secuencias con elementos de la pista llevados a la escena\u00bb y, para cerrar, a las 18 hs.; llega el Festejo Milonguero, Muestra de bailarines, maestros, m\u00fasicos, laboratorios, feria y stands. De esta manera, el broche es una milonga de despedida con el TDJ Daniel Fern\u00e1ndez.<\/li>\n<\/ul>\n<p><strong><span style=\"color: #ff6600;\">Las entradas anticipadas e inscripciones<\/span><\/strong><\/p>\n<p>Se pueden gestionar a trav\u00e9s de los contactos 2644632579\/ 2644101417 o por Instagram por @festivaldetangosj.<\/p>\n<p>Para m\u00e1s informaci\u00f3n, los interesados pueden acceder a<\/p>\n<p><a href=\"https:\/\/linktr.ee\/festivaldetangosj\">https:\/\/linktr.ee\/festivaldetangosj<\/a><\/p>\n<p>&nbsp;<\/p>\n<p><img loading=\"lazy\" decoding=\"async\" class=\"alignnone size-full wp-image-29711\" src=\"https:\/\/vocesparalelas.com.ar\/sitio\/wp-content\/uploads\/2020\/07\/CENTRO-CONTE-GRAND.jpg\" alt=\"\" width=\"800\" height=\"449\" srcset=\"https:\/\/vocesparalelas.com.ar\/sitio\/wp-content\/uploads\/2020\/07\/CENTRO-CONTE-GRAND.jpg 800w, https:\/\/vocesparalelas.com.ar\/sitio\/wp-content\/uploads\/2020\/07\/CENTRO-CONTE-GRAND-300x168.jpg 300w, https:\/\/vocesparalelas.com.ar\/sitio\/wp-content\/uploads\/2020\/07\/CENTRO-CONTE-GRAND-768x431.jpg 768w\" sizes=\"auto, (max-width: 800px) 100vw, 800px\" \/><\/p>\n<figure id=\"attachment_39924\" aria-describedby=\"caption-attachment-39924\" style=\"width: 800px\" class=\"wp-caption alignnone\"><img loading=\"lazy\" decoding=\"async\" class=\"size-full wp-image-39924\" src=\"https:\/\/vocesparalelas.com.ar\/sitio\/wp-content\/uploads\/2021\/07\/MPBAFR-OBRA-02.jpg\" alt=\"\" width=\"800\" height=\"533\" srcset=\"https:\/\/vocesparalelas.com.ar\/sitio\/wp-content\/uploads\/2021\/07\/MPBAFR-OBRA-02.jpg 800w, https:\/\/vocesparalelas.com.ar\/sitio\/wp-content\/uploads\/2021\/07\/MPBAFR-OBRA-02-300x200.jpg 300w, https:\/\/vocesparalelas.com.ar\/sitio\/wp-content\/uploads\/2021\/07\/MPBAFR-OBRA-02-768x512.jpg 768w\" sizes=\"auto, (max-width: 800px) 100vw, 800px\" \/><figcaption id=\"caption-attachment-39924\" class=\"wp-caption-text\">Museo Provincial de Bellas Artes Franklin Rawson, Provincia de San Juan, Rep\u00fablica Argentina<\/figcaption><\/figure>\n","protected":false},"excerpt":{"rendered":"<p>La provincia recibe la segunda edici\u00f3n del Festival de Tango San Juan, organizado por el Proyecto Tango San Juan &amp;<\/p>\n","protected":false},"author":3,"featured_media":4370,"comment_status":"closed","ping_status":"closed","sticky":false,"template":"","format":"standard","meta":{"_acf_changed":false,"_seopress_robots_primary_cat":"none","_seopress_titles_title":"","_seopress_titles_desc":"","_seopress_robots_index":"","colormag_page_container_layout":"default_layout","colormag_page_sidebar_layout":"default_layout","footnotes":""},"categories":[20],"tags":[],"class_list":["post-79379","post","type-post","status-publish","format-standard","has-post-thumbnail","hentry","category-cartelera"],"acf":[],"_links":{"self":[{"href":"https:\/\/vocesparalelas.com.ar\/sitio\/wp-json\/wp\/v2\/posts\/79379","targetHints":{"allow":["GET"]}}],"collection":[{"href":"https:\/\/vocesparalelas.com.ar\/sitio\/wp-json\/wp\/v2\/posts"}],"about":[{"href":"https:\/\/vocesparalelas.com.ar\/sitio\/wp-json\/wp\/v2\/types\/post"}],"author":[{"embeddable":true,"href":"https:\/\/vocesparalelas.com.ar\/sitio\/wp-json\/wp\/v2\/users\/3"}],"replies":[{"embeddable":true,"href":"https:\/\/vocesparalelas.com.ar\/sitio\/wp-json\/wp\/v2\/comments?post=79379"}],"version-history":[{"count":1,"href":"https:\/\/vocesparalelas.com.ar\/sitio\/wp-json\/wp\/v2\/posts\/79379\/revisions"}],"predecessor-version":[{"id":79382,"href":"https:\/\/vocesparalelas.com.ar\/sitio\/wp-json\/wp\/v2\/posts\/79379\/revisions\/79382"}],"wp:featuredmedia":[{"embeddable":true,"href":"https:\/\/vocesparalelas.com.ar\/sitio\/wp-json\/wp\/v2\/media\/4370"}],"wp:attachment":[{"href":"https:\/\/vocesparalelas.com.ar\/sitio\/wp-json\/wp\/v2\/media?parent=79379"}],"wp:term":[{"taxonomy":"category","embeddable":true,"href":"https:\/\/vocesparalelas.com.ar\/sitio\/wp-json\/wp\/v2\/categories?post=79379"},{"taxonomy":"post_tag","embeddable":true,"href":"https:\/\/vocesparalelas.com.ar\/sitio\/wp-json\/wp\/v2\/tags?post=79379"}],"curies":[{"name":"wp","href":"https:\/\/api.w.org\/{rel}","templated":true}]}}