{"id":79290,"date":"2024-11-15T18:52:31","date_gmt":"2024-11-15T21:52:31","guid":{"rendered":"https:\/\/vocesparalelas.com.ar\/sitio\/?p=79290"},"modified":"2024-11-16T23:53:08","modified_gmt":"2024-11-17T02:53:08","slug":"se-desarrollo-el-10o-foro-saludable-provincial-en-san-juan","status":"publish","type":"post","link":"https:\/\/vocesparalelas.com.ar\/sitio\/se-desarrollo-el-10o-foro-saludable-provincial-en-san-juan\/","title":{"rendered":"Se desarroll\u00f3 el 10\u00ba Foro Saludable Provincial en San Juan"},"content":{"rendered":"<p>Con el objetivo de promover h\u00e1bitos saludables, la actividad f\u00edsica, la inclusi\u00f3n y la solidaridad para crear entornos escolares m\u00e1s saludables en los niveles inicial y primario, estudiantes representantes de alrededor de 50 escuelas participaron en el 10\u00ba Foro Saludable Provincial, en el marco de la Campa\u00f1a Alimentando Voluntades 2024 del Programa Nutrici\u00f3n en Vivo. El acto de apertura fue encabezado por el vicegobernador de la Provincia, Fabi\u00e1n Mart\u00edn.<\/p>\n<p>La actividad se desarroll\u00f3 en el Auditorio Emar Acosta del Edificio Anexo de la C\u00e1mara de Diputados, y cont\u00f3 con la presencia del secretario Legislativo, Dr. Gustavo Velert; el diputado Dr. Juan de la Cruz C\u00f3rdoba; la coordinadora de Relaciones con la Comunidad, Giselle Fern\u00e1ndez; la secretaria de Relaciones Institucionales del Ministerio de Gobierno, Claudia Sarmiento; la supervisora de Nivel Inicial del Ministerio de Educaci\u00f3n, Liv. Carina Castro; y la encargada del Programa Nutrici\u00f3n en Vivo, Lic. Olga \u00c1lvarez de Manzano.<\/p>\n<p>Durante la apertura, el vicegobernador Dr. Fabi\u00e1n Mart\u00edn felicit\u00f3 a los estudiantes y organizadores del evento, destacando que el programa lleva 30 a\u00f1os promoviendo h\u00e1bitos saludables. \u00abEs un honor estar aqu\u00ed con ustedes, celebrando el cierre de un a\u00f1o de trabajo. No hay nada mejor, en mi opini\u00f3n, que los ni\u00f1os aprendan desde peque\u00f1os sobre estos h\u00e1bitos, porque son cosas que nunca olvidan\u00bb.<\/p>\n<p>Tambi\u00e9n hizo hincapi\u00e9 en la importancia de llevar una vida saludable a trav\u00e9s de una buena alimentaci\u00f3n y el ejercicio. En relaci\u00f3n con el uso de los celulares, se\u00f1al\u00f3: \u201cEl celular lleg\u00f3 para quedarse. Tenemos que aceptarlo, tiene su parte positiva, pero su uso excesivo puede ser perjudicial para la salud\u201d.<\/p>\n<p>En su discurso, el vicegobernador inst\u00f3 a seguir trabajando en el programa para lograr una sociedad m\u00e1s sana, resaltando que \u00abnuestros ni\u00f1os son nuestro presente y futuro. Un futuro mejor se construye con chicos sanos, estudiando, haciendo deporte o participando en actividades culturales. Eso los hace felices, y los padres estamos tranquilos sabiendo que est\u00e1n en una instituci\u00f3n o en un club, lejos de los riesgos que ofrece la calle\u00bb.<\/p>\n<p>Por su parte, la Lic. Olga \u00c1lvarez expres\u00f3 su satisfacci\u00f3n por la participaci\u00f3n de m\u00e1s de 3.000 \u00abembajadores saludables\u00bb de San Juan, quienes forman parte del Programa Nutrici\u00f3n en Vivo. \u201cEste a\u00f1o, m\u00e1s de 50 escuelas trabajaron con material proporcionado por el programa, y los docentes capacitaron a los estudiantes. Ellos, a su vez, participaron de la campa\u00f1a Alimentando Voluntades, que tiene tres pilares fundamentales: alimentarse bien, moverse y ser solidarios. En la secci\u00f3n &#8216;alimentarse bien&#8217;, aprendieron los secretos de una buena nutrici\u00f3n; en &#8216;moverse&#8217;, realizaron actividades para fomentar el ejercicio; y en &#8216;solidaridad&#8217;, entendimos que dar, recibir y compartir son los valores fundamentales. As\u00ed, nuestros embajadores se encargaron de contagiar estos buenos h\u00e1bitos, llevando a cabo &#8216;paradas saludables&#8217; en geri\u00e1tricos, municipalidades y la Legislatura. Adem\u00e1s, en esta oportunidad, organizamos un festival con canciones creadas por las escuelas, transmitiendo mensajes de promoci\u00f3n de h\u00e1bitos saludables\u201d.<\/p>\n<p>Durante el evento, se proyect\u00f3 un video institucional y un grupo de ni\u00f1os interpret\u00f3 una canci\u00f3n con coreograf\u00eda. Tras las palabras de las autoridades, se dio inicio al desarrollo del Foro Saludable, en el que los estudiantes expusieron sus vivencias, programas y acciones solidarias realizadas a lo largo del a\u00f1o para fomentar h\u00e1bitos saludables en sus comunidades escolares.<\/p>\n<p>Es importante resaltar que el Foro Saludable es una plataforma \u00fanica para seguir mostrando las estrategias utilizadas para formar embajadores saludables, quienes se convierten en multiplicadores de h\u00e1bitos en sus familias, entornos y comunidades.<\/p>\n<p><span style=\"color: #333399;\"><strong>Canales de difusi\u00f3n<\/strong><\/span><\/p>\n<ul>\n<li><strong>YouTube oficial de Nutrici\u00f3n en Vivo:<\/strong>\u00a0<a href=\"https:\/\/www.youtube.com\/live\/WDaYF3Lxsjk\">https:\/\/www.youtube.com\/live\/WDaYF3Lxsjk<\/a><\/li>\n<li><strong>Redes sociales oficiales:<\/strong>\n<ul>\n<li>Instagram:\u00a0<a href=\"https:\/\/www.instagram.com\/nutricionenvivo\">@nutricionenvivo<\/a><\/li>\n<li>Facebook:\u00a0<a href=\"https:\/\/www.facebook.com\/NutricionEnVivo\">Nutrici\u00f3n en Vivo<\/a><\/li>\n<li>YouTube:\u00a0<a href=\"https:\/\/www.youtube.com\/NutricionEnVivo\">Nutrici\u00f3n en Vivo<\/a><\/li>\n<li>Spotify:\u00a0<a href=\"https:\/\/www.spotify.com\/NutricionEnVivo\">Nutrici\u00f3n en Vivo<\/a><\/li>\n<li>Instagram:\u00a0<a href=\"https:\/\/www.instagram.com\/fundacionmododevida\">@fundacionmododevida<\/a><\/li>\n<li>Facebook:\u00a0<a href=\"https:\/\/www.facebook.com\/fundacionmododevida\">Fundaci\u00f3n Modo de Vida<\/a><\/li>\n<\/ul>\n<\/li>\n<li><strong>P\u00e1gina web:<\/strong>\u00a0www.nutricionenvivo.wixsite.com\/sanjuan<\/li>\n<li><strong>WhatsApp:<\/strong>\u00a0264 504-3258<\/li>\n<\/ul>\n<figure id=\"attachment_37951\" aria-describedby=\"caption-attachment-37951\" style=\"width: 800px\" class=\"wp-caption alignnone\"><img loading=\"lazy\" decoding=\"async\" class=\"size-full wp-image-37951\" src=\"https:\/\/vocesparalelas.com.ar\/sitio\/wp-content\/uploads\/2021\/05\/CAMARA-EDIFICIO.jpg\" alt=\"\" width=\"800\" height=\"515\" srcset=\"https:\/\/vocesparalelas.com.ar\/sitio\/wp-content\/uploads\/2021\/05\/CAMARA-EDIFICIO.jpg 800w, https:\/\/vocesparalelas.com.ar\/sitio\/wp-content\/uploads\/2021\/05\/CAMARA-EDIFICIO-300x193.jpg 300w, https:\/\/vocesparalelas.com.ar\/sitio\/wp-content\/uploads\/2021\/05\/CAMARA-EDIFICIO-768x494.jpg 768w\" sizes=\"auto, (max-width: 800px) 100vw, 800px\" \/><figcaption id=\"caption-attachment-37951\" class=\"wp-caption-text\">Legislatura Provincial de San Juan, Rep\u00fablica Argentina<\/figcaption><\/figure>\n","protected":false},"excerpt":{"rendered":"<p>Con el objetivo de promover h\u00e1bitos saludables, la actividad f\u00edsica, la inclusi\u00f3n y la solidaridad para crear entornos escolares m\u00e1s<\/p>\n","protected":false},"author":3,"featured_media":79293,"comment_status":"closed","ping_status":"closed","sticky":false,"template":"","format":"standard","meta":{"_acf_changed":false,"_seopress_robots_primary_cat":"none","_seopress_titles_title":"","_seopress_titles_desc":"","_seopress_robots_index":"","colormag_page_container_layout":"default_layout","colormag_page_sidebar_layout":"default_layout","footnotes":""},"categories":[9],"tags":[],"class_list":["post-79290","post","type-post","status-publish","format-standard","has-post-thumbnail","hentry","category-cursos"],"acf":[],"_links":{"self":[{"href":"https:\/\/vocesparalelas.com.ar\/sitio\/wp-json\/wp\/v2\/posts\/79290","targetHints":{"allow":["GET"]}}],"collection":[{"href":"https:\/\/vocesparalelas.com.ar\/sitio\/wp-json\/wp\/v2\/posts"}],"about":[{"href":"https:\/\/vocesparalelas.com.ar\/sitio\/wp-json\/wp\/v2\/types\/post"}],"author":[{"embeddable":true,"href":"https:\/\/vocesparalelas.com.ar\/sitio\/wp-json\/wp\/v2\/users\/3"}],"replies":[{"embeddable":true,"href":"https:\/\/vocesparalelas.com.ar\/sitio\/wp-json\/wp\/v2\/comments?post=79290"}],"version-history":[{"count":1,"href":"https:\/\/vocesparalelas.com.ar\/sitio\/wp-json\/wp\/v2\/posts\/79290\/revisions"}],"predecessor-version":[{"id":79294,"href":"https:\/\/vocesparalelas.com.ar\/sitio\/wp-json\/wp\/v2\/posts\/79290\/revisions\/79294"}],"wp:featuredmedia":[{"embeddable":true,"href":"https:\/\/vocesparalelas.com.ar\/sitio\/wp-json\/wp\/v2\/media\/79293"}],"wp:attachment":[{"href":"https:\/\/vocesparalelas.com.ar\/sitio\/wp-json\/wp\/v2\/media?parent=79290"}],"wp:term":[{"taxonomy":"category","embeddable":true,"href":"https:\/\/vocesparalelas.com.ar\/sitio\/wp-json\/wp\/v2\/categories?post=79290"},{"taxonomy":"post_tag","embeddable":true,"href":"https:\/\/vocesparalelas.com.ar\/sitio\/wp-json\/wp\/v2\/tags?post=79290"}],"curies":[{"name":"wp","href":"https:\/\/api.w.org\/{rel}","templated":true}]}}