{"id":79281,"date":"2024-11-15T22:34:41","date_gmt":"2024-11-16T01:34:41","guid":{"rendered":"https:\/\/vocesparalelas.com.ar\/sitio\/?p=79281"},"modified":"2024-11-15T22:34:41","modified_gmt":"2024-11-16T01:34:41","slug":"se-realizo-el-operativo-integral-en-la-escuela-primaria-no-9-capital-federal","status":"publish","type":"post","link":"https:\/\/vocesparalelas.com.ar\/sitio\/se-realizo-el-operativo-integral-en-la-escuela-primaria-no-9-capital-federal\/","title":{"rendered":"Se realiz\u00f3 el Operativo Integral en la Escuela Primaria N\u00ba 9 Capital Federal"},"content":{"rendered":"<p>El Viernes, 15 de Noviembre, se realiz\u00f3 el 22 operativo integral en la Provincia de San Juan y en esta oportunidad fue en el Departamento Capital, donde los servicios del Centro C\u00edvico en la Escuela Primaria N\u00ba 9 Capital Federal.<\/p>\n<p>De la actividad participaron el gobernador de\u00a0 San Juan, Dr. Marcelo Orrego, la intendenta de la Municipalidad de la Ciudad Capital, Dra. Susana Laciar e integrantes del gabinete provincial.<\/p>\n<p>Los operativos integrales representan una pol\u00edtica de Estado clave para acercar el Gobierno Provincial a la comunidad. Estas iniciativas, encaradas por el gobernador Marcelo Orrego desde el inicio de su gesti\u00f3n, permiten llevar a los barrios los servicios de diversas reparticiones del Estado, promoviendo un contacto directo con los vecinos.<\/p>\n<p>A trav\u00e9s de los abordajes territoriales, se brinda la posibilidad de resolver tr\u00e1mites, acceder a servicios esenciales y establecer un di\u00e1logo mano a mano con los ciudadanos, donde el Estado tambi\u00e9n aprende de las necesidades locales para mejorar su gesti\u00f3n.<\/p>\n<p><iframe loading=\"lazy\" title=\"Orrego particip\u00f3 del 22 operativo integral\" width=\"800\" height=\"450\" src=\"https:\/\/www.youtube.com\/embed\/2vK_zzRXKEY?feature=oembed\" frameborder=\"0\" allow=\"accelerometer; autoplay; clipboard-write; encrypted-media; gyroscope; picture-in-picture; web-share\" referrerpolicy=\"strict-origin-when-cross-origin\" allowfullscreen><\/iframe><\/p>\n<p>En este contexto, el gobernador Orrego dijo:<strong>\u00a0\u201c<\/strong>Me siento orgulloso de que podamos llevar los operativos integrales a la comunidad, una pol\u00edtica de Estado que busca acercar los servicios del Gobierno provincial a los vecinos. Estos abordajes territoriales nos permiten estar m\u00e1s cerca de la gente, escuchando y aprendiendo en cada encuentro para mejorar continuamente nuestros servicios\u201d.<\/p>\n<p>Agreg\u00f3: \u201cCreo firmemente en un Estado presente, que no solo resuelva tr\u00e1mites importantes relacionados con salud, educaci\u00f3n y seguridad, sino tambi\u00e9n cuestiones espec\u00edficas como defensa civil o programas educativos. Adem\u00e1s, en esta etapa del a\u00f1o, ofrecemos apoyo a los estudiantes, brind\u00e1ndoles recursos y acompa\u00f1amiento docente para que puedan avanzar en su educaci\u00f3n. Todo esto lo complementamos con los servicios municipales, integrando esfuerzos para responder de manera m\u00e1s efectiva a las necesidades de la comunidad\u201d.<\/p>\n<p>Durante estos operativos, \u00e1reas como salud, educaci\u00f3n, defensa civil y otras dependencias estatales trabajan en conjunto con los municipios para ofrecer soluciones concretas. Adem\u00e1s, se ponen a disposici\u00f3n programas educativos que apoyan a los estudiantes en su proceso de aprendizaje, especialmente en momentos clave como el cierre del ciclo escolar.<\/p>\n<p>El objetivo de estos operativos es construir un Estado cercano, capaz de responder a las necesidades de la gente y garantizar que los servicios lleguen de manera efectiva.<\/p>\n<p><span style=\"color: #ff6600;\"><strong>Durante el operativo, los vecinos accedieron a diversos servicios ofrecidos por ministerios y secretar\u00edas del gobierno:<\/strong><\/span><\/p>\n<ul>\n<li><span style=\"color: #ff6600;\"><strong>Familia y Desarrollo Humano<\/strong>:<\/span> Se brindaron servicios de las direcciones del ministerio y se llev\u00f3 a cabo un taller de arte y emociones para personas mayores.<\/li>\n<li><span style=\"color: #ff6600;\"><strong>Gobierno<\/strong>:<\/span> El Ministerio de Gobierno gestion\u00f3 tr\u00e1mites de DNI, SUBE, servicios de personer\u00eda jur\u00eddica, regularizaci\u00f3n dominial, asesoramiento previsional, entre otros.<\/li>\n<li><span style=\"color: #ff6600;\"><strong>Salud<\/strong>:<\/span> Se ofreci\u00f3 atenci\u00f3n m\u00e9dica general, controles pedi\u00e1tricos, cardiovasculares y ginecol\u00f3gicos, <span style=\"color: #ff6600;\">odontolog\u00eda, vacunaci\u00f3n y asesoramiento en programas sociales.<\/span><\/li>\n<li><span style=\"color: #ff6600;\"><strong>Educaci\u00f3n<\/strong>:<\/span> Se realizaron legalizaciones de documentos, preinscripciones al Plan FinEs, asistencia t\u00e9cnica interdisciplinaria y desbloqueo de netbooks, entre otros servicios.<\/li>\n<li><span style=\"color: #ff6600;\"><strong>Infraestructura, Agua y Energ\u00eda<\/strong>:<\/span> Se proporcion\u00f3 asesoramiento sobre infraestructura h\u00eddrica, energ\u00edas renovables, agua potable para comunidades rurales y el programa \u201cAgua igual Vidas\u201d.<\/li>\n<li><span style=\"color: #ff6600;\"><strong>Ambiente y Desarrollo Sustentable<\/strong>:<\/span> Se ofreci\u00f3 informaci\u00f3n sobre tenencia responsable de mascotas, adem\u00e1s de chipeo, vacunaci\u00f3n y desparasitaci\u00f3n de animales.<\/li>\n<li><span style=\"color: #ff6600;\"><strong>Producci\u00f3n, Trabajo e Innovaci\u00f3n<\/strong>:<\/span> Se brind\u00f3 asesoramiento en defensa al consumidor, financiamiento para emprendedores y capacitaci\u00f3n agr\u00edcola y ganadera.<\/li>\n<li><span style=\"color: #ff6600;\"><strong>Econom\u00eda, Finanzas y Hacienda<\/strong>:<\/span> Se asisti\u00f3 en tr\u00e1mites de renta, moratorias y pr\u00e9stamos.<\/li>\n<li><span style=\"color: #ff6600;\"><strong>Seguridad y Orden P\u00fablico<\/strong>:<\/span> Se gestionaron certificados de antecedentes, actividades de educaci\u00f3n vial para menores y asesoramiento en prevenci\u00f3n de violencia.<\/li>\n<\/ul>\n<p><img loading=\"lazy\" decoding=\"async\" class=\"alignnone size-full wp-image-65642\" src=\"https:\/\/vocesparalelas.com.ar\/sitio\/wp-content\/uploads\/2023\/11\/GOBIERNO-SAN-JUAN.jpg\" alt=\"\" width=\"800\" height=\"600\" srcset=\"https:\/\/vocesparalelas.com.ar\/sitio\/wp-content\/uploads\/2023\/11\/GOBIERNO-SAN-JUAN.jpg 800w, https:\/\/vocesparalelas.com.ar\/sitio\/wp-content\/uploads\/2023\/11\/GOBIERNO-SAN-JUAN-300x225.jpg 300w, https:\/\/vocesparalelas.com.ar\/sitio\/wp-content\/uploads\/2023\/11\/GOBIERNO-SAN-JUAN-768x576.jpg 768w\" sizes=\"auto, (max-width: 800px) 100vw, 800px\" \/><\/p>\n","protected":false},"excerpt":{"rendered":"<p>El Viernes, 15 de Noviembre, se realiz\u00f3 el 22 operativo integral en la Provincia de San Juan y en esta<\/p>\n","protected":false},"author":3,"featured_media":79284,"comment_status":"closed","ping_status":"closed","sticky":false,"template":"","format":"standard","meta":{"_acf_changed":false,"_seopress_robots_primary_cat":"none","_seopress_titles_title":"","_seopress_titles_desc":"","_seopress_robots_index":"","colormag_page_container_layout":"default_layout","colormag_page_sidebar_layout":"default_layout","footnotes":""},"categories":[1,7],"tags":[],"class_list":["post-79281","post","type-post","status-publish","format-standard","has-post-thumbnail","hentry","category-destacadas","category-videos"],"acf":[],"_links":{"self":[{"href":"https:\/\/vocesparalelas.com.ar\/sitio\/wp-json\/wp\/v2\/posts\/79281","targetHints":{"allow":["GET"]}}],"collection":[{"href":"https:\/\/vocesparalelas.com.ar\/sitio\/wp-json\/wp\/v2\/posts"}],"about":[{"href":"https:\/\/vocesparalelas.com.ar\/sitio\/wp-json\/wp\/v2\/types\/post"}],"author":[{"embeddable":true,"href":"https:\/\/vocesparalelas.com.ar\/sitio\/wp-json\/wp\/v2\/users\/3"}],"replies":[{"embeddable":true,"href":"https:\/\/vocesparalelas.com.ar\/sitio\/wp-json\/wp\/v2\/comments?post=79281"}],"version-history":[{"count":1,"href":"https:\/\/vocesparalelas.com.ar\/sitio\/wp-json\/wp\/v2\/posts\/79281\/revisions"}],"predecessor-version":[{"id":79285,"href":"https:\/\/vocesparalelas.com.ar\/sitio\/wp-json\/wp\/v2\/posts\/79281\/revisions\/79285"}],"wp:featuredmedia":[{"embeddable":true,"href":"https:\/\/vocesparalelas.com.ar\/sitio\/wp-json\/wp\/v2\/media\/79284"}],"wp:attachment":[{"href":"https:\/\/vocesparalelas.com.ar\/sitio\/wp-json\/wp\/v2\/media?parent=79281"}],"wp:term":[{"taxonomy":"category","embeddable":true,"href":"https:\/\/vocesparalelas.com.ar\/sitio\/wp-json\/wp\/v2\/categories?post=79281"},{"taxonomy":"post_tag","embeddable":true,"href":"https:\/\/vocesparalelas.com.ar\/sitio\/wp-json\/wp\/v2\/tags?post=79281"}],"curies":[{"name":"wp","href":"https:\/\/api.w.org\/{rel}","templated":true}]}}