{"id":79265,"date":"2024-11-15T20:33:43","date_gmt":"2024-11-15T23:33:43","guid":{"rendered":"https:\/\/vocesparalelas.com.ar\/sitio\/?p=79265"},"modified":"2024-11-19T22:47:02","modified_gmt":"2024-11-20T01:47:02","slug":"paso-agua-negra-abre-el-22-de-noviembre-de-2024","status":"publish","type":"post","link":"https:\/\/vocesparalelas.com.ar\/sitio\/paso-agua-negra-abre-el-22-de-noviembre-de-2024\/","title":{"rendered":"Paso Agua Negra abre el 22 de Noviembre de 2024"},"content":{"rendered":"<p>En una reuni\u00f3n telem\u00e1tica, las autoridades nacionales y trasandinas acordaron la fecha luego de avanzar en los trabajos de habilitaci\u00f3n de la ruta y la infraestructura del complejo fronterizo.<\/p>\n<p>Con la finalidad de dar prontamente inicio a la temporada de tr\u00e1nsito entre la Provincia de San Juan, Argentina y la regi\u00f3n de Coquimbo, las autoridades de ambos pa\u00edses acordaron abrir el Paso Agua Negra el Viernes 22 de Noviembre de 2024.<\/p>\n<figure id=\"attachment_79279\" aria-describedby=\"caption-attachment-79279\" style=\"width: 800px\" class=\"wp-caption alignnone\"><img loading=\"lazy\" decoding=\"async\" class=\"size-full wp-image-79279\" src=\"https:\/\/vocesparalelas.com.ar\/sitio\/wp-content\/uploads\/2024\/11\/APERTURA-AGUA-NEGRA-DR-MARCELO-ORREGO.jpg\" alt=\"\" width=\"800\" height=\"600\" srcset=\"https:\/\/vocesparalelas.com.ar\/sitio\/wp-content\/uploads\/2024\/11\/APERTURA-AGUA-NEGRA-DR-MARCELO-ORREGO.jpg 800w, https:\/\/vocesparalelas.com.ar\/sitio\/wp-content\/uploads\/2024\/11\/APERTURA-AGUA-NEGRA-DR-MARCELO-ORREGO-300x225.jpg 300w, https:\/\/vocesparalelas.com.ar\/sitio\/wp-content\/uploads\/2024\/11\/APERTURA-AGUA-NEGRA-DR-MARCELO-ORREGO-768x576.jpg 768w\" sizes=\"auto, (max-width: 800px) 100vw, 800px\" \/><figcaption id=\"caption-attachment-79279\" class=\"wp-caption-text\">Gobernador de San Juan, Dr. Marcelo Orrego<\/figcaption><\/figure>\n<p>Fue en una reuni\u00f3n telem\u00e1tica donde en Gobernador de San Juan, Dr. Marcelo Orrego, su par de la regi\u00f3n de Coquimbo, Darwin Ibacache y el Delegado Presidencial, Galo Luna, coincidieron en que la ruta ya est\u00e1 en \u00f3ptimas condiciones para el tr\u00e1nsito de veh\u00edculos y el complejo dispuesto para los tr\u00e1mites fronterizos.<\/p>\n<p><img loading=\"lazy\" decoding=\"async\" class=\"alignnone size-large wp-image-79269\" src=\"https:\/\/vocesparalelas.com.ar\/sitio\/wp-content\/uploads\/2024\/11\/APERTURA-AGUA-NEGRA-img_1711-1-800x549.jpeg\" alt=\"\" width=\"800\" height=\"549\" srcset=\"https:\/\/vocesparalelas.com.ar\/sitio\/wp-content\/uploads\/2024\/11\/APERTURA-AGUA-NEGRA-img_1711-1-800x549.jpeg 800w, https:\/\/vocesparalelas.com.ar\/sitio\/wp-content\/uploads\/2024\/11\/APERTURA-AGUA-NEGRA-img_1711-1-300x206.jpeg 300w, https:\/\/vocesparalelas.com.ar\/sitio\/wp-content\/uploads\/2024\/11\/APERTURA-AGUA-NEGRA-img_1711-1-768x527.jpeg 768w, https:\/\/vocesparalelas.com.ar\/sitio\/wp-content\/uploads\/2024\/11\/APERTURA-AGUA-NEGRA-img_1711-1-130x90.jpeg 130w, https:\/\/vocesparalelas.com.ar\/sitio\/wp-content\/uploads\/2024\/11\/APERTURA-AGUA-NEGRA-img_1711-1.jpeg 1024w\" sizes=\"auto, (max-width: 800px) 100vw, 800px\" \/><\/p>\n<p>\u201cHace 15 a\u00f1os que no se abr\u00eda de manera tan temprana y esto ha sido gracias al trabajo que hemos realizado, tanto con Vialidad que ha podido habilitar el camino y hacer las mantenciones adecuadas, tambi\u00e9n con los servicios controladores del estado que van a estar dispuestos para este importante hito. Sabemos que hay mucha expectativa de nuestros hermanos argentinos por venir a visitarnos en esta temporada estival y hemos preparado distintas innovaciones para recibirlos\u201d, se\u00f1al\u00f3 el Delegado Presidencial Regional, Galo Luna Penna.<\/p>\n<p>Para esta temporada, se realizaron diversas mejoras que facilitar\u00e1n los tr\u00e1mites migratorios a quienes crucen desde y hacia argentina. La instalaci\u00f3n de internet satelital tipo Starlink, mejorar\u00e1 la comunicaci\u00f3n y posibilitar\u00e1 la implementaci\u00f3n de la declaraci\u00f3n jurada digital. Adem\u00e1s, el complejo ser\u00e1 el primero en el pa\u00eds en tener un helipuerto con est\u00e1ndares de seguridad adecuados para mejorar la respuesta en caso de emergencia.<\/p>\n<p>\u201cFue un trabajo arduo, tanto con el Gobierno de San Juan, la Delegaci\u00f3n Presidencial Regional de Coquimbo y el Gobierno Regional para avanzar fuertemente en este Paso de Agua Negra tan importante tambi\u00e9n para los vecinos de la Regi\u00f3n de Coquimbo. As\u00ed que tenemos las fechas el d\u00eda 22 de noviembre, alrededor de las 12 del d\u00eda vamos a dar esta apertura, generando integraci\u00f3n con el Gobierno de San Juan y tambi\u00e9n con el pa\u00eds hermano de Argentina. Todos bienvenidos, estamos trabajando fuertemente para poder tener un recibimiento importante y que se vayan con la mejor experiencia de nuestro pa\u00eds y de nuestra Regi\u00f3n de Coquimbo.\u201d, coment\u00f3 el Gobernador regional, Darwin Ibacache.<\/p>\n<p>Una apertura temprana que da cuenta del trabajo conjunto entre ambos pa\u00edses que fortalecen sus lazos hist\u00f3ricos de integraci\u00f3n territorial y econ\u00f3mica.<\/p>\n<p>\u201cEn la reuni\u00f3n me ha acompa\u00f1ado con la ministra de Gobierno de la Provincia de San Juan, la doctora Laura Palma, y hemos podido coordinar acciones, sobre todo para poder abrir el camino para la uni\u00f3n que tenemos que desarrollar desde ac\u00e1 de la provincia de San Juan hasta la regi\u00f3n de Coquimbo. Ha sido una reuni\u00f3n muy amable, que nos permite tambi\u00e9n hacer observaciones en otras \u00e1reas, no solo del turismo, sino de las culturas, convenios del mandato. Una reuni\u00f3n que ha tenido todos los ingredientes y esperemos que podamos concretarla el d\u00eda 22 haciendo la reapertura al camino de Agua Negra\u201d, se\u00f1al\u00f3 el Gobernador de la Provincia de San Juan, Dr. Marcelo Orrego.<\/p>\n<p>La temporada 2024 del paso cerr\u00f3 con m\u00e1s de 40 mil cruces, 23.697 personas que hicieron ingreso a la Regi\u00f3n de Coquimbo, mientras que 22.594 salieron del territorio. Asimismo, esta \u00faltima temporada marc\u00f3 un hito en el funcionamiento del complejo durante Semana Santa, cuando cruzaron m\u00e1s de 6 mil personas.<\/p>\n<p><img loading=\"lazy\" decoding=\"async\" class=\"alignnone size-large wp-image-9161\" src=\"https:\/\/vocesparalelas.com.ar\/sitio\/wp-content\/uploads\/2018\/01\/PASO-DE-AGUA-NEGRA-15-800x600.jpg\" alt=\"\" width=\"800\" height=\"600\" srcset=\"https:\/\/vocesparalelas.com.ar\/sitio\/wp-content\/uploads\/2018\/01\/PASO-DE-AGUA-NEGRA-15-800x600.jpg 800w, https:\/\/vocesparalelas.com.ar\/sitio\/wp-content\/uploads\/2018\/01\/PASO-DE-AGUA-NEGRA-15-300x225.jpg 300w, https:\/\/vocesparalelas.com.ar\/sitio\/wp-content\/uploads\/2018\/01\/PASO-DE-AGUA-NEGRA-15-768x576.jpg 768w, https:\/\/vocesparalelas.com.ar\/sitio\/wp-content\/uploads\/2018\/01\/PASO-DE-AGUA-NEGRA-15.jpg 1024w\" sizes=\"auto, (max-width: 800px) 100vw, 800px\" \/><\/p>\n<p>&nbsp;<\/p>\n","protected":false},"excerpt":{"rendered":"<p>En una reuni\u00f3n telem\u00e1tica, las autoridades nacionales y trasandinas acordaron la fecha luego de avanzar en los trabajos de habilitaci\u00f3n<\/p>\n","protected":false},"author":3,"featured_media":55101,"comment_status":"closed","ping_status":"closed","sticky":false,"template":"","format":"standard","meta":{"_acf_changed":false,"_seopress_robots_primary_cat":"none","_seopress_titles_title":"","_seopress_titles_desc":"","_seopress_robots_index":"","colormag_page_container_layout":"default_layout","colormag_page_sidebar_layout":"default_layout","footnotes":""},"categories":[6],"tags":[],"class_list":["post-79265","post","type-post","status-publish","format-standard","has-post-thumbnail","hentry","category-eventos"],"acf":[],"_links":{"self":[{"href":"https:\/\/vocesparalelas.com.ar\/sitio\/wp-json\/wp\/v2\/posts\/79265","targetHints":{"allow":["GET"]}}],"collection":[{"href":"https:\/\/vocesparalelas.com.ar\/sitio\/wp-json\/wp\/v2\/posts"}],"about":[{"href":"https:\/\/vocesparalelas.com.ar\/sitio\/wp-json\/wp\/v2\/types\/post"}],"author":[{"embeddable":true,"href":"https:\/\/vocesparalelas.com.ar\/sitio\/wp-json\/wp\/v2\/users\/3"}],"replies":[{"embeddable":true,"href":"https:\/\/vocesparalelas.com.ar\/sitio\/wp-json\/wp\/v2\/comments?post=79265"}],"version-history":[{"count":3,"href":"https:\/\/vocesparalelas.com.ar\/sitio\/wp-json\/wp\/v2\/posts\/79265\/revisions"}],"predecessor-version":[{"id":79280,"href":"https:\/\/vocesparalelas.com.ar\/sitio\/wp-json\/wp\/v2\/posts\/79265\/revisions\/79280"}],"wp:featuredmedia":[{"embeddable":true,"href":"https:\/\/vocesparalelas.com.ar\/sitio\/wp-json\/wp\/v2\/media\/55101"}],"wp:attachment":[{"href":"https:\/\/vocesparalelas.com.ar\/sitio\/wp-json\/wp\/v2\/media?parent=79265"}],"wp:term":[{"taxonomy":"category","embeddable":true,"href":"https:\/\/vocesparalelas.com.ar\/sitio\/wp-json\/wp\/v2\/categories?post=79265"},{"taxonomy":"post_tag","embeddable":true,"href":"https:\/\/vocesparalelas.com.ar\/sitio\/wp-json\/wp\/v2\/tags?post=79265"}],"curies":[{"name":"wp","href":"https:\/\/api.w.org\/{rel}","templated":true}]}}