{"id":79259,"date":"2024-11-15T12:12:09","date_gmt":"2024-11-15T15:12:09","guid":{"rendered":"https:\/\/vocesparalelas.com.ar\/sitio\/?p=79259"},"modified":"2024-11-16T10:49:39","modified_gmt":"2024-11-16T13:49:39","slug":"se-acredita-la-garantia-salarial-para-el-personal-de-la-unsj","status":"publish","type":"post","link":"https:\/\/vocesparalelas.com.ar\/sitio\/se-acredita-la-garantia-salarial-para-el-personal-de-la-unsj\/","title":{"rendered":"Se acredita la Garant\u00eda Salarial para el personal de la UNSJ"},"content":{"rendered":"<p>El S\u00e1bado, 16 de Noviembre, se acredita para el personal de la Universidad Nacional de San Juan.<\/p>\n<ul>\n<li><span style=\"color: #0000ff;\"><strong>Garant\u00eda Salarial Docente:<\/strong><\/span>\u00a0de Abril a Septiembre de 2024<\/li>\n<li><strong><span style=\"color: #0000ff;\">Garant\u00eda Salarial Nodocente:\u00a0<\/span><\/strong>mes de Octubre de 2024<\/li>\n<\/ul>\n<p><strong><span style=\"color: #0000ff;\">Aportes de Voces Paralelas<\/span><\/strong><\/p>\n<p>El gobierno actualiz\u00f3 la garant\u00eda salarial<\/p>\n<p>Tras 10 largos meses de reclamo por parte de las federaciones universitarias, el gobierno decidi\u00f3 actualizar el monto de la garant\u00eda salarial docente a partir de octubre y en forma retroactiva al mes de abril de este a\u00f1o. Es el primer incremento desde diciembre 2023. Los nuevos pisos salariales quedar\u00e1n definidos de la siguiente manera:<\/p>\n<table>\n<tbody>\n<tr>\n<td width=\"151\">DEDICACI\u00d3N<\/td>\n<td width=\"104\">MONTO<\/td>\n<\/tr>\n<tr>\n<td width=\"151\">Simple<\/td>\n<td width=\"104\">$210 mil<\/td>\n<\/tr>\n<tr>\n<td width=\"151\">Semiexclusiva<\/td>\n<td width=\"104\">$420 mil<\/td>\n<\/tr>\n<tr>\n<td width=\"151\">Exclusiva<\/td>\n<td width=\"104\">840 mil<\/td>\n<\/tr>\n<\/tbody>\n<\/table>\n<p>&nbsp;<\/p>\n<p>El gobierno mantiene paralizadas las instancias de negociaci\u00f3n colectiva desde el momento de su asunci\u00f3n, y viene decidiendo incrementos salariales en forma arbitraria y unilateral. Por este motivo, la Garant\u00eda Salarial Docente (que se define en la paritaria nacional) estuvo congelada todo el a\u00f1o, afectando principalmente a las y los trabajadores de las categor\u00edas y dedicaciones m\u00e1s bajas.<\/p>\n<p>En un escenario de conflictividad creciente, las persistentes acciones de visibilizaci\u00f3n y protesta desplegadas por los sindicatos docentes en todas las universidades nacionales, lograron sostener esta conquista y un importante avance en la recuperaci\u00f3n de los salarios.<\/p>\n<p>Se trata del primer incremento de la garant\u00eda salarial desde diciembre de 2023 y, si bien los salarios correspondientes a las categor\u00edas, dedicaciones y antig\u00fcedades m\u00e1s bajas tendr\u00e1n un aumento inmediato, el porcentaje seguir\u00e1 siendo inferior al de la inflaci\u00f3n acumulada durante el mismo periodo.<\/p>\n<p><strong><span style=\"color: #0000ff;\">\u00bfQu\u00e9 es la garant\u00eda salarial de las y los docentes universitarios?<\/span><\/strong><\/p>\n<p>La Garant\u00eda Salarial es una conquista gremial que establece un m\u00ednimo, un piso para todo el sector educativo: nadie puede percibir un salario inferior a lo que establece esa garant\u00eda. Su valor se actualiza peri\u00f3dicamente en la Paritaria Nacional Docente, y tiene alcance nacional.<\/p>\n<p>Los salarios docentes universitarios se establecen en una grilla conforme a los diferentes cargos (titular, asociado, adjunto, asistente\/jefe de trabajos pr\u00e1cticos, ayudante) y a las dedicaciones (exclusiva, semiexclusiva y simple). A los valores de la grilla se agregan la bonificaci\u00f3n por antig\u00fcedad (del 10 al 120%) y los adicionales (por t\u00edtulo de posgrado, riesgo laboral y zona desfavorable).<\/p>\n<p>Los salarios m\u00e1s bajos de la grilla se registran para los cargos y dedicaciones menores que, en general, se corresponden con las trabajadoras y trabajadores reci\u00e9n ingresados a la docencia universitaria.<\/p>\n<p>La actualizaci\u00f3n de los montos de la garant\u00eda salarial, conseguida gracias a la lucha de la comunidad universitaria, repara parcialmente una situaci\u00f3n especialmente injusta, que castigaba con una mayor p\u00e9rdida salarial a las y los trabajadores universitarios que cobran los salarios m\u00e1s bajos.<\/p>\n<p>Como consecuencia de esta pol\u00edtica, durante el primer semestre del 2024, m\u00e1s del 30 % de las y los docentes de la UNC, ni siquiera logr\u00f3 cobrar la totalidad de los aumentos que el gobierno otorg\u00f3 unilateralmente.<\/p>\n<p><strong><span style=\"color: #0000ff;\">Para seguir leyendo<\/span><\/strong><\/p>\n<p><a href=\"https:\/\/adiuc.org.ar\/2024\/02\/27\/32-de-docentes-unc-no-percibira-la-totalidad-del-incremento-salarial-de-febrero\/\">https:\/\/adiuc.org.ar\/2024\/02\/27\/32-de-docentes-unc-no-percibira-la-totalidad-del-incremento-salarial-de-febrero\/<\/a><\/p>\n<p>&nbsp;<\/p>\n<p><img loading=\"lazy\" decoding=\"async\" class=\"alignnone size-full wp-image-54035\" src=\"https:\/\/vocesparalelas.com.ar\/sitio\/wp-content\/uploads\/2022\/11\/UNSJ-LOGO-10.jpg\" alt=\"\" width=\"800\" height=\"533\" srcset=\"https:\/\/vocesparalelas.com.ar\/sitio\/wp-content\/uploads\/2022\/11\/UNSJ-LOGO-10.jpg 800w, https:\/\/vocesparalelas.com.ar\/sitio\/wp-content\/uploads\/2022\/11\/UNSJ-LOGO-10-300x200.jpg 300w, https:\/\/vocesparalelas.com.ar\/sitio\/wp-content\/uploads\/2022\/11\/UNSJ-LOGO-10-768x512.jpg 768w\" sizes=\"auto, (max-width: 800px) 100vw, 800px\" \/><\/p>\n","protected":false},"excerpt":{"rendered":"<p>El S\u00e1bado, 16 de Noviembre, se acredita para el personal de la Universidad Nacional de San Juan. Garant\u00eda Salarial Docente:\u00a0de<\/p>\n","protected":false},"author":3,"featured_media":54097,"comment_status":"closed","ping_status":"closed","sticky":false,"template":"","format":"standard","meta":{"_acf_changed":false,"_seopress_robots_primary_cat":"none","_seopress_titles_title":"","_seopress_titles_desc":"","_seopress_robots_index":"","colormag_page_container_layout":"default_layout","colormag_page_sidebar_layout":"default_layout","footnotes":""},"categories":[6],"tags":[],"class_list":["post-79259","post","type-post","status-publish","format-standard","has-post-thumbnail","hentry","category-eventos"],"acf":[],"_links":{"self":[{"href":"https:\/\/vocesparalelas.com.ar\/sitio\/wp-json\/wp\/v2\/posts\/79259","targetHints":{"allow":["GET"]}}],"collection":[{"href":"https:\/\/vocesparalelas.com.ar\/sitio\/wp-json\/wp\/v2\/posts"}],"about":[{"href":"https:\/\/vocesparalelas.com.ar\/sitio\/wp-json\/wp\/v2\/types\/post"}],"author":[{"embeddable":true,"href":"https:\/\/vocesparalelas.com.ar\/sitio\/wp-json\/wp\/v2\/users\/3"}],"replies":[{"embeddable":true,"href":"https:\/\/vocesparalelas.com.ar\/sitio\/wp-json\/wp\/v2\/comments?post=79259"}],"version-history":[{"count":3,"href":"https:\/\/vocesparalelas.com.ar\/sitio\/wp-json\/wp\/v2\/posts\/79259\/revisions"}],"predecessor-version":[{"id":79264,"href":"https:\/\/vocesparalelas.com.ar\/sitio\/wp-json\/wp\/v2\/posts\/79259\/revisions\/79264"}],"wp:featuredmedia":[{"embeddable":true,"href":"https:\/\/vocesparalelas.com.ar\/sitio\/wp-json\/wp\/v2\/media\/54097"}],"wp:attachment":[{"href":"https:\/\/vocesparalelas.com.ar\/sitio\/wp-json\/wp\/v2\/media?parent=79259"}],"wp:term":[{"taxonomy":"category","embeddable":true,"href":"https:\/\/vocesparalelas.com.ar\/sitio\/wp-json\/wp\/v2\/categories?post=79259"},{"taxonomy":"post_tag","embeddable":true,"href":"https:\/\/vocesparalelas.com.ar\/sitio\/wp-json\/wp\/v2\/tags?post=79259"}],"curies":[{"name":"wp","href":"https:\/\/api.w.org\/{rel}","templated":true}]}}