{"id":79252,"date":"2024-11-14T21:06:23","date_gmt":"2024-11-15T00:06:23","guid":{"rendered":"https:\/\/vocesparalelas.com.ar\/sitio\/?p=79252"},"modified":"2024-11-16T23:53:38","modified_gmt":"2024-11-17T02:53:38","slug":"10-foro-saludable-provincial-de-san-juan","status":"publish","type":"post","link":"https:\/\/vocesparalelas.com.ar\/sitio\/10-foro-saludable-provincial-de-san-juan\/","title":{"rendered":"10\u00b0 Foro Saludable Provincial de San Juan"},"content":{"rendered":"<p>En el marco de la Campa\u00f1a Alimentando Voluntades 2024 del Programa Nutrici\u00f3n en Vivo, se realiza el 10\u00b0 Foro Saludable Provincial de San Juan, en el Anexo Legislatura, Auditorio Emar Acosta de la C\u00e1mara de Diputados de San Juan, el Viernes, 15 de Noviembre, de 9 a 12.30 hs.<\/p>\n<p>Acto apertura 9 hs, cuya finalidad es promover, h\u00e1bitos saludables, la actividad f\u00edsica, los entornos escolares saludables, la inclusi\u00f3n y la solidaridad en la poblaci\u00f3n escolar de nivel inicial y primaria<\/p>\n<p>La metodolog\u00eda es a modo de foro, es una puesta en com\u00fan, donde las escuelas participantes exponen sus vivencias, programas y acciones solidarias ejecutadas, durante el ciclo anual del programa, para contagiar los buenos h\u00e1bitos en sus entornos escolares.<\/p>\n<p>La jornada est\u00e1 colmada de experiencias, emociones y sorpresas. Est\u00e1n presentes un n\u00famero representativo de m\u00e1s de 50 escuelas que formaron parte de la Campa\u00f1a Alimentando Voluntades 2024 y que trabajaron bajo los tres pilares que la sostienen: buena alimentaci\u00f3n, actividad f\u00edsica y solidaridad.<\/p>\n<p>Adem\u00e1s, se distinguen a los establecimientos educativos, docentes y estudiantes que formaron parte del Programa. 3000 estudiantes son consagrados como los nuevos embajadores saludables de San Juan. Tambi\u00e9n, varias organizaciones e instituciones que han sido parte de este ciclo. Nutrici\u00f3n en Vivo lleva 30 A\u00f1os sembrando h\u00e1bitos saludables<\/p>\n<p>El 10\u00b0 Foro Saludable se puede disfrutar en vivo y directo por medio del canal de Youtube oficial Nutrici\u00f3n en Vivo<\/p>\n<p><a href=\"https:\/\/www.youtube.com\/live\/WDaYF3Lxsjk\">https:\/\/www.youtube.com\/live\/WDaYF3Lxsjk<\/a><\/p>\n<p>Todas las novedades en las redes sociales oficiales:<\/p>\n<p>Instagram @nutricionenvivo<\/p>\n<p>Facebook Nutrici\u00f3n en Vivo<\/p>\n<p>YouTube Nutrici\u00f3n en Vivo<\/p>\n<p>Spotify Nutrici\u00f3n en vivo<\/p>\n<p>Instagram @fundacionmododevida<\/p>\n<p>Facebook: Fundaci\u00f3n Modo de Vida<\/p>\n<p><a href=\"http:\/\/www.nutricionenvivo.wixsite.com\/sanjuan\">www.nutricionenvivo.wixsite.com\/sanjuan<\/a><\/p>\n<p>wathapp- 264 504-3258<\/p>\n<p>&nbsp;<\/p>\n","protected":false},"excerpt":{"rendered":"<p>En el marco de la Campa\u00f1a Alimentando Voluntades 2024 del Programa Nutrici\u00f3n en Vivo, se realiza el 10\u00b0 Foro Saludable<\/p>\n","protected":false},"author":3,"featured_media":51900,"comment_status":"closed","ping_status":"closed","sticky":false,"template":"","format":"standard","meta":{"_acf_changed":false,"_seopress_robots_primary_cat":"none","_seopress_titles_title":"","_seopress_titles_desc":"","_seopress_robots_index":"","colormag_page_container_layout":"default_layout","colormag_page_sidebar_layout":"default_layout","footnotes":""},"categories":[9],"tags":[],"class_list":["post-79252","post","type-post","status-publish","format-standard","has-post-thumbnail","hentry","category-cursos"],"acf":[],"_links":{"self":[{"href":"https:\/\/vocesparalelas.com.ar\/sitio\/wp-json\/wp\/v2\/posts\/79252","targetHints":{"allow":["GET"]}}],"collection":[{"href":"https:\/\/vocesparalelas.com.ar\/sitio\/wp-json\/wp\/v2\/posts"}],"about":[{"href":"https:\/\/vocesparalelas.com.ar\/sitio\/wp-json\/wp\/v2\/types\/post"}],"author":[{"embeddable":true,"href":"https:\/\/vocesparalelas.com.ar\/sitio\/wp-json\/wp\/v2\/users\/3"}],"replies":[{"embeddable":true,"href":"https:\/\/vocesparalelas.com.ar\/sitio\/wp-json\/wp\/v2\/comments?post=79252"}],"version-history":[{"count":1,"href":"https:\/\/vocesparalelas.com.ar\/sitio\/wp-json\/wp\/v2\/posts\/79252\/revisions"}],"predecessor-version":[{"id":79255,"href":"https:\/\/vocesparalelas.com.ar\/sitio\/wp-json\/wp\/v2\/posts\/79252\/revisions\/79255"}],"wp:featuredmedia":[{"embeddable":true,"href":"https:\/\/vocesparalelas.com.ar\/sitio\/wp-json\/wp\/v2\/media\/51900"}],"wp:attachment":[{"href":"https:\/\/vocesparalelas.com.ar\/sitio\/wp-json\/wp\/v2\/media?parent=79252"}],"wp:term":[{"taxonomy":"category","embeddable":true,"href":"https:\/\/vocesparalelas.com.ar\/sitio\/wp-json\/wp\/v2\/categories?post=79252"},{"taxonomy":"post_tag","embeddable":true,"href":"https:\/\/vocesparalelas.com.ar\/sitio\/wp-json\/wp\/v2\/tags?post=79252"}],"curies":[{"name":"wp","href":"https:\/\/api.w.org\/{rel}","templated":true}]}}