{"id":79245,"date":"2024-11-14T21:35:50","date_gmt":"2024-11-15T00:35:50","guid":{"rendered":"https:\/\/vocesparalelas.com.ar\/sitio\/?p=79245"},"modified":"2024-11-16T23:55:57","modified_gmt":"2024-11-17T02:55:57","slug":"buscan-la-donacion-del-terreno-para-el-club-defensores-del-este-en-la-camara-de-diputados-de-san-juan","status":"publish","type":"post","link":"https:\/\/vocesparalelas.com.ar\/sitio\/buscan-la-donacion-del-terreno-para-el-club-defensores-del-este-en-la-camara-de-diputados-de-san-juan\/","title":{"rendered":"Buscan la donaci\u00f3n del terreno para el Club Defensores del Este en la C\u00e1mara de Diputados de San Juan"},"content":{"rendered":"<p>El vicegobernador de San Juan, Dr. Fabi\u00e1n Mart\u00edn recibi\u00f3 junto al diputado, Emilio Escudero a integrantes del Club Defensores del Este, Departamento Caucete, en el edificio Anexo de la C\u00e1mara de Diputados.<\/p>\n<p>Durante el encuentro dialogaron sobre la posibilidad de concretar la donaci\u00f3n de un terreno para la instituci\u00f3n deportiva que hace m\u00e1s de 37 a\u00f1os realiza de forma ininterrumpida un intercambio cultural con el Club San Luis del Campo de Curacavi que pertenece a la V Regi\u00f3n de Chile.<\/p>\n<p>Cabe destacar que en la Decimocuarta sesi\u00f3n que se lleva a cabo el Jueves, 14 de Noviembre, toma estado parlamentario, para ser tratado en las comisiones de Legislaci\u00f3n y Asuntos Constitucionales, y Obras y Servicios P\u00fablicos, un proyecto de Ley que propone donar a la entidad las parcelas ubicadas en calle Jujuy S\/N, Departamento Caucete.<\/p>\n<p>Asimismo, abordaron otros temas como la ampliaci\u00f3n de la agenda cultural e institucional que desarrollan el Club con el gobierno provincial y con la alcald\u00eda de chile, para que las autoridades provinciales sean parte el pr\u00f3ximo a\u00f1o de los encuentros binacionales<strong>.<\/strong><\/p>\n<figure id=\"attachment_37951\" aria-describedby=\"caption-attachment-37951\" style=\"width: 800px\" class=\"wp-caption alignnone\"><img loading=\"lazy\" decoding=\"async\" class=\"size-full wp-image-37951\" src=\"https:\/\/vocesparalelas.com.ar\/sitio\/wp-content\/uploads\/2021\/05\/CAMARA-EDIFICIO.jpg\" alt=\"\" width=\"800\" height=\"515\" srcset=\"https:\/\/vocesparalelas.com.ar\/sitio\/wp-content\/uploads\/2021\/05\/CAMARA-EDIFICIO.jpg 800w, https:\/\/vocesparalelas.com.ar\/sitio\/wp-content\/uploads\/2021\/05\/CAMARA-EDIFICIO-300x193.jpg 300w, https:\/\/vocesparalelas.com.ar\/sitio\/wp-content\/uploads\/2021\/05\/CAMARA-EDIFICIO-768x494.jpg 768w\" sizes=\"auto, (max-width: 800px) 100vw, 800px\" \/><figcaption id=\"caption-attachment-37951\" class=\"wp-caption-text\">Legislatura Provincial de San Juan, Rep\u00fablica Argentina<\/figcaption><\/figure>\n","protected":false},"excerpt":{"rendered":"<p>El vicegobernador de San Juan, Dr. Fabi\u00e1n Mart\u00edn recibi\u00f3 junto al diputado, Emilio Escudero a integrantes del Club Defensores del<\/p>\n","protected":false},"author":3,"featured_media":79248,"comment_status":"closed","ping_status":"closed","sticky":false,"template":"","format":"standard","meta":{"_acf_changed":false,"_seopress_robots_primary_cat":"none","_seopress_titles_title":"","_seopress_titles_desc":"","_seopress_robots_index":"","colormag_page_container_layout":"default_layout","colormag_page_sidebar_layout":"default_layout","footnotes":""},"categories":[2],"tags":[],"class_list":["post-79245","post","type-post","status-publish","format-standard","has-post-thumbnail","hentry","category-convocatorias"],"acf":[],"_links":{"self":[{"href":"https:\/\/vocesparalelas.com.ar\/sitio\/wp-json\/wp\/v2\/posts\/79245","targetHints":{"allow":["GET"]}}],"collection":[{"href":"https:\/\/vocesparalelas.com.ar\/sitio\/wp-json\/wp\/v2\/posts"}],"about":[{"href":"https:\/\/vocesparalelas.com.ar\/sitio\/wp-json\/wp\/v2\/types\/post"}],"author":[{"embeddable":true,"href":"https:\/\/vocesparalelas.com.ar\/sitio\/wp-json\/wp\/v2\/users\/3"}],"replies":[{"embeddable":true,"href":"https:\/\/vocesparalelas.com.ar\/sitio\/wp-json\/wp\/v2\/comments?post=79245"}],"version-history":[{"count":3,"href":"https:\/\/vocesparalelas.com.ar\/sitio\/wp-json\/wp\/v2\/posts\/79245\/revisions"}],"predecessor-version":[{"id":79251,"href":"https:\/\/vocesparalelas.com.ar\/sitio\/wp-json\/wp\/v2\/posts\/79245\/revisions\/79251"}],"wp:featuredmedia":[{"embeddable":true,"href":"https:\/\/vocesparalelas.com.ar\/sitio\/wp-json\/wp\/v2\/media\/79248"}],"wp:attachment":[{"href":"https:\/\/vocesparalelas.com.ar\/sitio\/wp-json\/wp\/v2\/media?parent=79245"}],"wp:term":[{"taxonomy":"category","embeddable":true,"href":"https:\/\/vocesparalelas.com.ar\/sitio\/wp-json\/wp\/v2\/categories?post=79245"},{"taxonomy":"post_tag","embeddable":true,"href":"https:\/\/vocesparalelas.com.ar\/sitio\/wp-json\/wp\/v2\/tags?post=79245"}],"curies":[{"name":"wp","href":"https:\/\/api.w.org\/{rel}","templated":true}]}}