{"id":79239,"date":"2024-11-14T22:52:34","date_gmt":"2024-11-15T01:52:34","guid":{"rendered":"https:\/\/vocesparalelas.com.ar\/sitio\/?p=79239"},"modified":"2024-11-16T00:18:00","modified_gmt":"2024-11-16T03:18:00","slug":"centro-de-notificacion-y-testeo-vectorial-de-la-enfermedad-de-chagas-en-la-fi-de-la-unsj","status":"publish","type":"post","link":"https:\/\/vocesparalelas.com.ar\/sitio\/centro-de-notificacion-y-testeo-vectorial-de-la-enfermedad-de-chagas-en-la-fi-de-la-unsj\/","title":{"rendered":"Centro de Notificaci\u00f3n y Testeo Vectorial de la enfermedad de Chagas en la FI de la UNSJ"},"content":{"rendered":"<p>La Facultad de Ingenier\u00eda de la Universidad Nacional de San Juan suma un importante aporte al sistema de Salud P\u00fablica de la provincia de San Juan, a partir de la formalizaci\u00f3n de un nuevo Centro de Notificaci\u00f3n y Testeo Vectorial dedicado a la detecci\u00f3n de\u00a0Trypanosoma cruzi: el par\u00e1sito que provoca la enfermedad de Chagas. El centro ya se encuentra funcionando en edificio central de la Facultad, en el \u00e1mbito del Instituto de Biotecnolog\u00eda (IBT).<\/p>\n<p>En el recientemente acondicionado Laboratorio de Vectores de Incidencia en la Salud Humana del IBT, ya se reciben ejemplares de vinchucas de todos los departamentos de San Juan. El ingreso m\u00e1s directo est\u00e1 ubicado sobre Av. Libertador General San Mart\u00edn, cerca del l\u00edmite entre la Facultad de Ingenier\u00eda y el Lawn Tennis Club. Los d\u00edas y horarios de atenci\u00f3n son: martes, mi\u00e9rcoles y viernes de 14 a 17 horas. Los testeos no tienen costo para quienes se acercan a solicitar el servicio.<\/p>\n<p>El personal cient\u00edfico de este laboratorio est\u00e1 capacitado para recibir insectos de manera segura, realizar an\u00e1lisis, detectar la presencia de par\u00e1sitos transmisores de la enfermedad de Chagas y dirigir informes a Salud P\u00fablica. Los resultados son informados al Programa Provincial de Control de Vectores y, a trav\u00e9s de medios virtuales, al sitio de procedencia de los triatominos receptados. La eliminaci\u00f3n y decomisado de los insectos se implementa bajo estricto protocolo de la Unidad de Riesgos Emergentes y Medio Ambiente (UGREMA) de la Facultad de Ingenier\u00eda.<br \/>\nAdem\u00e1s de lo mencionado, en el laboratorio se cumplen tareas de investigaci\u00f3n estrat\u00e9gica para la regi\u00f3n, como ensayos de repelencia a campo y semicampo con aceites esenciales de plantas arom\u00e1ticas aut\u00f3ctonas de San Juan.<\/p>\n<p>La formalizaci\u00f3n del Centro de Notificaci\u00f3n y Testeo de\u00a0<i>Trypanosoma cruzi<\/i>\u00a0en la Facultad de Ingenier\u00eda implica que podr\u00e1n recibirse en este lugar ejemplares de vinchucas. La presencia de tripanosom\u00e1tidos ser\u00e1 testeada por parte del equipo de investigaci\u00f3n dependiente del IBT, mediante el an\u00e1lisis del contenido intestinal. A trav\u00e9s de microscop\u00eda \u00f3ptica se obtendr\u00e1n resultados que ser\u00e1n informados al Centro de Programa Provincial Control de Vectores y a la comunidad en testeo.<\/p>\n<p>Este aporte que incorpora uno de los institutos de la Facultad de Ingenier\u00eda es resultado de un extenso proceso que tuvo un paso fundamental el 28 de marzo de 2023, cuando se firm\u00f3 un Acta Complementaria entre la Universidad Nacional de San Juan, el Ministerio de Salud de la provincia y la Facultad de Ingenier\u00eda, en el marco de un Convenio de Asistencia y Cooperaci\u00f3n mutua rubricado en octubre de 1988. Con la firma del Acta Complementaria, la UNSJ y la Facultad de Ingenier\u00eda se comprometieron a designar como unidad ejecutora al Instituto de Biotecnolog\u00eda y su directora, Dra. Cristina Nally, como responsable cient\u00edfica. Adem\u00e1s, se design\u00f3 como parte del equipo de referentes cient\u00edficas la Dra. Sandra L\u00f3pez y el Dr. Alejandro Tapia. El Ministerio de Salud de San Juan, por su parte, asign\u00f3 al Programa de Provincial de Control de Vectores como unidad ejecutora y a las Dras. Liliana Salva y Florencia Cano Su\u00e1rez como titular y suplente.<\/p>\n<p>El equipo de profesionales a cargo por parte de la Facultad de Ingenier\u00eda, est\u00e1 conformado por:<\/p>\n<ul>\n<li>Personal responsable: Dra. Cristina Nally y Dra. Sandra L\u00f3pez<\/li>\n<li>Personal analista y encargado del testo: Dra. Sandra L\u00f3pez y Lic. Bel\u00e9n Ariza Sampietro<\/li>\n<li>Personal acad\u00e9mico: Dra. Cristina Nally; Dra. Sandra L\u00f3pez y Dr. Alejandro Tapia.<\/li>\n<\/ul>\n<figure id=\"attachment_23028\" aria-describedby=\"caption-attachment-23028\" style=\"width: 800px\" class=\"wp-caption alignnone\"><img loading=\"lazy\" decoding=\"async\" class=\"size-large wp-image-23028\" src=\"https:\/\/vocesparalelas.com.ar\/sitio\/wp-content\/uploads\/2019\/08\/FI-UNSJ-EDIFICIO-800x600.jpg\" alt=\"\" width=\"800\" height=\"600\" srcset=\"https:\/\/vocesparalelas.com.ar\/sitio\/wp-content\/uploads\/2019\/08\/FI-UNSJ-EDIFICIO-800x600.jpg 800w, https:\/\/vocesparalelas.com.ar\/sitio\/wp-content\/uploads\/2019\/08\/FI-UNSJ-EDIFICIO-300x225.jpg 300w, https:\/\/vocesparalelas.com.ar\/sitio\/wp-content\/uploads\/2019\/08\/FI-UNSJ-EDIFICIO-768x576.jpg 768w, https:\/\/vocesparalelas.com.ar\/sitio\/wp-content\/uploads\/2019\/08\/FI-UNSJ-EDIFICIO.jpg 888w\" sizes=\"auto, (max-width: 800px) 100vw, 800px\" \/><figcaption id=\"caption-attachment-23028\" class=\"wp-caption-text\">Facultad de Ingenier\u00eda de la Universidad Nacional de San Juan, Argentina<\/figcaption><\/figure>\n","protected":false},"excerpt":{"rendered":"<p>La Facultad de Ingenier\u00eda de la Universidad Nacional de San Juan suma un importante aporte al sistema de Salud P\u00fablica<\/p>\n","protected":false},"author":3,"featured_media":79244,"comment_status":"closed","ping_status":"closed","sticky":false,"template":"","format":"standard","meta":{"_acf_changed":false,"_seopress_robots_primary_cat":"none","_seopress_titles_title":"","_seopress_titles_desc":"","_seopress_robots_index":"","colormag_page_container_layout":"default_layout","colormag_page_sidebar_layout":"default_layout","footnotes":""},"categories":[15],"tags":[],"class_list":["post-79239","post","type-post","status-publish","format-standard","has-post-thumbnail","hentry","category-posgrados"],"acf":[],"_links":{"self":[{"href":"https:\/\/vocesparalelas.com.ar\/sitio\/wp-json\/wp\/v2\/posts\/79239","targetHints":{"allow":["GET"]}}],"collection":[{"href":"https:\/\/vocesparalelas.com.ar\/sitio\/wp-json\/wp\/v2\/posts"}],"about":[{"href":"https:\/\/vocesparalelas.com.ar\/sitio\/wp-json\/wp\/v2\/types\/post"}],"author":[{"embeddable":true,"href":"https:\/\/vocesparalelas.com.ar\/sitio\/wp-json\/wp\/v2\/users\/3"}],"replies":[{"embeddable":true,"href":"https:\/\/vocesparalelas.com.ar\/sitio\/wp-json\/wp\/v2\/comments?post=79239"}],"version-history":[{"count":1,"href":"https:\/\/vocesparalelas.com.ar\/sitio\/wp-json\/wp\/v2\/posts\/79239\/revisions"}],"predecessor-version":[{"id":79243,"href":"https:\/\/vocesparalelas.com.ar\/sitio\/wp-json\/wp\/v2\/posts\/79239\/revisions\/79243"}],"wp:featuredmedia":[{"embeddable":true,"href":"https:\/\/vocesparalelas.com.ar\/sitio\/wp-json\/wp\/v2\/media\/79244"}],"wp:attachment":[{"href":"https:\/\/vocesparalelas.com.ar\/sitio\/wp-json\/wp\/v2\/media?parent=79239"}],"wp:term":[{"taxonomy":"category","embeddable":true,"href":"https:\/\/vocesparalelas.com.ar\/sitio\/wp-json\/wp\/v2\/categories?post=79239"},{"taxonomy":"post_tag","embeddable":true,"href":"https:\/\/vocesparalelas.com.ar\/sitio\/wp-json\/wp\/v2\/tags?post=79239"}],"curies":[{"name":"wp","href":"https:\/\/api.w.org\/{rel}","templated":true}]}}