{"id":79230,"date":"2024-11-15T11:00:56","date_gmt":"2024-11-15T14:00:56","guid":{"rendered":"https:\/\/vocesparalelas.com.ar\/sitio\/?p=79230"},"modified":"2024-11-16T13:54:44","modified_gmt":"2024-11-16T16:54:44","slug":"se-suspende-la-feria-aproproductiva-en-san-juan-con-varias-novedades-y-pasa-al-lunes-18-de-noviembre","status":"publish","type":"post","link":"https:\/\/vocesparalelas.com.ar\/sitio\/se-suspende-la-feria-aproproductiva-en-san-juan-con-varias-novedades-y-pasa-al-lunes-18-de-noviembre\/","title":{"rendered":"Se suspende la Feria Aproproductiva en San Juan con varias novedades y pasa al Lunes, 18 de Noviembre"},"content":{"rendered":"<p>Debido a una alerta meteorol\u00f3gica, la tradicional muestra no se realiza el S\u00e1bado, 16 de Noviembre y se reprograma para el Lunes, 18 de Noviembre y con la presencia de alrededor de 120 emprendedores y productores proveniente de los departamentos de San Juan. la Gran Feria Agroproductiva, de 9 a 13.30 hs.; en el Paseo de las Palmeras del Parque de Mayo.<\/p>\n<p>Frutas y verduras org\u00e1nicas, dulces, conservas, panificaci\u00f3n, vinos, frutos secos, aceite de oliva, plantas, especias y medicina natural; ser\u00e1n algunas de las variedades ofrecer\u00e1n al p\u00fablico que asistir\u00e1.<\/p>\n<p>Adem\u00e1s, la Direcci\u00f3n de Sanidad Vegetal, Animal y Alimentos tiene un espacio para divulgar las actividades que realiza sobre al manejo integrado de plagas agr\u00edcolas. Asimismo, dan a conocer las herramientas de control amigables con el Ambiente y la Salud Humana (no contaminantes) disponibles para combatir diferentes plagas de la fruticultura de la provincia.<\/p>\n<p>Tambi\u00e9n, presentan ante el p\u00fablico en general y productores los insectos biocontroladores que se producen en la BioPlanta San Juan; espacio que est\u00e1 abierto al p\u00fablico para que puedan realizar visitas.<\/p>\n<p>Vale destacar que la Feria Agroproductiva la organiza la Secretar\u00eda de Agricultura, Ganader\u00eda y Agroindustria, a trav\u00e9s de la Direcci\u00f3n Desarrollo Agropecuario del Ministerio de Producci\u00f3n, Trabajo e Innovaci\u00f3n del Gobierno de San Juan, de la que forman parte productores y emprendedores provenientes de los 19 departamentos de la provincia de San Juan.<\/p>\n<p><span style=\"color: #ff6600;\"><strong>S\u00e9ptima edici\u00f3n de Cambio Verde<\/strong><\/span><\/p>\n<p>Es importante mencionar que se llevar\u00e1 a cabo Cambio Verde; un programa impulsado por el Ministerio de Gobierno, con el apoyo del Ministerio de Producci\u00f3n, Trabajo e Innovaci\u00f3n y la Secretar\u00eda de Estado y Ambiente de la provincia. El proyecto permitir\u00e1 a los ciudadanos intercambiar 20 materiales reciclables por un voucher.<\/p>\n<p>Para esta edici\u00f3n especial, cuenta con el apoyo de la Direcci\u00f3n de Bosques Nativos, que ofrece a los asistentes juegos educativos para ni\u00f1os y meriendas saludables. Esta iniciativa busca hacer del reciclaje una actividad entretenida y familiar, involucrando a los m\u00e1s peque\u00f1os en la protecci\u00f3n del medioambiente mientras disfrutan de un entorno seguro y saludable.<\/p>\n<p><img loading=\"lazy\" decoding=\"async\" class=\"alignnone size-full wp-image-74847\" src=\"https:\/\/vocesparalelas.com.ar\/sitio\/wp-content\/uploads\/2024\/07\/AMBIENTE-VERDE.jpg\" alt=\"\" width=\"800\" height=\"623\" srcset=\"https:\/\/vocesparalelas.com.ar\/sitio\/wp-content\/uploads\/2024\/07\/AMBIENTE-VERDE.jpg 800w, https:\/\/vocesparalelas.com.ar\/sitio\/wp-content\/uploads\/2024\/07\/AMBIENTE-VERDE-300x234.jpg 300w, https:\/\/vocesparalelas.com.ar\/sitio\/wp-content\/uploads\/2024\/07\/AMBIENTE-VERDE-768x598.jpg 768w\" sizes=\"auto, (max-width: 800px) 100vw, 800px\" \/><\/p>\n<p><span style=\"color: #ff6600;\"><strong>Tarjeta Sube<\/strong><\/span><\/p>\n<p>Otras de las novedades que habr\u00e1 en la jornada es la presencia de un stand de la Tarjeta Sube. En este espacio, los interesados podr\u00e1n recibir asesoramiento y adquirir la tarjeta que le permitir\u00e1 utilizar los medios de transporte p\u00fablico.<\/p>\n<p><img loading=\"lazy\" decoding=\"async\" class=\"alignnone size-large wp-image-18849\" src=\"https:\/\/vocesparalelas.com.ar\/sitio\/wp-content\/uploads\/2019\/02\/TARJETA-SUBE-800x445.jpg\" alt=\"\" width=\"800\" height=\"445\" srcset=\"https:\/\/vocesparalelas.com.ar\/sitio\/wp-content\/uploads\/2019\/02\/TARJETA-SUBE-800x445.jpg 800w, https:\/\/vocesparalelas.com.ar\/sitio\/wp-content\/uploads\/2019\/02\/TARJETA-SUBE-300x167.jpg 300w, https:\/\/vocesparalelas.com.ar\/sitio\/wp-content\/uploads\/2019\/02\/TARJETA-SUBE-768x427.jpg 768w, https:\/\/vocesparalelas.com.ar\/sitio\/wp-content\/uploads\/2019\/02\/TARJETA-SUBE.jpg 1000w\" sizes=\"auto, (max-width: 800px) 100vw, 800px\" \/><\/p>\n<p><span style=\"color: #ff6600;\"><strong>Seguridad Vial<\/strong><\/span><\/p>\n<p>El Auditorio al Monumento al Deporte es el escenario en el que hay dos simuladores de manejo y capacitaciones de seguridad vial. Esta actividad est\u00e1 organizada por la Secretar\u00eda de Deportes.<\/p>\n<p>&nbsp;<\/p>\n<p><img loading=\"lazy\" decoding=\"async\" class=\"alignnone size-large wp-image-46520\" src=\"https:\/\/vocesparalelas.com.ar\/sitio\/wp-content\/uploads\/2022\/02\/VIALITO-800x390.jpg\" alt=\"\" width=\"800\" height=\"390\" srcset=\"https:\/\/vocesparalelas.com.ar\/sitio\/wp-content\/uploads\/2022\/02\/VIALITO-800x390.jpg 800w, https:\/\/vocesparalelas.com.ar\/sitio\/wp-content\/uploads\/2022\/02\/VIALITO-300x146.jpg 300w, https:\/\/vocesparalelas.com.ar\/sitio\/wp-content\/uploads\/2022\/02\/VIALITO-768x374.jpg 768w, https:\/\/vocesparalelas.com.ar\/sitio\/wp-content\/uploads\/2022\/02\/VIALITO.jpg 1024w\" sizes=\"auto, (max-width: 800px) 100vw, 800px\" \/><\/p>\n<p>&nbsp;<\/p>\n<p><iframe loading=\"lazy\" title=\"FERIA AGROPRODUCTIVA SAN JUAN\" width=\"800\" height=\"450\" src=\"https:\/\/www.youtube.com\/embed\/s3Ywi3Ao_z4?feature=oembed\" frameborder=\"0\" allow=\"accelerometer; autoplay; clipboard-write; encrypted-media; gyroscope; picture-in-picture; web-share\" referrerpolicy=\"strict-origin-when-cross-origin\" allowfullscreen><\/iframe><\/p>\n<p>&nbsp;<\/p>\n<p>&nbsp;<\/p>\n<p>&nbsp;<\/p>\n","protected":false},"excerpt":{"rendered":"<p>Debido a una alerta meteorol\u00f3gica, la tradicional muestra no se realiza el S\u00e1bado, 16 de Noviembre y se reprograma para<\/p>\n","protected":false},"author":3,"featured_media":71556,"comment_status":"closed","ping_status":"closed","sticky":false,"template":"","format":"standard","meta":{"_acf_changed":false,"_seopress_robots_primary_cat":"none","_seopress_titles_title":"","_seopress_titles_desc":"","_seopress_robots_index":"","colormag_page_container_layout":"default_layout","colormag_page_sidebar_layout":"default_layout","footnotes":""},"categories":[6,7],"tags":[],"class_list":["post-79230","post","type-post","status-publish","format-standard","has-post-thumbnail","hentry","category-eventos","category-videos"],"acf":[],"_links":{"self":[{"href":"https:\/\/vocesparalelas.com.ar\/sitio\/wp-json\/wp\/v2\/posts\/79230","targetHints":{"allow":["GET"]}}],"collection":[{"href":"https:\/\/vocesparalelas.com.ar\/sitio\/wp-json\/wp\/v2\/posts"}],"about":[{"href":"https:\/\/vocesparalelas.com.ar\/sitio\/wp-json\/wp\/v2\/types\/post"}],"author":[{"embeddable":true,"href":"https:\/\/vocesparalelas.com.ar\/sitio\/wp-json\/wp\/v2\/users\/3"}],"replies":[{"embeddable":true,"href":"https:\/\/vocesparalelas.com.ar\/sitio\/wp-json\/wp\/v2\/comments?post=79230"}],"version-history":[{"count":3,"href":"https:\/\/vocesparalelas.com.ar\/sitio\/wp-json\/wp\/v2\/posts\/79230\/revisions"}],"predecessor-version":[{"id":79258,"href":"https:\/\/vocesparalelas.com.ar\/sitio\/wp-json\/wp\/v2\/posts\/79230\/revisions\/79258"}],"wp:featuredmedia":[{"embeddable":true,"href":"https:\/\/vocesparalelas.com.ar\/sitio\/wp-json\/wp\/v2\/media\/71556"}],"wp:attachment":[{"href":"https:\/\/vocesparalelas.com.ar\/sitio\/wp-json\/wp\/v2\/media?parent=79230"}],"wp:term":[{"taxonomy":"category","embeddable":true,"href":"https:\/\/vocesparalelas.com.ar\/sitio\/wp-json\/wp\/v2\/categories?post=79230"},{"taxonomy":"post_tag","embeddable":true,"href":"https:\/\/vocesparalelas.com.ar\/sitio\/wp-json\/wp\/v2\/tags?post=79230"}],"curies":[{"name":"wp","href":"https:\/\/api.w.org\/{rel}","templated":true}]}}