{"id":79215,"date":"2024-11-14T19:44:51","date_gmt":"2024-11-14T22:44:51","guid":{"rendered":"https:\/\/vocesparalelas.com.ar\/sitio\/?p=79215"},"modified":"2024-11-15T23:17:57","modified_gmt":"2024-11-16T02:17:57","slug":"disfruta-las-escuelas-de-verano-y-deporte-aventura-2024-2025-en-el-palomar-de-la-unsj","status":"publish","type":"post","link":"https:\/\/vocesparalelas.com.ar\/sitio\/disfruta-las-escuelas-de-verano-y-deporte-aventura-2024-2025-en-el-palomar-de-la-unsj\/","title":{"rendered":"Disfruta las Escuelas de Verano y Deporte Aventura 2024 &#8211; 2025 en El Palomar de la UNSJ"},"content":{"rendered":"<p>El coordinador de las actividades de verano de la Secretar\u00eda de Bienestar Universitario de la Universidad Nacional de San Juan, Prof. Cristian Pandiela, brind\u00f3 informaci\u00f3n acerca de las actividades de la Escuela de Verano, la Escuela Deporte Aventura y la Colonia para Adultos a partir de los 50 a\u00f1os.<\/p>\n<p>Desde el Lunes, 11 de Noviembre al Lunes, 2 de Diciembre de 2024, se desarrollan las inscripciones para socios activos de la UNSJ en las oficinas del Complejo Deportivo El Palomar, de 9 a 13 y de 15 a 20 horas. Los cupos son limitados.<\/p>\n<p><span style=\"color: #ff6600;\"><strong>Las actividades se dividen en tres tipo de servicios<\/strong><\/span><\/p>\n<ul>\n<li>Escuela de verano para ni\u00f1os de 4 a 11 a\u00f1os. De lunes a viernes de 9 a 13 horas.<\/li>\n<li>Escuela de deporte aventura para ni\u00f1os y adolescentes de 12 a 17 a\u00f1os. De lunes a viernes de 13:30 a 17:30 horas.<\/li>\n<li>Colonia de adultos mayores a partir de 50 a\u00f1os. De martes a viernes de 8:30 a 12:30 horas<\/li>\n<\/ul>\n<p>Las actividades comienzan el 16 de Diciembre de 2024 y culminan el 21 de Febrero de 2025.<\/p>\n<p><strong><span style=\"color: #ff6600;\">Para la inscripci\u00f3n de las actividades se debe llevar la siguiente documentaci\u00f3n completa<\/span><\/strong><\/p>\n<ul>\n<li>Ficha de inscripci\u00f3n<\/li>\n<li>Declaraci\u00f3n jurada de salud (Firmada y Sellada por un m\u00e9dico)<\/li>\n<li>Fotocopia del DNI del menor.<\/li>\n<li>Fotocopia del Carnet de Vacunas.<\/li>\n<\/ul>\n<p>Las formas de pago de las cuotas pueden ser de contado o hasta en tres cuotas.<\/p>\n<p><strong><span style=\"color: #ff6600;\">Forma de pago: contado o cuotas<\/span><\/strong><\/p>\n<ul>\n<li>Contado: Pago unico para toda la Escuela de Verano y Deporte Aventura.<\/li>\n<li>Cuotas: Incluye 3 cuotas (siempre y cuando se respeten los plazos estipulados para el pago de las mismas):<\/li>\n<\/ul>\n<p><span style=\"color: #ff6600;\"><strong>Pago en cuotas<\/strong><\/span><\/p>\n<ul>\n<li>Al momento de inscripci\u00f3n debe abonare el importe de la 1\u00b0 cuota.<\/li>\n<li>La 2\u00b0 cuota debe cancelarse al inicio de las actividades antes del 16 de Diciembre de 2024<\/li>\n<li>La 3\u00b0 cuota debe cancelarse antes del 15 de Enero de 2025, sin excepci\u00f3n<\/li>\n<\/ul>\n<p><img loading=\"lazy\" decoding=\"async\" class=\"alignnone size-full wp-image-79222 aligncenter\" src=\"https:\/\/vocesparalelas.com.ar\/sitio\/wp-content\/uploads\/2024\/11\/UNSJ-TABLA-VALORES-01.jpg\" alt=\"\" width=\"500\" height=\"706\" srcset=\"https:\/\/vocesparalelas.com.ar\/sitio\/wp-content\/uploads\/2024\/11\/UNSJ-TABLA-VALORES-01.jpg 500w, https:\/\/vocesparalelas.com.ar\/sitio\/wp-content\/uploads\/2024\/11\/UNSJ-TABLA-VALORES-01-212x300.jpg 212w\" sizes=\"auto, (max-width: 500px) 100vw, 500px\" \/><\/p>\n<p><strong><span style=\"color: #ff6600;\">Para m\u00e1s informaci\u00f3n<\/span><\/strong><\/p>\n<p>El p\u00fablico interesado puede comunicarse al: 2646629521<\/p>\n<p>Pueden encontrar la tabla de valores en la imagen y la ficha para descargar en archivos.<\/p>\n<p><span style=\"color: #ff6600;\"><strong>Archivos Adjunto<\/strong><\/span><\/p>\n<p><a href=\"https:\/\/vocesparalelas.com.ar\/sitio\/wp-content\/uploads\/2024\/11\/UNSJ-FICHADEINSCRIPC_8711_009.pdf\">UNSJ-FICHADEINSCRIPC_8711_009<\/a><\/p>\n<p>&nbsp;<\/p>\n<p>&nbsp;<\/p>\n<p>&nbsp;<\/p>\n<p><img loading=\"lazy\" decoding=\"async\" class=\"alignnone size-large wp-image-6496\" src=\"https:\/\/vocesparalelas.com.ar\/sitio\/wp-content\/uploads\/2017\/10\/EL-PALOMAR-16-800x450.jpg\" alt=\"\" width=\"800\" height=\"450\" srcset=\"https:\/\/vocesparalelas.com.ar\/sitio\/wp-content\/uploads\/2017\/10\/EL-PALOMAR-16-800x450.jpg 800w, https:\/\/vocesparalelas.com.ar\/sitio\/wp-content\/uploads\/2017\/10\/EL-PALOMAR-16-300x169.jpg 300w, https:\/\/vocesparalelas.com.ar\/sitio\/wp-content\/uploads\/2017\/10\/EL-PALOMAR-16-768x432.jpg 768w, https:\/\/vocesparalelas.com.ar\/sitio\/wp-content\/uploads\/2017\/10\/EL-PALOMAR-16.jpg 1024w\" sizes=\"auto, (max-width: 800px) 100vw, 800px\" \/><\/p>\n","protected":false},"excerpt":{"rendered":"<p>El coordinador de las actividades de verano de la Secretar\u00eda de Bienestar Universitario de la Universidad Nacional de San Juan,<\/p>\n","protected":false},"author":3,"featured_media":69292,"comment_status":"closed","ping_status":"closed","sticky":false,"template":"","format":"standard","meta":{"_acf_changed":false,"_seopress_robots_primary_cat":"none","_seopress_titles_title":"","_seopress_titles_desc":"","_seopress_robots_index":"","colormag_page_container_layout":"default_layout","colormag_page_sidebar_layout":"default_layout","footnotes":""},"categories":[2],"tags":[],"class_list":["post-79215","post","type-post","status-publish","format-standard","has-post-thumbnail","hentry","category-convocatorias"],"acf":[],"_links":{"self":[{"href":"https:\/\/vocesparalelas.com.ar\/sitio\/wp-json\/wp\/v2\/posts\/79215","targetHints":{"allow":["GET"]}}],"collection":[{"href":"https:\/\/vocesparalelas.com.ar\/sitio\/wp-json\/wp\/v2\/posts"}],"about":[{"href":"https:\/\/vocesparalelas.com.ar\/sitio\/wp-json\/wp\/v2\/types\/post"}],"author":[{"embeddable":true,"href":"https:\/\/vocesparalelas.com.ar\/sitio\/wp-json\/wp\/v2\/users\/3"}],"replies":[{"embeddable":true,"href":"https:\/\/vocesparalelas.com.ar\/sitio\/wp-json\/wp\/v2\/comments?post=79215"}],"version-history":[{"count":4,"href":"https:\/\/vocesparalelas.com.ar\/sitio\/wp-json\/wp\/v2\/posts\/79215\/revisions"}],"predecessor-version":[{"id":79224,"href":"https:\/\/vocesparalelas.com.ar\/sitio\/wp-json\/wp\/v2\/posts\/79215\/revisions\/79224"}],"wp:featuredmedia":[{"embeddable":true,"href":"https:\/\/vocesparalelas.com.ar\/sitio\/wp-json\/wp\/v2\/media\/69292"}],"wp:attachment":[{"href":"https:\/\/vocesparalelas.com.ar\/sitio\/wp-json\/wp\/v2\/media?parent=79215"}],"wp:term":[{"taxonomy":"category","embeddable":true,"href":"https:\/\/vocesparalelas.com.ar\/sitio\/wp-json\/wp\/v2\/categories?post=79215"},{"taxonomy":"post_tag","embeddable":true,"href":"https:\/\/vocesparalelas.com.ar\/sitio\/wp-json\/wp\/v2\/tags?post=79215"}],"curies":[{"name":"wp","href":"https:\/\/api.w.org\/{rel}","templated":true}]}}