{"id":79210,"date":"2024-11-14T15:12:47","date_gmt":"2024-11-14T18:12:47","guid":{"rendered":"https:\/\/vocesparalelas.com.ar\/sitio\/?p=79210"},"modified":"2024-11-15T23:40:52","modified_gmt":"2024-11-16T02:40:52","slug":"banco-san-juan-y-unidad-minera-de-grupo-petersen-aportan-valor-internacional-a-la-mineria-regional","status":"publish","type":"post","link":"https:\/\/vocesparalelas.com.ar\/sitio\/banco-san-juan-y-unidad-minera-de-grupo-petersen-aportan-valor-internacional-a-la-mineria-regional\/","title":{"rendered":"Banco San Juan y Unidad Minera de Grupo Petersen aportan valor internacional a la miner\u00eda regional"},"content":{"rendered":"<p>Directivos de la Bolsa de Valores de Toronto, Rep\u00fablica de Canad\u00e1, expusieron en San Juan, Rep\u00fablica Argentina sobre las perspectivas y oportunidades para el sector minero en un encuentro organizado por el Banco San Juan y la Unidad Minera de Grupo Petersen que convoc\u00f3 a representantes del ecosistema minero regional, referentes provinciales y nacionales del sector, empresarios, autoridades acad\u00e9micas, c\u00e1maras y estudiantes avanzados del sector minero, ofreciendo un espacio de intercambio y aprendizaje de alto nivel.<\/p>\n<p>Dean Mc Pherson, Director de Desarrollo de Negocios de Miner\u00eda Global en TSX y TSX Venture Exchange y Guillaume L\u00e9gar\u00e9, Director en Sudam\u00e9rica de TSX y TSX Venture Exchange, brindaron en el Centro de Negocios de Banco San Juan una presentaci\u00f3n exclusiva sobre las oportunidades del sector minero en el contexto actual y las perspectivas de crecimiento, destacando el potencial de San Juan en la industria minera global.<\/p>\n<p>Silvina Bellantig, Gerente General de Banco San Juan, destac\u00f3 la importancia de la visita de referentes de la Bolsa de Valores de Toronto a la Provincia que \u00abestos encuentros nos permiten acercar a nuestros clientes e instituciones aliadas, el contacto directo con referentes globales y abrir puertas a un futuro sostenible y competitivo para la industria minera sanjuanina\u201d, sostuvo, al tiempo que reafirm\u00f3 el compromiso de la instituci\u00f3n con el desarrollo del sector.<\/p>\n<p>\u201cDesde Banco San Juan hace a\u00f1os que acompa\u00f1amos el desarrollo de la actividad minera sostenible en nuestra provincia contando con una divisi\u00f3n de negocios dedicada especialmente a atender a las empresas mineras y a las necesidades de su cadena de valor, no solo desde nuestro exclusivo Centro de Negocios el cual cuenta con un espacio de atenci\u00f3n preferencial, sino tambi\u00e9n desde nuestra red de sucursales ubicadas en las comunidades donde se desarrollan las actividades mineras, impulsando el desarrollo de las mismas y su ecosistema local\u201d, resalt\u00f3.<\/p>\n<p>Bellantig resalt\u00f3 adem\u00e1s la participaci\u00f3n de Banco San Juan y la Unidad Minera de Grupo Petersen como sponsors principales en la pr\u00f3xima Cumbre de Miner\u00eda Sostenible que tendr\u00e1 lugar del 27 al 29 de este mes en Mendoza, reforzando el compromiso con el desarrollo de una miner\u00eda responsable y profesional.<\/p>\n<p><strong><span style=\"color: #ff6600;\">Firma de acuerdos<\/span><\/strong><\/p>\n<p>El evento incluy\u00f3 la firma de tres actas significativas para el sector minero y su articulaci\u00f3n con la educaci\u00f3n, donde la Fundaci\u00f3n Banco San Juan tiene un rol central. Las primeras dos actas otorgaron tres becas completas para estudiante y profesionales locales que se formar\u00e1n en la norma espec\u00edfica NI 43-101, que rige para toda empresa que quiera listarse en la Bolsa de Toronto. Los beneficiarios son Juan Ignacio Garc\u00eda, estudiante de Ingenier\u00eda en Minas; Mar\u00eda Gabriela Torres, doctora en Geolog\u00eda; y el licenciado en Geolog\u00eda Juan Pablo Vera. Todos ellos asistir\u00e1n a la Cumbre de Miner\u00eda Sostenible &#8211; Mendoza 2024, accediendo a conocimientos y tendencias globales en el desarrollo de la miner\u00eda.<\/p>\n<p>La tercera r\u00fabrica formaliz\u00f3 un acuerdo interinstitucional para la realizaci\u00f3n del curso-taller \u201cGeomec\u00e1nica y control del terreno para miner\u00eda y obras subterr\u00e1neas\u201d, dirigido a estudiantes de instituciones t\u00e9cnicas de San Juan y que se dictar\u00e1 en la Escuela T\u00e9cnica General Manuel Sabio del Departamento de Calingasta, \u00e1rea de impacto prioritaria de los proyectos de cobre en Argentina donde Banco San Juan est\u00e1 construyendo su nueva sucursal.<\/p>\n<p>Esto se da en el marco del compromiso permanente con el desarrollo de la provincia de San Juan, espec\u00edficamente a trav\u00e9s de la Fundaci\u00f3n BSJ, que orienta sus esfuerzos a la excelencia educativa y en particular a contribuir en el desarrollo de oficios y capacidades que el crecimiento de la actividad minera demanda; el proyecto se gener\u00f3 aunando esfuerzos con el Ministerio de Miner\u00eda, el Ministerio de Educaci\u00f3n y la C\u00e1mara Minera de San Juan.<\/p>\n<p>La jornada concluy\u00f3 con un espect\u00e1culo de tango presentado por un grupo art\u00edstico local, seleccionado por la Fundaci\u00f3n Banco San Juan, como parte de su compromiso con el desarrollo cultural de la provincia.<br \/>\nDel evento participaron los ministros provinciales Juan Pablo Perea Fontivero (Miner\u00eda); Gustavo Fern\u00e1ndez (Producci\u00f3n, Trabajo e Innovaci\u00f3n); Silvia Fuentes (Educaci\u00f3n); Julio R\u00edos G\u00f3mez en representaci\u00f3n de la presidencia del Sistema Geol\u00f3gico Minero Argentino; los intendentes de Iglesia y J\u00e1chal y autoridades provinciales y municipales del Poder Ejecutivo y legislativo de la Provincia.<\/p>\n<p>Tambi\u00e9n se hicieron presentes Tadeo Berenguer, Rector de la UNSJ; decanos y dem\u00e1s autoridades de las Facultad de Ciencias Exactas, F\u00edsica y Naturales e Ingenier\u00eda; Presidentes y miembros de las Comisiones Directivas de las C\u00e1maras integrantes de la Mesa de la Productividad; Colegios Profesionales de Geolog\u00eda, Geof\u00edsica, Ingenieros en Minas, Ciencias Econ\u00f3micas y funcionarios de Banco San Juan y Fundaci\u00f3n Banco San Juan.<\/p>\n<p><img loading=\"lazy\" decoding=\"async\" class=\"alignnone size-full wp-image-55159\" src=\"https:\/\/vocesparalelas.com.ar\/sitio\/wp-content\/uploads\/2022\/12\/BANCO-SAN-JUAN-ESPACIO-05.jpg\" alt=\"\" width=\"800\" height=\"533\" srcset=\"https:\/\/vocesparalelas.com.ar\/sitio\/wp-content\/uploads\/2022\/12\/BANCO-SAN-JUAN-ESPACIO-05.jpg 800w, https:\/\/vocesparalelas.com.ar\/sitio\/wp-content\/uploads\/2022\/12\/BANCO-SAN-JUAN-ESPACIO-05-300x200.jpg 300w, https:\/\/vocesparalelas.com.ar\/sitio\/wp-content\/uploads\/2022\/12\/BANCO-SAN-JUAN-ESPACIO-05-768x512.jpg 768w\" sizes=\"auto, (max-width: 800px) 100vw, 800px\" \/><\/p>\n","protected":false},"excerpt":{"rendered":"<p>Directivos de la Bolsa de Valores de Toronto, Rep\u00fablica de Canad\u00e1, expusieron en San Juan, Rep\u00fablica Argentina sobre las perspectivas<\/p>\n","protected":false},"author":3,"featured_media":79213,"comment_status":"closed","ping_status":"closed","sticky":false,"template":"","format":"standard","meta":{"_acf_changed":false,"_seopress_robots_primary_cat":"none","_seopress_titles_title":"","_seopress_titles_desc":"","_seopress_robots_index":"","colormag_page_container_layout":"default_layout","colormag_page_sidebar_layout":"default_layout","footnotes":""},"categories":[10],"tags":[],"class_list":["post-79210","post","type-post","status-publish","format-standard","has-post-thumbnail","hentry","category-opiniones"],"acf":[],"_links":{"self":[{"href":"https:\/\/vocesparalelas.com.ar\/sitio\/wp-json\/wp\/v2\/posts\/79210","targetHints":{"allow":["GET"]}}],"collection":[{"href":"https:\/\/vocesparalelas.com.ar\/sitio\/wp-json\/wp\/v2\/posts"}],"about":[{"href":"https:\/\/vocesparalelas.com.ar\/sitio\/wp-json\/wp\/v2\/types\/post"}],"author":[{"embeddable":true,"href":"https:\/\/vocesparalelas.com.ar\/sitio\/wp-json\/wp\/v2\/users\/3"}],"replies":[{"embeddable":true,"href":"https:\/\/vocesparalelas.com.ar\/sitio\/wp-json\/wp\/v2\/comments?post=79210"}],"version-history":[{"count":1,"href":"https:\/\/vocesparalelas.com.ar\/sitio\/wp-json\/wp\/v2\/posts\/79210\/revisions"}],"predecessor-version":[{"id":79214,"href":"https:\/\/vocesparalelas.com.ar\/sitio\/wp-json\/wp\/v2\/posts\/79210\/revisions\/79214"}],"wp:featuredmedia":[{"embeddable":true,"href":"https:\/\/vocesparalelas.com.ar\/sitio\/wp-json\/wp\/v2\/media\/79213"}],"wp:attachment":[{"href":"https:\/\/vocesparalelas.com.ar\/sitio\/wp-json\/wp\/v2\/media?parent=79210"}],"wp:term":[{"taxonomy":"category","embeddable":true,"href":"https:\/\/vocesparalelas.com.ar\/sitio\/wp-json\/wp\/v2\/categories?post=79210"},{"taxonomy":"post_tag","embeddable":true,"href":"https:\/\/vocesparalelas.com.ar\/sitio\/wp-json\/wp\/v2\/tags?post=79210"}],"curies":[{"name":"wp","href":"https:\/\/api.w.org\/{rel}","templated":true}]}}