{"id":79188,"date":"2024-11-13T22:49:13","date_gmt":"2024-11-14T01:49:13","guid":{"rendered":"https:\/\/vocesparalelas.com.ar\/sitio\/?p=79188"},"modified":"2024-11-15T00:27:24","modified_gmt":"2024-11-15T03:27:24","slug":"el-proyecto-de-investigacion-cultura-inclusiva-de-la-faud-de-la-unsj","status":"publish","type":"post","link":"https:\/\/vocesparalelas.com.ar\/sitio\/el-proyecto-de-investigacion-cultura-inclusiva-de-la-faud-de-la-unsj\/","title":{"rendered":"El Proyecto de Investigaci\u00f3n \u00abCultura Inclusiva\u00bb de la FAUD de la UNSJ"},"content":{"rendered":"<p>La Facultad de Arquitectura, Urbanismo y Dise\u00f1o de la Universidad Nacional de San Juan desarroll\u00f3 las 3\u00ba Jornada de Investigaci\u00f3n y Extensi\u00f3n en el comedor \u201cJuan Guti\u00e9rrez\u201d del CUIM de la UNSJ, Departamento Rivadavia.<\/p>\n<p>En el recorrido, Voces Paralelas se encontr\u00f3 con el stand \u00abCultura Inclusiva\u00bb cuyo integrantes del trabajo de investigaci\u00f3n integrada por la<\/p>\n<ul>\n<li>Arq. Patricia Vega, Directora del Proyecto<\/li>\n<li>Arq. Marcelo Soria,<\/li>\n<li>Arq. Viviana Galdeano,<\/li>\n<li>D.G. Luz Quiroga,<\/li>\n<li>D.G. Lucas Perona,<\/li>\n<li>Interprete Noelia Sanchez,<\/li>\n<li>Prof. de LSA. Cristina Graffigna y<\/li>\n<li>Estudiante de D.G. Mateo D\u00edaz.<\/li>\n<\/ul>\n<p>El Proyecto apunta a la b\u00fasqueda de accesibilidad de la Comunidad Sorda de San Juan al Patrimonio Cultural Sanjuanino.<\/p>\n<ul>\n<li>La cultura es de todo<\/li>\n<li>El acceso al patrimonio permite el sentido de pertenencia<\/li>\n<\/ul>\n<p>El Patrimonio Cultural est\u00e1 conformado por:<\/p>\n<ul>\n<li>Cultura intangible: Edificios destruidos, el folclore, las tradiciones, el idioma y el conocimiento.<\/li>\n<li>Cultura Tangible: Edificios, Monumentos, paisajes, libros, obras de arte y objetos<\/li>\n<\/ul>\n<p>La Lengua de Se\u00f1a Argentina &#8211; LSA &#8211; permite que la comunidad sorda participe plenamente en la cultura y en la vida social. Ayuda conocer el patrimonio cultural, tanto tangible como intangible.<\/p>\n<p>Desde el Proyecto de investigaci\u00f3n se busca dise\u00f1ar un sistema de comunicaci\u00f3n, que permita a la persona sorda de acceder al conocimiento del Patrimonio Cultural Sanjuanino, derribando la barrera comunicacional.<\/p>\n<p>Por ello, Voces Paralelas desarroll\u00f3 una entrevista period\u00edstica a la Directora del Proyecto de investigaci\u00f3n \u00ab\u00bbCultura Inclusiva\u00bb , Arq. Patricia Vega, quien describi\u00f3 el trabajo y la b\u00fasqueda que los distintos espacios se sumen para crear una cultura inclusiva porque el acceso al patrimonio permite el sentido de pertenencia.<\/p>\n<p><iframe loading=\"lazy\" title=\"FAUD UNSJ ARQ PATRICIA VEGA\" width=\"800\" height=\"450\" src=\"https:\/\/www.youtube.com\/embed\/DiGwMs0mCLI?feature=oembed\" frameborder=\"0\" allow=\"accelerometer; autoplay; clipboard-write; encrypted-media; gyroscope; picture-in-picture; web-share\" referrerpolicy=\"strict-origin-when-cross-origin\" allowfullscreen><\/iframe><\/p>\n<p>&nbsp;<\/p>\n<p><img loading=\"lazy\" decoding=\"async\" class=\"alignnone size-full wp-image-79183\" src=\"https:\/\/vocesparalelas.com.ar\/sitio\/wp-content\/uploads\/2024\/11\/FAUD-PROYECTO-MUESTRA-02.jpg\" alt=\"\" width=\"800\" height=\"533\" srcset=\"https:\/\/vocesparalelas.com.ar\/sitio\/wp-content\/uploads\/2024\/11\/FAUD-PROYECTO-MUESTRA-02.jpg 800w, https:\/\/vocesparalelas.com.ar\/sitio\/wp-content\/uploads\/2024\/11\/FAUD-PROYECTO-MUESTRA-02-300x200.jpg 300w, https:\/\/vocesparalelas.com.ar\/sitio\/wp-content\/uploads\/2024\/11\/FAUD-PROYECTO-MUESTRA-02-768x512.jpg 768w\" sizes=\"auto, (max-width: 800px) 100vw, 800px\" \/><\/p>\n<p>&nbsp;<\/p>\n<p><img loading=\"lazy\" decoding=\"async\" class=\"alignnone size-full wp-image-43789\" src=\"https:\/\/vocesparalelas.com.ar\/sitio\/wp-content\/uploads\/2021\/11\/FAUD-LOGO-NUEVO.jpg\" alt=\"\" width=\"800\" height=\"533\" srcset=\"https:\/\/vocesparalelas.com.ar\/sitio\/wp-content\/uploads\/2021\/11\/FAUD-LOGO-NUEVO.jpg 800w, https:\/\/vocesparalelas.com.ar\/sitio\/wp-content\/uploads\/2021\/11\/FAUD-LOGO-NUEVO-300x200.jpg 300w, https:\/\/vocesparalelas.com.ar\/sitio\/wp-content\/uploads\/2021\/11\/FAUD-LOGO-NUEVO-768x512.jpg 768w\" sizes=\"auto, (max-width: 800px) 100vw, 800px\" \/><\/p>\n","protected":false},"excerpt":{"rendered":"<p>La Facultad de Arquitectura, Urbanismo y Dise\u00f1o de la Universidad Nacional de San Juan desarroll\u00f3 las 3\u00ba Jornada de Investigaci\u00f3n<\/p>\n","protected":false},"author":3,"featured_media":79191,"comment_status":"closed","ping_status":"closed","sticky":false,"template":"","format":"standard","meta":{"_acf_changed":false,"_seopress_robots_primary_cat":"none","_seopress_titles_title":"","_seopress_titles_desc":"","_seopress_robots_index":"","colormag_page_container_layout":"default_layout","colormag_page_sidebar_layout":"default_layout","footnotes":""},"categories":[15,7],"tags":[],"class_list":["post-79188","post","type-post","status-publish","format-standard","has-post-thumbnail","hentry","category-posgrados","category-videos"],"acf":[],"_links":{"self":[{"href":"https:\/\/vocesparalelas.com.ar\/sitio\/wp-json\/wp\/v2\/posts\/79188","targetHints":{"allow":["GET"]}}],"collection":[{"href":"https:\/\/vocesparalelas.com.ar\/sitio\/wp-json\/wp\/v2\/posts"}],"about":[{"href":"https:\/\/vocesparalelas.com.ar\/sitio\/wp-json\/wp\/v2\/types\/post"}],"author":[{"embeddable":true,"href":"https:\/\/vocesparalelas.com.ar\/sitio\/wp-json\/wp\/v2\/users\/3"}],"replies":[{"embeddable":true,"href":"https:\/\/vocesparalelas.com.ar\/sitio\/wp-json\/wp\/v2\/comments?post=79188"}],"version-history":[{"count":6,"href":"https:\/\/vocesparalelas.com.ar\/sitio\/wp-json\/wp\/v2\/posts\/79188\/revisions"}],"predecessor-version":[{"id":79204,"href":"https:\/\/vocesparalelas.com.ar\/sitio\/wp-json\/wp\/v2\/posts\/79188\/revisions\/79204"}],"wp:featuredmedia":[{"embeddable":true,"href":"https:\/\/vocesparalelas.com.ar\/sitio\/wp-json\/wp\/v2\/media\/79191"}],"wp:attachment":[{"href":"https:\/\/vocesparalelas.com.ar\/sitio\/wp-json\/wp\/v2\/media?parent=79188"}],"wp:term":[{"taxonomy":"category","embeddable":true,"href":"https:\/\/vocesparalelas.com.ar\/sitio\/wp-json\/wp\/v2\/categories?post=79188"},{"taxonomy":"post_tag","embeddable":true,"href":"https:\/\/vocesparalelas.com.ar\/sitio\/wp-json\/wp\/v2\/tags?post=79188"}],"curies":[{"name":"wp","href":"https:\/\/api.w.org\/{rel}","templated":true}]}}