{"id":79169,"date":"2024-11-13T23:35:46","date_gmt":"2024-11-14T02:35:46","guid":{"rendered":"https:\/\/vocesparalelas.com.ar\/sitio\/?p=79169"},"modified":"2024-11-15T23:20:53","modified_gmt":"2024-11-16T02:20:53","slug":"firma-de-acta-de-intencion-entre-la-facso-de-la-unsj-y-la-municipalidad-de-rivadavia","status":"publish","type":"post","link":"https:\/\/vocesparalelas.com.ar\/sitio\/firma-de-acta-de-intencion-entre-la-facso-de-la-unsj-y-la-municipalidad-de-rivadavia\/","title":{"rendered":"Firma de acta de intenci\u00f3n entre la FACSO de la UNSJ y la Municipalidad de Rivadavia"},"content":{"rendered":"<p>En un importante paso hacia la promoci\u00f3n del desarrollo estrat\u00e9gico del turismo en la regi\u00f3n, se llev\u00f3 a cabo la firma del Acta de Intenci\u00f3n entre la Facultad de Ciencias Sociales de la Universidad Nacional de San Juan y la Municipalidad de Rivadavia. Este acuerdo, suscrito por el Intendente Sr. Sergio Miodowsky y el Decano de la Facultad, Dr. Marcelo Fabi\u00e1n Lucero, establece las bases para una cooperaci\u00f3n interinstitucional que impulsar\u00e1 diagn\u00f3sticos y programas en beneficio de la comunidad.<\/p>\n<p>El convenio permitir\u00e1 implementar una serie de capacitaciones dirigidas a prestadores tur\u00edsticos e interesados en la tem\u00e1tica, con el fin de fortalecer sus capacidades. Entre los cursos previstos se incluyen:<\/p>\n<p>1.Liderazgo y gesti\u00f3n en equipos de trabajo.<\/p>\n<p>2.Turismo rural y patrimonio.<\/p>\n<p>3.Producci\u00f3n de bienes y servicios vinculados al turismo: herramientas pr\u00e1cticas.<\/p>\n<p>4.Marketing y manejo de redes sociales y herramientas digitales para la promoci\u00f3n de emprendimientos tur\u00edsticos.<\/p>\n<p>Adem\u00e1s, se planifica realizar un relevamiento de espacios y prestadores tur\u00edsticos en el departamento, como paso inicial para la elaboraci\u00f3n de un Plan Estrat\u00e9gico de Turismo Local.<\/p>\n<p>Estas actividades se desarrollar\u00e1n con la colaboraci\u00f3n del Grupo de Investigaciones del Sector Socio Agropecuario (GISSA), liderado por la Mg. Lic. Graciela De Cara y coordinado por el Lic. Enzo Aciar. Asimismo, el \u00c1rea de Turismo de Rivadavia Ciudad, a cargo del Sr. Enrique Gavia y la Direcci\u00f3n de Turismo, Cultura y Deporte,\u00a0 Fernando Rezinovski, desempe\u00f1ar\u00e1n un papel clave en la ejecuci\u00f3n de estas acciones.<\/p>\n<p>Este acuerdo destaca el compromiso del Intendente Sergio Miodowsky y su gesti\u00f3n por promover el turismo como motor de desarrollo social y econ\u00f3mico en Rivadavia. Su liderazgo, junto al respaldo del \u00e1mbito acad\u00e9mico, reafirma el objetivo com\u00fan de posicionar al departamento como un destino tur\u00edstico destacado en la provincia de San Juan.<\/p>\n<p>&nbsp;<\/p>\n<p><img loading=\"lazy\" decoding=\"async\" class=\"alignnone size-full wp-image-66896\" src=\"https:\/\/vocesparalelas.com.ar\/sitio\/wp-content\/uploads\/2023\/12\/RIVADAVIA-LOGO-NUEVO.jpg\" alt=\"\" width=\"800\" height=\"533\" srcset=\"https:\/\/vocesparalelas.com.ar\/sitio\/wp-content\/uploads\/2023\/12\/RIVADAVIA-LOGO-NUEVO.jpg 800w, https:\/\/vocesparalelas.com.ar\/sitio\/wp-content\/uploads\/2023\/12\/RIVADAVIA-LOGO-NUEVO-300x200.jpg 300w, https:\/\/vocesparalelas.com.ar\/sitio\/wp-content\/uploads\/2023\/12\/RIVADAVIA-LOGO-NUEVO-768x512.jpg 768w\" sizes=\"auto, (max-width: 800px) 100vw, 800px\" \/><\/p>\n","protected":false},"excerpt":{"rendered":"<p>En un importante paso hacia la promoci\u00f3n del desarrollo estrat\u00e9gico del turismo en la regi\u00f3n, se llev\u00f3 a cabo la<\/p>\n","protected":false},"author":3,"featured_media":79172,"comment_status":"closed","ping_status":"closed","sticky":false,"template":"","format":"standard","meta":{"_acf_changed":false,"_seopress_robots_primary_cat":"none","_seopress_titles_title":"","_seopress_titles_desc":"","_seopress_robots_index":"","colormag_page_container_layout":"default_layout","colormag_page_sidebar_layout":"default_layout","footnotes":""},"categories":[9],"tags":[],"class_list":["post-79169","post","type-post","status-publish","format-standard","has-post-thumbnail","hentry","category-cursos"],"acf":[],"_links":{"self":[{"href":"https:\/\/vocesparalelas.com.ar\/sitio\/wp-json\/wp\/v2\/posts\/79169","targetHints":{"allow":["GET"]}}],"collection":[{"href":"https:\/\/vocesparalelas.com.ar\/sitio\/wp-json\/wp\/v2\/posts"}],"about":[{"href":"https:\/\/vocesparalelas.com.ar\/sitio\/wp-json\/wp\/v2\/types\/post"}],"author":[{"embeddable":true,"href":"https:\/\/vocesparalelas.com.ar\/sitio\/wp-json\/wp\/v2\/users\/3"}],"replies":[{"embeddable":true,"href":"https:\/\/vocesparalelas.com.ar\/sitio\/wp-json\/wp\/v2\/comments?post=79169"}],"version-history":[{"count":1,"href":"https:\/\/vocesparalelas.com.ar\/sitio\/wp-json\/wp\/v2\/posts\/79169\/revisions"}],"predecessor-version":[{"id":79173,"href":"https:\/\/vocesparalelas.com.ar\/sitio\/wp-json\/wp\/v2\/posts\/79169\/revisions\/79173"}],"wp:featuredmedia":[{"embeddable":true,"href":"https:\/\/vocesparalelas.com.ar\/sitio\/wp-json\/wp\/v2\/media\/79172"}],"wp:attachment":[{"href":"https:\/\/vocesparalelas.com.ar\/sitio\/wp-json\/wp\/v2\/media?parent=79169"}],"wp:term":[{"taxonomy":"category","embeddable":true,"href":"https:\/\/vocesparalelas.com.ar\/sitio\/wp-json\/wp\/v2\/categories?post=79169"},{"taxonomy":"post_tag","embeddable":true,"href":"https:\/\/vocesparalelas.com.ar\/sitio\/wp-json\/wp\/v2\/tags?post=79169"}],"curies":[{"name":"wp","href":"https:\/\/api.w.org\/{rel}","templated":true}]}}