{"id":79141,"date":"2024-11-13T20:37:31","date_gmt":"2024-11-13T23:37:31","guid":{"rendered":"https:\/\/vocesparalelas.com.ar\/sitio\/?p=79141"},"modified":"2024-11-14T22:10:39","modified_gmt":"2024-11-15T01:10:39","slug":"renovacion-de-las-autoridades-de-la-conferencia-episcopal-argentina","status":"publish","type":"post","link":"https:\/\/vocesparalelas.com.ar\/sitio\/renovacion-de-las-autoridades-de-la-conferencia-episcopal-argentina\/","title":{"rendered":"Renovaci\u00f3n de las Autoridades de la Conferencia Episcopal Argentina"},"content":{"rendered":"<p>Los obispos reunidos en la 125\u00b0 Asamblea Plenaria realizaron la Renovaci\u00f3n de las Autoridades de la Conferencia Episcopal Argentina de la Comisi\u00f3n Ejecutiva para el trienio 2024-2027.<\/p>\n<ul>\n<li>Presidente: Monse\u00f1or Marcelo Colombo, arzobispo de Mendoza<\/li>\n<li>Vice-Presidente 1\u00b0: Monse\u00f1or \u00c1ngel Rossi, arzobispo de C\u00f3rdoba<\/li>\n<li>Vice-Presidente 2\u00b0: Monse\u00f1or Cesar Daniel Fern\u00e1ndez, obispo de Jujuy.<\/li>\n<li>Secretario General: Monse\u00f1or Ra\u00fal Pizarro, obispo auxiliar de San Isidro.<\/li>\n<\/ul>\n<p>Entre las decisiones tomadas, complace anunciar que el Arzobispo de San Juan de Cuyo, Monse\u00f1or Jorge Lozano, ha sido nombrado como Presidente de la Comisi\u00f3n Episcopal de Comunicaci\u00f3n Socia.<\/p>\n<p>La Comisi\u00f3n Episcopal de Comunicaci\u00f3n Social tiene como objetivo fomentar y coordinar las iniciativas de comunicaci\u00f3n de la Iglesia en Argentina, as\u00ed como fortalecer los canales de di\u00e1logo entre la Iglesia y la sociedad. En un contexto donde la informaci\u00f3n se mueve r\u00e1pidamente y donde la comunicaci\u00f3n efectiva es vital, el servicio de Monse\u00f1or Lozano traer\u00e1 una perspectiva din\u00e1mica a esta importante misi\u00f3n.<\/p>\n<p>Como Arquidi\u00f3cesis de San Juan de Cuyo celebran esta designaci\u00f3n y se unen en oraci\u00f3n para que Monse\u00f1or Jorge Lozano sea guiado por el Esp\u00edritu Santo en esta nueva etapa de servicio a la Iglesia y a la sociedad argentina.<\/p>\n<p><strong><span style=\"color: #ff6600;\">Datos importantes<\/span><\/strong><\/p>\n<p>&nbsp;<\/p>\n<figure id=\"attachment_2078\" aria-describedby=\"caption-attachment-2078\" style=\"width: 800px\" class=\"wp-caption alignnone\"><img loading=\"lazy\" decoding=\"async\" class=\"size-large wp-image-2078\" src=\"https:\/\/vocesparalelas.com.ar\/sitio\/wp-content\/uploads\/2017\/06\/SAN-JUAN-06-800x534.jpg\" alt=\"\" width=\"800\" height=\"534\" srcset=\"https:\/\/vocesparalelas.com.ar\/sitio\/wp-content\/uploads\/2017\/06\/SAN-JUAN-06-800x534.jpg 800w, https:\/\/vocesparalelas.com.ar\/sitio\/wp-content\/uploads\/2017\/06\/SAN-JUAN-06-300x200.jpg 300w, https:\/\/vocesparalelas.com.ar\/sitio\/wp-content\/uploads\/2017\/06\/SAN-JUAN-06-768x512.jpg 768w, https:\/\/vocesparalelas.com.ar\/sitio\/wp-content\/uploads\/2017\/06\/SAN-JUAN-06.jpg 1000w\" sizes=\"auto, (max-width: 800px) 100vw, 800px\" \/><figcaption id=\"caption-attachment-2078\" class=\"wp-caption-text\">Arzobispo de San Juan de Cuyo, Mons. Jorge Lozano<\/figcaption><\/figure>\n<p>Monse\u00f1or Jorge Eduardo \u00a0Lozano naci\u00f3 en la Ciudad de Buenos Aires el 10 de febrero de 1955. Despu\u00e9s de estudiar un a\u00f1o de Ingenier\u00eda, ingres\u00f3 al Seminario en Villa Devoto. Obtuvo el grado de Bachiller en Teolog\u00eda en la Pontificia Universidad Cat\u00f3lica Argentina.<\/p>\n<p>Fue ordenado sacerdote el 3 de diciembre de 1982 por el cardenal Juan Carlos Aramburu, arzobispo de Buenos Aires. Elegido obispo auxiliar de Buenos Aires por San Juan Pablo II, recibi\u00f3 la ordenaci\u00f3n episcopal el 25 de marzo de 2000 en la catedral de Buenos Aires por el actual papa Francisco.<\/p>\n<p>Fue designado obispo de Gualeguaych\u00fa por el Papa Benedicto XVI el 22 de diciembre de 2005; tom\u00f3 posesi\u00f3n de esta di\u00f3cesis e inici\u00f3 su ministerio pastoral el 11 de marzo de 2006.<\/p>\n<p>Designado por el Papa Francisco el 31 de agosto de 2016 Arzobispo Coadjutor para la Arquidi\u00f3cesis de San Juan de Cuyo, asumi\u00f3 esta misi\u00f3n el 4 de noviembre de 2016.<\/p>\n<p>Posteriormente, desde el 6 de noviembre del a\u00f1o 2020 hasta el 18 de mayo de 2023, fue designado como Secretario General del Consejo Episcopal Latinoamericano (CELAM).<\/p>\n<p>En el Celam, monse\u00f1or Lozano fue responsable de la secci\u00f3n Laicos Constructores de la Sociedad en el per\u00edodo 2003-2007, y de la secci\u00f3n Pastoral Social del 2007 al 2011.<\/p>\n<p>Durante la V Conferencia General del Episcopado de Am\u00e9rica Latina y El Caribe de 2007 en Aparecida, Brasil, fue responsable de la Oficina de Prensa de la Asamblea. Fue uno de los cuatro obispos argentinos que participaron del S\u00ednodo sobre la Nueva Evangelizaci\u00f3n en Roma en octubre de 2012.<\/p>\n<p>Tuvo participaci\u00f3n activa en la Asamblea Eclesial de Am\u00e9rica Latina y el Caribe, que se desarroll\u00f3 en la ciudad de M\u00e9xico.<\/p>\n<p>En la Conferencia Episcopal Argentina, integr\u00f3 la Comisi\u00f3n Episcopal de Pastoral Social, y se desempe\u00f1a como asesor de la Comisi\u00f3n Nacional de Justicia y Paz.<\/p>\n<p>Desde el 2 de diciembre del 2021, el Papa Francisco lo nombr\u00f3 miembro del Dicasterio para las Comunicaci\u00f3n.<\/p>\n<p>Actualmente designado Presidente de la Comisi\u00f3n Episcopal de Comunicaci\u00f3n Social para el trienio 2.024-2.027<\/p>\n<p>Invitado con frecuencia a paneles, mesas de debate y medios de comunicaci\u00f3n, public\u00f3 numerosos art\u00edculos en medios provinciales y nacionales.<\/p>\n<p>Es autor de los siguientes libros: Tengo algo que decirte (Lumen, 2011); Vamos por la vida (San Pablo, 2012), Por el camino de la justicia y de la solidaridad (2012),\u00a0 Nueva Evangelizaci\u00f3n: Fuerza de aut\u00e9ntica libertad (2013) en colaboraci\u00f3n con Fabi\u00e1n Esparafita, Claudia Carbajal y Emilio Inzaurraga; Clamor de los pobres, gemido de la tierra en colaboraci\u00f3n con E. inzaurraga, Carlos Vigil y C. Carbajal (2021) \u2013\u00a0 (los tres de la Colecci\u00f3n Dignidad para todos de editorial San Pablo) y La sed, el agua y la fe (\u00c1gape, 2013).<\/p>\n<p>Todas las semanas, comparte una columna-reflexi\u00f3n de su autor\u00eda se publica en medios provinciales y nacionales, en videos y reels para redes sociales.<\/p>\n<p><a href=\"mailto:asjcomunicacion@gmail.com\">asjcomunicacion@gmail.com<\/a><\/p>\n<p><a href=\"mailto:ofcomunicacion@arzobispadosanjuan.org.ar\">ofcomunicacion@arzobispadosanjuan.org.ar<\/a><\/p>\n<p>Facebook, Instagram y YouTube: @arzobispadosanjuan<\/p>\n<p><a href=\"http:\/\/www.arzobispadosanjuan.ar\">www.arzobispadosanjuan.ar<\/a><\/p>\n<p>&nbsp;<\/p>\n<p>&nbsp;<\/p>\n<p>&nbsp;<\/p>\n","protected":false},"excerpt":{"rendered":"<p>Los obispos reunidos en la 125\u00b0 Asamblea Plenaria realizaron la Renovaci\u00f3n de las Autoridades de la Conferencia Episcopal Argentina de<\/p>\n","protected":false},"author":3,"featured_media":79144,"comment_status":"closed","ping_status":"closed","sticky":false,"template":"","format":"standard","meta":{"_acf_changed":false,"_seopress_robots_primary_cat":"none","_seopress_titles_title":"","_seopress_titles_desc":"","_seopress_robots_index":"","colormag_page_container_layout":"default_layout","colormag_page_sidebar_layout":"default_layout","footnotes":""},"categories":[6],"tags":[],"class_list":["post-79141","post","type-post","status-publish","format-standard","has-post-thumbnail","hentry","category-eventos"],"acf":[],"_links":{"self":[{"href":"https:\/\/vocesparalelas.com.ar\/sitio\/wp-json\/wp\/v2\/posts\/79141","targetHints":{"allow":["GET"]}}],"collection":[{"href":"https:\/\/vocesparalelas.com.ar\/sitio\/wp-json\/wp\/v2\/posts"}],"about":[{"href":"https:\/\/vocesparalelas.com.ar\/sitio\/wp-json\/wp\/v2\/types\/post"}],"author":[{"embeddable":true,"href":"https:\/\/vocesparalelas.com.ar\/sitio\/wp-json\/wp\/v2\/users\/3"}],"replies":[{"embeddable":true,"href":"https:\/\/vocesparalelas.com.ar\/sitio\/wp-json\/wp\/v2\/comments?post=79141"}],"version-history":[{"count":1,"href":"https:\/\/vocesparalelas.com.ar\/sitio\/wp-json\/wp\/v2\/posts\/79141\/revisions"}],"predecessor-version":[{"id":79145,"href":"https:\/\/vocesparalelas.com.ar\/sitio\/wp-json\/wp\/v2\/posts\/79141\/revisions\/79145"}],"wp:featuredmedia":[{"embeddable":true,"href":"https:\/\/vocesparalelas.com.ar\/sitio\/wp-json\/wp\/v2\/media\/79144"}],"wp:attachment":[{"href":"https:\/\/vocesparalelas.com.ar\/sitio\/wp-json\/wp\/v2\/media?parent=79141"}],"wp:term":[{"taxonomy":"category","embeddable":true,"href":"https:\/\/vocesparalelas.com.ar\/sitio\/wp-json\/wp\/v2\/categories?post=79141"},{"taxonomy":"post_tag","embeddable":true,"href":"https:\/\/vocesparalelas.com.ar\/sitio\/wp-json\/wp\/v2\/tags?post=79141"}],"curies":[{"name":"wp","href":"https:\/\/api.w.org\/{rel}","templated":true}]}}