{"id":79135,"date":"2024-11-13T19:05:33","date_gmt":"2024-11-13T22:05:33","guid":{"rendered":"https:\/\/vocesparalelas.com.ar\/sitio\/?p=79135"},"modified":"2024-11-13T20:22:56","modified_gmt":"2024-11-13T23:22:56","slug":"se-desarrolla-la-decimocuarta-sesion-del-periodo-ordinario-de-la-camara-de-diputados-de-san-juan","status":"publish","type":"post","link":"https:\/\/vocesparalelas.com.ar\/sitio\/se-desarrolla-la-decimocuarta-sesion-del-periodo-ordinario-de-la-camara-de-diputados-de-san-juan\/","title":{"rendered":"Se desarrolla la Decimocuarta Sesi\u00f3n del periodo ordinario de la C\u00e1mara de Diputados de San Juan"},"content":{"rendered":"<p>La C\u00e1mara de Diputados de San Juan celebra la Decimocuarta Sesi\u00f3n del periodo ordinario el Jueves, 14 de Noviembre, a las 10 horas.<\/p>\n<p>En la ocasi\u00f3n, el cuerpo legislativo tratar\u00e1 en el recinto cuatro proyectos de Ley remitidos por el Poder Ejecutivo. Tres de ellos proponen ratificar convenios: uno de ellos referido al financiamiento para obras correspondientes a planes, programas y subprogramas vigentes en materia de viviendas sociales; otro tiene que ver con garantizar la seguridad alimentaria de ni\u00f1os y adolescentes que concurren a las escuelas vulnerables de la Provincia; y un tercero vinculado a la conservaci\u00f3n y mantenimiento de la Avenida Circunvalaci\u00f3n y sus Accesos por la Ruta Nacional N\u00b040 y Ruta Nacional N\u00b0 20.<\/p>\n<p>Y, por \u00faltimo, pone a consideraci\u00f3n el proyecto de Ley que establece el Compromiso de Gesti\u00f3n del Plan Nacional de Resoluci\u00f3n de la Lista de Espera para Trasplante de C\u00f3rneas en el Hospital Dr. C\u00e9sar Aguilar, Departamento Caucete, y en el Hospital P\u00fablico Descentralizado Dr. Marcial Quiroga.<\/p>\n<p>Por otro lado, la Legislatura aborda sobre tablas los siete proyectos de Ley presentados por el interbloque Cambia San Juan que proponen modificar las siguientes leyes de emergencia a fin de prorrogar su vigencia hasta el 31 de diciembre de 2025.<\/p>\n<p><span style=\"color: #666699;\"><strong>Estas son:<\/strong><\/span><\/p>\n<ul>\n<li>Ley N\u00ba 969-P, sobre el Estado de Emergencia de los Servicios de Seguridad; Ley N\u00ba 783-P, sobre el Estado de Emergencia P\u00fablica en la provincia de San Juan;<\/li>\n<li>Ley N\u00ba 2458-A, sobre la declaraci\u00f3n de Emergencia en materia de Obras P\u00fablicas; Ley N\u00ba 1267-P, sobre suspensi\u00f3n de procedimientos judiciales de ejecuci\u00f3n;<\/li>\n<li>Ley\u00a0 N\u00ba 1254-P, r\u00e9gimen excepcional y temporario, de regularizaci\u00f3n de obras subrepticias;<\/li>\n<li>Ley N\u00ba 2470-L, de Estado de Emergencia H\u00eddrica y<\/li>\n<li>Ley\u00a0 N\u00ba 1266-P de Emergencia Social.<\/li>\n<\/ul>\n<p><strong><span style=\"color: #666699;\">Tambi\u00e9n, el cuerpo legislativo trata siete proyectos de Resoluci\u00f3n que proponen declarar de inter\u00e9s:<\/span><\/strong><\/p>\n<ul>\n<li>el \u00abProyecto Conociendo a Sarmiento\u00bb en Historieta Digitalizada;<\/li>\n<li>el libro \u00abLa Trilla, un vuelo a la Literatura\u201d de la escuela \u00abPedro Bonifacio Palacios\u00bb;<\/li>\n<li>la \u00abFiesta Nacional de la Tradici\u00f3n\u00bb, departamento J\u00e1chal;<\/li>\n<li>la conferencia titulada \u00abSin brazos, sin piernas, sin l\u00edmites\u00bb de Nick Vujicic;<\/li>\n<li>las Fiestas Patronales en Honor a Cristo Rey, departamento Caucete;<\/li>\n<li>las \u00abII Jornadas Sanjuaninas sobre Discapacidad\u00bb; y<\/li>\n<li>el evento \u00abMusicoterapia Rehabilitaci\u00f3n e Inclusi\u00f3n\u00bb.<\/li>\n<\/ul>\n<p><span style=\"color: #666699;\"><strong>Proyectos que son girados a comisiones<\/strong><\/span><\/p>\n<p>En la Decimocuarta Sesi\u00f3n del per\u00edodo ordinario ingresar\u00e1n a las respectivas comisiones para su estudio y an\u00e1lisis los siguientes proyectos de Ley presentados que proponen:<\/p>\n<ul>\n<li>Donar a la entidad \u201cClub Defensores del Este\u201d, las parcelas ubicadas en calle Jujuy S\/N del departamento Caucete. (Comisiones: Legislaci\u00f3n y Asuntos Constitucionales\/ Obras y Servicios P\u00fablicos. Autor: diputado Emilio Escudero)<\/li>\n<li>Imponer el nombre Graciela Montes a la escuela de nivel inicial n\u00ba 55, departamento Chimbas. (Comisiones: Peticiones y Poderes\/ Educaci\u00f3n, Ciencia, T\u00e9cnica y Cultura. Autor: diputado Gabriel S\u00e1nchez)<\/li>\n<\/ul>\n<p><span style=\"color: #666699;\"><strong>Asimismo, toman estado parlamentario los siguientes proyectos de Resoluci\u00f3n que proponen declarar de inter\u00e9s las siguientes actividades:<\/strong><\/span><\/p>\n<ul>\n<li>El evento Safari Tras las Sierras 2025 (Autor: diputado Omar Ortiz. Comisi\u00f3n: Educaci\u00f3n, Ciencia, T\u00e9cnica y Cultura)<\/li>\n<li>La Expo Empre El Paseito (Autor: interbloque Cambia San Juan. Comisi\u00f3n: Educaci\u00f3n, Ciencia, T\u00e9cnica y Cultura)<\/li>\n<\/ul>\n<p><span style=\"color: #666699;\"><strong>Adem\u00e1s, son girados a sus respectivas comisiones, los siguientes proyectos de Comunicaci\u00f3n que solicitan al Poder Ejecutivo:<\/strong><\/span><\/p>\n<ul>\n<li>La instalaci\u00f3n de c\u00e1maras de seguridad en el departamento San Mart\u00edn. (Autor: diputada Marta Gramajo. Comisi\u00f3n: Justicia y Seguridad)<\/li>\n<li>La construcci\u00f3n o ampliaci\u00f3n de las instalaciones edilicias de la escuela Secundaria Espa\u00f1a, del departamento Pocito. (Autor: diputada Stella Caparros. Comisi\u00f3n: Obras y Justicia)<\/li>\n<\/ul>\n<p>Por \u00faltimo, ingresa a la comisi\u00f3n de Educaci\u00f3n una comunicaci\u00f3n particular presentada por la Universidad Cat\u00f3lica de Cuyo, por la que se remite informaci\u00f3n de los aspirantes a la Distinci\u00f3n de Diploma de Honor Republicano.<\/p>\n<p><img loading=\"lazy\" decoding=\"async\" class=\"size-full wp-image-37951\" src=\"https:\/\/vocesparalelas.com.ar\/sitio\/wp-content\/uploads\/2021\/05\/CAMARA-EDIFICIO.jpg\" alt=\"\" width=\"800\" height=\"515\" srcset=\"https:\/\/vocesparalelas.com.ar\/sitio\/wp-content\/uploads\/2021\/05\/CAMARA-EDIFICIO.jpg 800w, https:\/\/vocesparalelas.com.ar\/sitio\/wp-content\/uploads\/2021\/05\/CAMARA-EDIFICIO-300x193.jpg 300w, https:\/\/vocesparalelas.com.ar\/sitio\/wp-content\/uploads\/2021\/05\/CAMARA-EDIFICIO-768x494.jpg 768w\" sizes=\"auto, (max-width: 800px) 100vw, 800px\" \/><\/p>\n<p>Legislatura Provincial de San Juan, Rep\u00fablica Argentina<\/p>\n","protected":false},"excerpt":{"rendered":"<p>La C\u00e1mara de Diputados de San Juan celebra la Decimocuarta Sesi\u00f3n del periodo ordinario el Jueves, 14 de Noviembre, a<\/p>\n","protected":false},"author":3,"featured_media":8062,"comment_status":"closed","ping_status":"closed","sticky":false,"template":"","format":"standard","meta":{"_acf_changed":false,"_seopress_robots_primary_cat":"none","_seopress_titles_title":"","_seopress_titles_desc":"","_seopress_robots_index":"","colormag_page_container_layout":"default_layout","colormag_page_sidebar_layout":"default_layout","footnotes":""},"categories":[1],"tags":[],"class_list":["post-79135","post","type-post","status-publish","format-standard","has-post-thumbnail","hentry","category-destacadas"],"acf":[],"_links":{"self":[{"href":"https:\/\/vocesparalelas.com.ar\/sitio\/wp-json\/wp\/v2\/posts\/79135","targetHints":{"allow":["GET"]}}],"collection":[{"href":"https:\/\/vocesparalelas.com.ar\/sitio\/wp-json\/wp\/v2\/posts"}],"about":[{"href":"https:\/\/vocesparalelas.com.ar\/sitio\/wp-json\/wp\/v2\/types\/post"}],"author":[{"embeddable":true,"href":"https:\/\/vocesparalelas.com.ar\/sitio\/wp-json\/wp\/v2\/users\/3"}],"replies":[{"embeddable":true,"href":"https:\/\/vocesparalelas.com.ar\/sitio\/wp-json\/wp\/v2\/comments?post=79135"}],"version-history":[{"count":3,"href":"https:\/\/vocesparalelas.com.ar\/sitio\/wp-json\/wp\/v2\/posts\/79135\/revisions"}],"predecessor-version":[{"id":79140,"href":"https:\/\/vocesparalelas.com.ar\/sitio\/wp-json\/wp\/v2\/posts\/79135\/revisions\/79140"}],"wp:featuredmedia":[{"embeddable":true,"href":"https:\/\/vocesparalelas.com.ar\/sitio\/wp-json\/wp\/v2\/media\/8062"}],"wp:attachment":[{"href":"https:\/\/vocesparalelas.com.ar\/sitio\/wp-json\/wp\/v2\/media?parent=79135"}],"wp:term":[{"taxonomy":"category","embeddable":true,"href":"https:\/\/vocesparalelas.com.ar\/sitio\/wp-json\/wp\/v2\/categories?post=79135"},{"taxonomy":"post_tag","embeddable":true,"href":"https:\/\/vocesparalelas.com.ar\/sitio\/wp-json\/wp\/v2\/tags?post=79135"}],"curies":[{"name":"wp","href":"https:\/\/api.w.org\/{rel}","templated":true}]}}