{"id":79127,"date":"2024-11-12T21:04:12","date_gmt":"2024-11-13T00:04:12","guid":{"rendered":"https:\/\/vocesparalelas.com.ar\/sitio\/?p=79127"},"modified":"2024-11-13T23:00:07","modified_gmt":"2024-11-14T02:00:07","slug":"orquesta-sinfonica-de-la-unsj-presenta-cuarteto-de-cuerdas-sexteto-de-contrabajos-y-conjunto-de-percusion-en-concierto","status":"publish","type":"post","link":"https:\/\/vocesparalelas.com.ar\/sitio\/orquesta-sinfonica-de-la-unsj-presenta-cuarteto-de-cuerdas-sexteto-de-contrabajos-y-conjunto-de-percusion-en-concierto\/","title":{"rendered":"Orquesta Sinf\u00f3nica de la UNSJ presenta Cuarteto de Cuerdas, Sexteto de Contrabajos y Conjunto de percusi\u00f3n en Concierto"},"content":{"rendered":"<p>La Orquesta Sinf\u00f3nica de la Universidad Nacional de San Juan presenta un concierto que es interpretado por varias formaciones de instrumentos, pertenecientes al Centro de Creaci\u00f3n Art\u00edstica Orquestal de la Facultad de Filosof\u00eda, Humanidades y Artes de la UNSJ.<\/p>\n<p>La funci\u00f3n es el Viernes, 15 de Noviembre, a las 21:30 hs.; en el Auditorio Ing. Juan Victoria con entrada libre y gratuita.<\/p>\n<p>Por un lado, el <u>Cuarteto de Cuerdas<\/u> interpreta la obra \u201cCuarteto N\u00b0 19 Dissonance\u00bb de Wolfgang Amadeus Mozart. El Cuarteto de Cuerdas est\u00e1 integrado por Alfredo Agusto (1er Viol\u00edn), Juan Carlos Caballero (2do Viol\u00edn), Soanybeth Sevilla (Viola), y Eugenio Rodrigo (Violoncello).<\/p>\n<p>Por su parte el\u00a0<u>Sexteto de Contrabajos<\/u> interpreta las obras \u201cNoire est la nuit\u201d, \u201cTouetatou\u201d y \u201cBass, bass, bass, bass, bass &amp; bass\u201d de Pierrick Hardy, Yves Torchinsky y Christian Getnet. Quienes integran el Sexteto de Contrabajos son Paula Noemi D\u00edaz, Nicolas Valles, Diego Oliver, Daniel Fern\u00e1ndez, Diego Vega y Leonardo Grosso.<\/p>\n<p>Finalmente el\u00a0<u>Conjunto de percusi\u00f3n<\/u> de la UNSJ presenta las obras \u201cCage\u201d de Fernando Iazzetta; \u201cWhole Tone Piece\u201d de Murray Houllif y \u201cCanon Fodder\u201d de Chad Heiny. Integran el Conjunto de Percusi\u00f3n: Pablo Blanco, Marcelo Guirado, Oscar Sosa, Leandro Glauche, Diego Guillen, Florencia Barros y Marco Castillo.<\/p>\n<p>&nbsp;<\/p>\n<p><img loading=\"lazy\" decoding=\"async\" class=\"alignnone size-full wp-image-61468\" src=\"https:\/\/vocesparalelas.com.ar\/sitio\/wp-content\/uploads\/2023\/07\/AUDITORIO-EDIFICIO.jpg\" alt=\"\" width=\"800\" height=\"533\" srcset=\"https:\/\/vocesparalelas.com.ar\/sitio\/wp-content\/uploads\/2023\/07\/AUDITORIO-EDIFICIO.jpg 800w, https:\/\/vocesparalelas.com.ar\/sitio\/wp-content\/uploads\/2023\/07\/AUDITORIO-EDIFICIO-300x200.jpg 300w, https:\/\/vocesparalelas.com.ar\/sitio\/wp-content\/uploads\/2023\/07\/AUDITORIO-EDIFICIO-768x512.jpg 768w\" sizes=\"auto, (max-width: 800px) 100vw, 800px\" \/><\/p>\n","protected":false},"excerpt":{"rendered":"<p>La Orquesta Sinf\u00f3nica de la Universidad Nacional de San Juan presenta un concierto que es interpretado por varias formaciones de<\/p>\n","protected":false},"author":3,"featured_media":79128,"comment_status":"closed","ping_status":"closed","sticky":false,"template":"","format":"standard","meta":{"_acf_changed":false,"_seopress_robots_primary_cat":"none","_seopress_titles_title":"","_seopress_titles_desc":"","_seopress_robots_index":"","colormag_page_container_layout":"default_layout","colormag_page_sidebar_layout":"default_layout","footnotes":""},"categories":[20],"tags":[],"class_list":["post-79127","post","type-post","status-publish","format-standard","has-post-thumbnail","hentry","category-cartelera"],"acf":[],"_links":{"self":[{"href":"https:\/\/vocesparalelas.com.ar\/sitio\/wp-json\/wp\/v2\/posts\/79127","targetHints":{"allow":["GET"]}}],"collection":[{"href":"https:\/\/vocesparalelas.com.ar\/sitio\/wp-json\/wp\/v2\/posts"}],"about":[{"href":"https:\/\/vocesparalelas.com.ar\/sitio\/wp-json\/wp\/v2\/types\/post"}],"author":[{"embeddable":true,"href":"https:\/\/vocesparalelas.com.ar\/sitio\/wp-json\/wp\/v2\/users\/3"}],"replies":[{"embeddable":true,"href":"https:\/\/vocesparalelas.com.ar\/sitio\/wp-json\/wp\/v2\/comments?post=79127"}],"version-history":[{"count":1,"href":"https:\/\/vocesparalelas.com.ar\/sitio\/wp-json\/wp\/v2\/posts\/79127\/revisions"}],"predecessor-version":[{"id":79129,"href":"https:\/\/vocesparalelas.com.ar\/sitio\/wp-json\/wp\/v2\/posts\/79127\/revisions\/79129"}],"wp:featuredmedia":[{"embeddable":true,"href":"https:\/\/vocesparalelas.com.ar\/sitio\/wp-json\/wp\/v2\/media\/79128"}],"wp:attachment":[{"href":"https:\/\/vocesparalelas.com.ar\/sitio\/wp-json\/wp\/v2\/media?parent=79127"}],"wp:term":[{"taxonomy":"category","embeddable":true,"href":"https:\/\/vocesparalelas.com.ar\/sitio\/wp-json\/wp\/v2\/categories?post=79127"},{"taxonomy":"post_tag","embeddable":true,"href":"https:\/\/vocesparalelas.com.ar\/sitio\/wp-json\/wp\/v2\/tags?post=79127"}],"curies":[{"name":"wp","href":"https:\/\/api.w.org\/{rel}","templated":true}]}}