{"id":79116,"date":"2024-11-12T21:06:29","date_gmt":"2024-11-13T00:06:29","guid":{"rendered":"https:\/\/vocesparalelas.com.ar\/sitio\/?p=79116"},"modified":"2024-11-13T22:47:25","modified_gmt":"2024-11-14T01:47:25","slug":"concurso-mencion-de-honor-maestro-mario-perez-de-la-camara-de-diputados-de-san-juan","status":"publish","type":"post","link":"https:\/\/vocesparalelas.com.ar\/sitio\/concurso-mencion-de-honor-maestro-mario-perez-de-la-camara-de-diputados-de-san-juan\/","title":{"rendered":"Concurso \u201cMenci\u00f3n de Honor Maestro Mario P\u00e9rez\u201d de la C\u00e1mara de Diputados de San Juan"},"content":{"rendered":"<p>La C\u00e1mara de Diputados de San Juan convoca a artistas pl\u00e1sticos y fot\u00f3grafos a participar de la \u201cMenci\u00f3n de Honor Maestro Mario P\u00e9rez\u201d. El acto de lanzamiento estuvo presidido por el vicegobernador Dr. Fabi\u00e1n Mart\u00edn en la sala de Vicegobernadores del edificio hist\u00f3rico.<\/p>\n<p>Acompa\u00f1aron los diputados Carlos Jaime, Lic. Mar\u00eda Rita Lascano, Dr. Juan de la Cruz C\u00f3rdoba, Enzo Cornejo, Gabriel S\u00e1nchez, Franco Aranda, Emilio Escudero y Marcelo Mallea; el secretario Legislativo, Dr. Gustavo Velert; la coordinadora de Relaciones con la Comunidad, Giselle Fern\u00e1ndez; la ministra de Gobierno, Dra. Laura Palma; la subsecretaria general de Coordinaci\u00f3n Cultural, Marcela Zegaib; el Lic. Eduardo Pe\u00f1afort y la Mg. Sonia Parisi; entre otras autoridades provinciales, familiares de Mario P\u00e9rez y p\u00fablico en general.<\/p>\n<p>En este contexto. la coordinadora Lic. Giselle Fern\u00e1ndez concluy\u00f3 que \u201cestamos afrontando este gran desaf\u00edo con todo el apoyo de la familia. Agradecerles profundamente a todos por acompa\u00f1arnos para llegar a cada uno de los rincones de la provincia y as\u00ed descubrir los talentos, los artistas que a trav\u00e9s de sus obras cuentan sus historias y las de sus entornos\u201d.<\/p>\n<p><iframe loading=\"lazy\" title=\"CDSJ CONCURSO LIC\" width=\"800\" height=\"450\" src=\"https:\/\/www.youtube.com\/embed\/KrrCU9qKkrM?feature=oembed\" frameborder=\"0\" allow=\"accelerometer; autoplay; clipboard-write; encrypted-media; gyroscope; picture-in-picture; web-share\" referrerpolicy=\"strict-origin-when-cross-origin\" allowfullscreen><\/iframe><\/p>\n<p>&nbsp;<\/p>\n<p>Seguidamente, el Lic. Eduardo Pe\u00f1afort, quien record\u00f3 que\u00a0\u201cuna de las preocupaciones de Mario era promover la formaci\u00f3n de artistas en San Juan. Y apoyar en un momento que ellos todav\u00eda no ten\u00edan tantas instituciones donde poder dar a conocer sus obras. Esta iniciativa es una excelente idea que tiene que arengar a toda la comunidad art\u00edstica sanjuanina, y que merece todo el apoyo mancomunado\u201d.<\/p>\n<p><iframe loading=\"lazy\" title=\"CDSJ CONCURSO LIC EDUARDO PE\u00d1AFORT\" width=\"800\" height=\"450\" src=\"https:\/\/www.youtube.com\/embed\/EgvzT68DWOE?feature=oembed\" frameborder=\"0\" allow=\"accelerometer; autoplay; clipboard-write; encrypted-media; gyroscope; picture-in-picture; web-share\" referrerpolicy=\"strict-origin-when-cross-origin\" allowfullscreen><\/iframe><\/p>\n<p>A continuaci\u00f3n, la subsecretaria Marcela Zegaib expres\u00f3 que \u201cla inclusi\u00f3n en esta convocatoria es muy importante. Recordar a Mario P\u00e9rez es recordar a parte de nuestra historia cultural. Cuando tomemos conciencia que el arte es parte de nuestra historia tambi\u00e9n vamos a entender el legado que estamos dejando gracias a la iniciativa de la Legislatura Provincial\u201d.<\/p>\n<p>Finalmente, el\u00a0vicegobernador Fabi\u00e1n Mart\u00edn\u00a0destac\u00f3\u00a0\u201cla humildad que caracterizaba a Mario P\u00e9rez. En ello reflejaba la calidad de persona que fue, y que ha dejado un legado incre\u00edble que nosotros seguimos a trav\u00e9s de este concurso\u201d.<\/p>\n<p><iframe loading=\"lazy\" title=\"CDSJ CONCURSO VICEGOBERNADOR DR FABI\u00c1N MART\u00cdN\" width=\"800\" height=\"450\" src=\"https:\/\/www.youtube.com\/embed\/LnrUGzwmz9M?feature=oembed\" frameborder=\"0\" allow=\"accelerometer; autoplay; clipboard-write; encrypted-media; gyroscope; picture-in-picture; web-share\" referrerpolicy=\"strict-origin-when-cross-origin\" allowfullscreen><\/iframe><\/p>\n<p><span style=\"color: #666699;\"><strong>Sobre el certamen<\/strong><\/span><\/p>\n<p><iframe loading=\"lazy\" title=\"Convocatoria de Artistas - Menci\u00f3n de Honor Maestro Mario Perez\" width=\"800\" height=\"450\" src=\"https:\/\/www.youtube.com\/embed\/guwJ8c4OD84?feature=oembed\" frameborder=\"0\" allow=\"accelerometer; autoplay; clipboard-write; encrypted-media; gyroscope; picture-in-picture; web-share\" referrerpolicy=\"strict-origin-when-cross-origin\" allowfullscreen><\/iframe><\/p>\n<p>Los diputados que integran la C\u00e1mara; los municipios a trav\u00e9s del \u00e1rea de Cultura, las instituciones acad\u00e9micas o las agrupaciones art\u00edsticas de la provincia, asimismo, los artistas en forma particular, pueden presentar propuestas para esta distinci\u00f3n.<\/p>\n<p>El tema es de libre elecci\u00f3n y el concurso se divide en tres categor\u00edas: Artes Pl\u00e1sticas (con reconocimiento al m\u00e9rito y trayectoria); Artes Pl\u00e1sticas \u201camateur\u201d (artistas emergentes); y Fotograf\u00eda. \u00a0Las \u201cartes pl\u00e1sticas\u201d de ambas categor\u00edas deben ser de car\u00e1cter bidimensional.<\/p>\n<p>A efectos de evaluar las postulaciones y emitir un dictamen, la Presidencia de la C\u00e1mara de Diputados en conjunto con la Direcci\u00f3n de Relaciones con la Comunidad, debe convocar un jurado, integrado por artistas pl\u00e1sticos, fot\u00f3grafos, curadores de arte y ciudadanos destacados que promuevan las Artes Pl\u00e1sticas, de reconocida trayectoria en la provincia, quienes trabajar\u00e1n de modo an\u00f3nimo y con total independencia de criterio, analizando las postulaciones que sean puestas a su disposici\u00f3n. La identidad de los miembros del jurado ser\u00e1 secreta durante el proceso de evaluaci\u00f3n y ser\u00e1 develada al momento de hacer entrega de la distinci\u00f3n. La decisi\u00f3n del jurado ser\u00e1 inapelable. Los artistas pl\u00e1sticos que sean miembros del Jurado y que fuesen nominados en la misma edici\u00f3n, no podr\u00e1n participar en la elecci\u00f3n.<\/p>\n<p><strong><span style=\"color: #800080;\">Bases y condiciones<\/span><\/strong><\/p>\n<p><a href=\"https:\/\/diputadossanjuan.gob.ar\/mencion-de-honor-maestro-mario-perez-2024\">https:\/\/diputadossanjuan.gob.ar\/mencion-de-honor-maestro-mario-perez-2024<\/a><\/p>\n<figure id=\"attachment_37951\" aria-describedby=\"caption-attachment-37951\" style=\"width: 800px\" class=\"wp-caption alignnone\"><img loading=\"lazy\" decoding=\"async\" class=\"size-full wp-image-37951\" src=\"https:\/\/vocesparalelas.com.ar\/sitio\/wp-content\/uploads\/2021\/05\/CAMARA-EDIFICIO.jpg\" alt=\"\" width=\"800\" height=\"515\" srcset=\"https:\/\/vocesparalelas.com.ar\/sitio\/wp-content\/uploads\/2021\/05\/CAMARA-EDIFICIO.jpg 800w, https:\/\/vocesparalelas.com.ar\/sitio\/wp-content\/uploads\/2021\/05\/CAMARA-EDIFICIO-300x193.jpg 300w, https:\/\/vocesparalelas.com.ar\/sitio\/wp-content\/uploads\/2021\/05\/CAMARA-EDIFICIO-768x494.jpg 768w\" sizes=\"auto, (max-width: 800px) 100vw, 800px\" \/><figcaption id=\"caption-attachment-37951\" class=\"wp-caption-text\">Legislatura Provincial de San Juan, Rep\u00fablica Argentina<\/figcaption><\/figure>\n","protected":false},"excerpt":{"rendered":"<p>La C\u00e1mara de Diputados de San Juan convoca a artistas pl\u00e1sticos y fot\u00f3grafos a participar de la \u201cMenci\u00f3n de Honor<\/p>\n","protected":false},"author":3,"featured_media":79120,"comment_status":"closed","ping_status":"closed","sticky":false,"template":"","format":"standard","meta":{"_acf_changed":false,"_seopress_robots_primary_cat":"none","_seopress_titles_title":"","_seopress_titles_desc":"","_seopress_robots_index":"","colormag_page_container_layout":"default_layout","colormag_page_sidebar_layout":"default_layout","footnotes":""},"categories":[8,7],"tags":[],"class_list":["post-79116","post","type-post","status-publish","format-standard","has-post-thumbnail","hentry","category-concursos","category-videos"],"acf":[],"_links":{"self":[{"href":"https:\/\/vocesparalelas.com.ar\/sitio\/wp-json\/wp\/v2\/posts\/79116","targetHints":{"allow":["GET"]}}],"collection":[{"href":"https:\/\/vocesparalelas.com.ar\/sitio\/wp-json\/wp\/v2\/posts"}],"about":[{"href":"https:\/\/vocesparalelas.com.ar\/sitio\/wp-json\/wp\/v2\/types\/post"}],"author":[{"embeddable":true,"href":"https:\/\/vocesparalelas.com.ar\/sitio\/wp-json\/wp\/v2\/users\/3"}],"replies":[{"embeddable":true,"href":"https:\/\/vocesparalelas.com.ar\/sitio\/wp-json\/wp\/v2\/comments?post=79116"}],"version-history":[{"count":5,"href":"https:\/\/vocesparalelas.com.ar\/sitio\/wp-json\/wp\/v2\/posts\/79116\/revisions"}],"predecessor-version":[{"id":79154,"href":"https:\/\/vocesparalelas.com.ar\/sitio\/wp-json\/wp\/v2\/posts\/79116\/revisions\/79154"}],"wp:featuredmedia":[{"embeddable":true,"href":"https:\/\/vocesparalelas.com.ar\/sitio\/wp-json\/wp\/v2\/media\/79120"}],"wp:attachment":[{"href":"https:\/\/vocesparalelas.com.ar\/sitio\/wp-json\/wp\/v2\/media?parent=79116"}],"wp:term":[{"taxonomy":"category","embeddable":true,"href":"https:\/\/vocesparalelas.com.ar\/sitio\/wp-json\/wp\/v2\/categories?post=79116"},{"taxonomy":"post_tag","embeddable":true,"href":"https:\/\/vocesparalelas.com.ar\/sitio\/wp-json\/wp\/v2\/tags?post=79116"}],"curies":[{"name":"wp","href":"https:\/\/api.w.org\/{rel}","templated":true}]}}