{"id":79111,"date":"2024-11-12T21:37:56","date_gmt":"2024-11-13T00:37:56","guid":{"rendered":"https:\/\/vocesparalelas.com.ar\/sitio\/?p=79111"},"modified":"2024-11-13T00:38:16","modified_gmt":"2024-11-13T03:38:16","slug":"definieron-el-temario-durante-la-labor-parlamentaria-de-san-juan","status":"publish","type":"post","link":"https:\/\/vocesparalelas.com.ar\/sitio\/definieron-el-temario-durante-la-labor-parlamentaria-de-san-juan\/","title":{"rendered":"Definieron el temario durante la Labor Parlamentaria de San Juan"},"content":{"rendered":"<p>El Martes, 12 de Noviembre, los legisladores titulares de los bloques que forman parte de la C\u00e1mara de Diputados de San Juan participaron de la reuni\u00f3n de Labor Parlamentaria que estuvo presidida por el vicegobernador Dr. Fabi\u00e1n Mart\u00edn.<\/p>\n<p>En la ocasi\u00f3n conformaron el temario del Orden del D\u00eda de la Decimocuarta Sesi\u00f3n a realizarse el Jueves, 14 de Noviembre, a las 10 horas.<\/p>\n<p>La cita fue cumplida en la sala de reuniones del cuarto piso del edificio anexo. Estuvo presente el secretario Legislativo, Dr. Gustavo Velert; la vicepresidente segundo, CPN Marisa L\u00f3pez; el vicepresidente alterno, Gustavo Deguer; los presidentes de bloques Producci\u00f3n y Trabajo, Juan de la Cruz C\u00f3rdoba; Justicialista, Juan Carlos Quiroga Moyano; Bloquista, legislador Luis Rueda; bloque San Juan Vuelve \u2013 P.T.P., Mario Herrero; bloque UCR, Alejandra Leonardo; bloque del Este, Marcelo Mallea; La Libertad Avanza \u2013 ADN, Fernando Patinella;\u00a0 bloque San Juan Te Quiero, diputado Gabriel S\u00e1nchez; Frente Renovador, Franco Aranda; y Frente Grande, diputado Horacio Quiroga.<\/p>\n<p><span style=\"color: #800080;\"><strong>Convenio en Materia de Obras de Viviendas<\/strong><\/span><\/p>\n<p>Tras despacho favorable de las comisiones de Legislaci\u00f3n y Asuntos Constitucionales (LAC), Obras y Servicios P\u00fablicos, y Hacienda y Presupuesto, el cuerpo legislativo pondr\u00e1 a consideraci\u00f3n un proyecto de Ley remitido por el Poder Ejecutivo que propone aprobar el Acta Acuerdo en Materia de Obras de Viviendas entre La Secretar\u00eda de Desarrollo Territorial, H\u00e1bitat y Vivienda del Ministerio de Econom\u00eda y la Provincia de San Juan.<\/p>\n<p>El objeto de este acuerdo consiste en que la provincia reciba financiamiento para las Obras correspondiente a planes, programas y subprogramas vigentes en materia de viviendas sociales, en el marco del Programa Nacional de construcci\u00f3n de vivienda denominado \u00abPrograma Casa Propia \u2014 Construir Futuro\u00bb y su Subprograma Denominado Subprograma Casa Propia \u2014 Casa Activa\u00bb.<\/p>\n<p><span style=\"color: #800080;\"><strong>Convenio Plan Nacional de Seguridad Alimentaria<\/strong><\/span><\/p>\n<p>Asimismo, con despacho de las comisiones de LAC y Educaci\u00f3n, Ciencia, T\u00e9cnica y Cultura, la Legislatura tratar\u00e1 un proyecto de Ley del Poder Ejecutivo que propone aprobar el convenio de colaboraci\u00f3n celebrado entre la Secretar\u00eda Nacional de Ni\u00f1ez, Adolescencia y Familia (SNNAYF) del Ministerio de Capital Humano y el Ministerio de la Familia y del Desarrollo Humano de nuestra provincia.<\/p>\n<p>El objetivo fundamental de este acuerdo consiste en establecer los mecanismos para que las partes coordinen la distribuci\u00f3n y utilizaci\u00f3n de los alimentos a ser entregados, con el fin de garantizar la seguridad alimentaria de los ni\u00f1os y adolescentes que concurren a las escuelas vulnerables de la Provincia, en el marco del Plan Nacional \u00abArgentina Contra el Hambre\u00bb y la Emergencia Alimentaria Nacional. Es importante cubrir los aportes nutricionales m\u00ednimos necesarios para contribuir en el proceso de aprendizaje y mejorar la calidad de vida de los ni\u00f1os, ni\u00f1as y adolescentes en edad escolar.<\/p>\n<p>Cabe recordar que el Plan Nacional de Seguridad Alimentaria (PNSA) fue creado en 2003 en el marco de la Ley N\u00b0 25.724 \/ 2002 \u2014 Programa de Nutrici\u00f3n y Alimentaci\u00f3n Nacional, con el objetivo de posibilitar el acceso de la poblaci\u00f3n en situaci\u00f3n de vulnerabilidad social a una alimentaci\u00f3n complementaria, suficiente y acorde.<\/p>\n<p>La ejecuci\u00f3n del Plan Nacional de Seguridad Alimentaria involucra en sus l\u00edneas de acci\u00f3n los distintos aspectos necesarios para promover la seguridad alimentaria y realiza actividades de educaci\u00f3n nutricional que aseguran el derecho a tener acceso a informaci\u00f3n cient\u00edfica, culturalmente aceptada y adecuada a las distintas comunidades del pa\u00eds.<\/p>\n<p><span style=\"color: #800080;\"><strong>Convenio para el mantenimiento de la Circunvalaci\u00f3n<\/strong><\/span><\/p>\n<p>Tambi\u00e9n con despacho favorable de las comisiones de LAC, Obras y Servicios P\u00fablicos, la C\u00e1mara de Diputados pondr\u00e1 a consideraci\u00f3n un proyecto de Ley remitido por el Poder Ejecutivo que propone aprobar el convenio entre la Direcci\u00f3n Nacional de Vialidad y la Direcci\u00f3n Provincial de Vialidad de la Provincia de San Juan- Conservaci\u00f3n y Mantenimiento de la Avenida Circunvalaci\u00f3n y sus Accesos por la Ruta Nacional N\u00b040 Y Ruta Nacional N\u00b0 20&#8243;, suscripto el 1 de Octubre de 2024, por el se\u00f1or Administrador General de la Direcci\u00f3n Nacional de Vialidad, Ingeniero Marcelo Jorge Campoy, y por el se\u00f1or Director General de la Direcci\u00f3n Provincial de Vialidad, Ing. Omar del Valle Lucero , el que como Anexo forma parte integrante de la presente norma.<\/p>\n<p>En este sentido Vialidad Nacional encomienda y cede a Vialidad Provincial, y \u00e9sta acepta las tareas de conservaci\u00f3n, mejoramiento y mantenimiento integral de: Ruta Nacional N\u00b0 A-014. Longitud Total: 16,06 km. Tramo 1 RN N\u00b0 40 (B. Bardiani) A\/N- RP12 (Ignacio de la Roza). Tramo 2 A\/N RP 12 (Ignacio de la Roza); B\/N RP21 (Calle Tucum\u00e1n). Tramo 3 B\/N RP 21 (calle Tucum\u00e1n); y RN N\u00b040 (B. Bardiani) y los accesos que vinculan con la RN N\u00b0 40- Acceso Norte: hasta Puente sobre R\u00edo San Juan (Longitud total: 4 km)- y Acceso Sur: hasta intersecci\u00f3n calle 5 (longitud total: 4 km) con RN N\u00b0 20 Acceso Este: intersecci\u00f3n calle Sol\u00eds (Longitud total: 4 km).<\/p>\n<p><span style=\"color: #800080;\"><strong>Gesti\u00f3n Plan Nacional de Lista de Espera de Trasplante de C\u00f3rneas<\/strong><\/span><\/p>\n<p>Por otra parte, el cuerpo parlamentario abordar\u00e1 dos proyectos de Ley presentados por el Poder Ejecutivo que proponen aprobar el Compromiso de Gesti\u00f3n del Plan Nacional de Resoluci\u00f3n de la Lista de Espera para Trasplante de C\u00f3rneas en el Hospital Dr. C\u00e9sar Aguilar, departamento Caucete, y en el Hospital P\u00fablico Descentralizado Dr. Marcial Quiroga. La firma fue llevada a cabo el 27 de agosto del 2024, entre el Ministerio de Salud de la Provincia; el Instituto Nacional Central \u00danico Coordinador de Ablaci\u00f3n e Implante (INCUCAI); el Instituto Central de Ablaci\u00f3n e Implante de la Provincia de San Juan (INAISA), y los representantes de los hospitales antes mencionados.<\/p>\n<p>Cabe se\u00f1alar que el mencionado plan tiene la finalidad de proponer la inclusi\u00f3n de esta problem\u00e1tica en la agenda p\u00fablica sanitaria y sobre todo en las instituciones hospitalarias, desde un abordaje integral y multidisciplinario de cada una de las \u00e1reas que est\u00e1n involucradas en este tema.<\/p>\n<p>Asimismo, el Compromiso se desarrollar\u00e1 mediante lineamientos tendientes a garantizar la eficacia y calidad en la procuraci\u00f3n a trav\u00e9s de la generaci\u00f3n de programas hospitalarios, con los prop\u00f3sitos de establecer y sincronizar protocolos de actuaci\u00f3n interdisciplinarios de los servicios intervinientes.<\/p>\n<p><span style=\"color: #800080;\"><strong>Sobre tablas<\/strong><\/span><\/p>\n<p>Por otro lado, la C\u00e1mara de Diputados tratar\u00e1 en el recinto sobre tablas los siguientes proyectos de Ley presentados por el interbloque Cambia San Juan que proponen:<\/p>\n<ul>\n<li>Sustituir el art\u00edculo 1\u00ba de la Ley 969-P, sobre el Estado de Emergencia de los Servicios de Seguridad.<\/li>\n<li>Sustituir los art\u00edculos 1\u00ba y 4\u00ba de la Ley N\u00ba 783-P, sobre el Estado de Emergencia P\u00fablica en la provincia de San Juan.<\/li>\n<li>Sustituir el art\u00edculo 2\u00ba de la Ley N\u00ba 2458-A, sobre la declaraci\u00f3n de Emergencia en materia de Obras P\u00fablicas.<\/li>\n<li>Modificar el art\u00edculo 1\u00ba de la Ley N\u00ba 1267-P, sobre suspensi\u00f3n de procedimientos judiciales de ejecuci\u00f3n.<\/li>\n<li>Modificar el art\u00edculo 4\u00ba de la Ley 1254-P, r\u00e9gimen excepcional y temporario, de regularizaci\u00f3n de obras subrepticias.<\/li>\n<li>Modificar el art\u00edculo 1\u00ba de la Ley 2470-L, de Estado de Emergencia H\u00eddrica.<\/li>\n<li>Modificar el art\u00edculo 1 de la Ley N\u00ba 1266-P de Emergencia Social.<\/li>\n<\/ul>\n<p><span style=\"color: #800080;\"><strong>Proyectos de Resoluci\u00f3n<\/strong><\/span><\/p>\n<p>Adem\u00e1s, el cuerpo Legislativo tratar\u00e1 los siguientes proyectos de Resoluci\u00f3n que propone declarar de inter\u00e9s:<\/p>\n<ul>\n<li>Educativo y cultural el \u00abProyecto Conociendo a Sarmiento\u00bb en Historieta Digitalizada. (Autor: Interbloque Cambia San Juan)<\/li>\n<li>Educativo y cultural al libro \u00abLa Trilla, un vuelo a la Literatura\u201d de la autor\u00eda de alumnos y docentes de educaci\u00f3n secundaria de la escuela \u00abPedro Bonifacio Palacios\u00bb de la localidad de Tamber\u00edas del departamento J\u00e1chal. (Autor: diputado Miguel Vega)<\/li>\n<li>Cultural, tur\u00edstico y social la edici\u00f3n N\u00ba63 de la \u00abFiesta Nacional de la Tradici\u00f3n\u00bb que se realiza en el departamento de J\u00e1chal desde el 9 al 16 de noviembre de 2024. (Autor: diputado Miguel Vega)<\/li>\n<li>Cultural y social la conferencia titulada \u00abSin brazos, sin piernas, sin l\u00edmites\u00bb de Nick Vujicic, organizada por la Fundaci\u00f3n ESALCU de la Iglesia Misi\u00f3n Vida para Las Naciones de San Juan, que se llevar\u00e1 a cabo el d\u00eda 19 de noviembre en el Estadio Aldo Cantoni. (Autor: diputado Luis Rueda)<\/li>\n<li>\u00abCultural, Social y Religioso, las Fiestas Patronales en Honor a Cristo Rey\u00bb a realizarse entre los d\u00edas 15 al 24 noviembre en la parroquia Cristo Rey del departamento Caucete. (Autor: diputado Emilio Escudero)<\/li>\n<li>Acad\u00e9mico, a las \u00abII Jornadas Sanjuaninas sobre Discapacidad\u00bb, que se llevar\u00e1n a cabo en la provincia de San Juan los d\u00edas 14 y 15 de noviembre del 2024 en el sal\u00f3n Sarmiento del Foro de Abogados de San Juan, y en modalidad online, por zoom. (Autor: interbloque Cambia San Juan)<\/li>\n<li>Educativo y social, el evento \u00abMusicoterapia Rehabilitaci\u00f3n e Inclusi\u00f3n\u00bb, que se llevar\u00e1 a cabo el d\u00eda 15 de noviembre desde las 8:00hs en la sala de Vicegobernadores, de la Legislatura Provincial. (Autor: interbloque Cambia San Juan)<\/li>\n<\/ul>\n<p>&nbsp;<\/p>\n<figure id=\"attachment_37951\" aria-describedby=\"caption-attachment-37951\" style=\"width: 800px\" class=\"wp-caption alignnone\"><img loading=\"lazy\" decoding=\"async\" class=\"size-full wp-image-37951\" src=\"https:\/\/vocesparalelas.com.ar\/sitio\/wp-content\/uploads\/2021\/05\/CAMARA-EDIFICIO.jpg\" alt=\"\" width=\"800\" height=\"515\" srcset=\"https:\/\/vocesparalelas.com.ar\/sitio\/wp-content\/uploads\/2021\/05\/CAMARA-EDIFICIO.jpg 800w, https:\/\/vocesparalelas.com.ar\/sitio\/wp-content\/uploads\/2021\/05\/CAMARA-EDIFICIO-300x193.jpg 300w, https:\/\/vocesparalelas.com.ar\/sitio\/wp-content\/uploads\/2021\/05\/CAMARA-EDIFICIO-768x494.jpg 768w\" sizes=\"auto, (max-width: 800px) 100vw, 800px\" \/><figcaption id=\"caption-attachment-37951\" class=\"wp-caption-text\">Legislatura Provincial de San Juan, Rep\u00fablica Argentina<\/figcaption><\/figure>\n","protected":false},"excerpt":{"rendered":"<p>El Martes, 12 de Noviembre, los legisladores titulares de los bloques que forman parte de la C\u00e1mara de Diputados de<\/p>\n","protected":false},"author":3,"featured_media":79114,"comment_status":"closed","ping_status":"closed","sticky":false,"template":"","format":"standard","meta":{"_acf_changed":false,"_seopress_robots_primary_cat":"none","_seopress_titles_title":"","_seopress_titles_desc":"","_seopress_robots_index":"","colormag_page_container_layout":"default_layout","colormag_page_sidebar_layout":"default_layout","footnotes":""},"categories":[1],"tags":[],"class_list":["post-79111","post","type-post","status-publish","format-standard","has-post-thumbnail","hentry","category-destacadas"],"acf":[],"_links":{"self":[{"href":"https:\/\/vocesparalelas.com.ar\/sitio\/wp-json\/wp\/v2\/posts\/79111","targetHints":{"allow":["GET"]}}],"collection":[{"href":"https:\/\/vocesparalelas.com.ar\/sitio\/wp-json\/wp\/v2\/posts"}],"about":[{"href":"https:\/\/vocesparalelas.com.ar\/sitio\/wp-json\/wp\/v2\/types\/post"}],"author":[{"embeddable":true,"href":"https:\/\/vocesparalelas.com.ar\/sitio\/wp-json\/wp\/v2\/users\/3"}],"replies":[{"embeddable":true,"href":"https:\/\/vocesparalelas.com.ar\/sitio\/wp-json\/wp\/v2\/comments?post=79111"}],"version-history":[{"count":1,"href":"https:\/\/vocesparalelas.com.ar\/sitio\/wp-json\/wp\/v2\/posts\/79111\/revisions"}],"predecessor-version":[{"id":79115,"href":"https:\/\/vocesparalelas.com.ar\/sitio\/wp-json\/wp\/v2\/posts\/79111\/revisions\/79115"}],"wp:featuredmedia":[{"embeddable":true,"href":"https:\/\/vocesparalelas.com.ar\/sitio\/wp-json\/wp\/v2\/media\/79114"}],"wp:attachment":[{"href":"https:\/\/vocesparalelas.com.ar\/sitio\/wp-json\/wp\/v2\/media?parent=79111"}],"wp:term":[{"taxonomy":"category","embeddable":true,"href":"https:\/\/vocesparalelas.com.ar\/sitio\/wp-json\/wp\/v2\/categories?post=79111"},{"taxonomy":"post_tag","embeddable":true,"href":"https:\/\/vocesparalelas.com.ar\/sitio\/wp-json\/wp\/v2\/tags?post=79111"}],"curies":[{"name":"wp","href":"https:\/\/api.w.org\/{rel}","templated":true}]}}