{"id":79101,"date":"2024-11-12T22:28:47","date_gmt":"2024-11-13T01:28:47","guid":{"rendered":"https:\/\/vocesparalelas.com.ar\/sitio\/?p=79101"},"modified":"2024-11-14T01:32:30","modified_gmt":"2024-11-14T04:32:30","slug":"hacia-la-red-sarmientina-un-proyecto-lanzado-en-casa-de-sarmiento-en-san-juan","status":"publish","type":"post","link":"https:\/\/vocesparalelas.com.ar\/sitio\/hacia-la-red-sarmientina-un-proyecto-lanzado-en-casa-de-sarmiento-en-san-juan\/","title":{"rendered":"Hacia la \u00abRed Sarmientina\u00bb, un proyecto lanzado en Casa de Sarmiento en San Juan"},"content":{"rendered":"<p>El Museo y Biblioteca Casa Natal de Sarmiento recibi\u00f3 a la Directora del Museo Casa Rosada, Mg. Virginia Gonz\u00e1lez, quien dirige el Proyecto \u00abRed Sarmientina\u00bb para visibiliza el legado de Domingo Faustino Sarmiento.<\/p>\n<p><img loading=\"lazy\" decoding=\"async\" class=\"alignnone size-full wp-image-79105\" src=\"https:\/\/vocesparalelas.com.ar\/sitio\/wp-content\/uploads\/2024\/11\/CASA-SARMIENTO-RED-SARMIENTINA-02.jpg\" alt=\"\" width=\"800\" height=\"533\" srcset=\"https:\/\/vocesparalelas.com.ar\/sitio\/wp-content\/uploads\/2024\/11\/CASA-SARMIENTO-RED-SARMIENTINA-02.jpg 800w, https:\/\/vocesparalelas.com.ar\/sitio\/wp-content\/uploads\/2024\/11\/CASA-SARMIENTO-RED-SARMIENTINA-02-300x200.jpg 300w, https:\/\/vocesparalelas.com.ar\/sitio\/wp-content\/uploads\/2024\/11\/CASA-SARMIENTO-RED-SARMIENTINA-02-768x512.jpg 768w\" sizes=\"auto, (max-width: 800px) 100vw, 800px\" \/><\/p>\n<p>Durante el Martes, 12 de Noviembre, se desarroll\u00f3 un taller en la Casa Natal de Sarmiento con la participaci\u00f3n de un importante cantidad de p\u00fablico interesados y que se desarroll\u00f3 durante la ma\u00f1ana y la tarde.<\/p>\n<p><img loading=\"lazy\" decoding=\"async\" class=\"alignnone size-full wp-image-79106\" src=\"https:\/\/vocesparalelas.com.ar\/sitio\/wp-content\/uploads\/2024\/11\/CASA-SARMIENTO-RED-SARMIENTINA-03.jpg\" alt=\"\" width=\"800\" height=\"533\" srcset=\"https:\/\/vocesparalelas.com.ar\/sitio\/wp-content\/uploads\/2024\/11\/CASA-SARMIENTO-RED-SARMIENTINA-03.jpg 800w, https:\/\/vocesparalelas.com.ar\/sitio\/wp-content\/uploads\/2024\/11\/CASA-SARMIENTO-RED-SARMIENTINA-03-300x200.jpg 300w, https:\/\/vocesparalelas.com.ar\/sitio\/wp-content\/uploads\/2024\/11\/CASA-SARMIENTO-RED-SARMIENTINA-03-768x512.jpg 768w\" sizes=\"auto, (max-width: 800px) 100vw, 800px\" \/><\/p>\n<p>Mientras se realiz\u00f3 el taller, Voces Paralelas desarroll\u00f3 una entrevista period\u00edstica al Director de la Casa Natal de Sarmiento, Dr. Renato L\u00f3pez, quien explic\u00f3 la importancia de la propuesta del proyecto porque es crear una red institucional que permita contener informaci\u00f3n desde San Juan.<\/p>\n<p><iframe loading=\"lazy\" title=\"SAN JUAN CASA NATAL SARMIENTO DR RENATO L\u00d3PEZ\" width=\"800\" height=\"450\" src=\"https:\/\/www.youtube.com\/embed\/XxOv8Tu2PVk?feature=oembed\" frameborder=\"0\" allow=\"accelerometer; autoplay; clipboard-write; encrypted-media; gyroscope; picture-in-picture; web-share\" referrerpolicy=\"strict-origin-when-cross-origin\" allowfullscreen><\/iframe><\/p>\n<p>&nbsp;<\/p>\n<p>Adem\u00e1s, con una agenda cargada, la Directora del Museo Casa Rosada, Mg. Virginia Gonz\u00e1lez tuvo la oportunidad de visitar la Casa Natal de Sarmiento, Biblioteca Franklin, Museo Franklin Rawson y Museo Hist\u00f3rico Provincial A. Gnecco; que albergan informaci\u00f3n sobre Sarmiento y sus acciones en el arte, la pol\u00edtica y la sociedad del siglo XIX.<\/p>\n<p><img loading=\"lazy\" decoding=\"async\" class=\"alignnone size-full wp-image-79108\" src=\"https:\/\/vocesparalelas.com.ar\/sitio\/wp-content\/uploads\/2024\/11\/CASA-SARMIENTO-RED-SARMIENTINA-05.jpg\" alt=\"\" width=\"800\" height=\"533\" srcset=\"https:\/\/vocesparalelas.com.ar\/sitio\/wp-content\/uploads\/2024\/11\/CASA-SARMIENTO-RED-SARMIENTINA-05.jpg 800w, https:\/\/vocesparalelas.com.ar\/sitio\/wp-content\/uploads\/2024\/11\/CASA-SARMIENTO-RED-SARMIENTINA-05-300x200.jpg 300w, https:\/\/vocesparalelas.com.ar\/sitio\/wp-content\/uploads\/2024\/11\/CASA-SARMIENTO-RED-SARMIENTINA-05-768x512.jpg 768w\" sizes=\"auto, (max-width: 800px) 100vw, 800px\" \/><\/p>\n<p>&nbsp;<\/p>\n<p>Posteriormente, se desarroll\u00f3 una conferencia de prensa en al Casa Natal de Sarmiento para explicar lo que significa el proyecto \u00abRed Sarmientina\u00bb.<\/p>\n<p><img loading=\"lazy\" decoding=\"async\" class=\"alignnone size-full wp-image-79107\" src=\"https:\/\/vocesparalelas.com.ar\/sitio\/wp-content\/uploads\/2024\/11\/CASA-SARMIENTO-RED-SARMIENTINA-04.jpg\" alt=\"\" width=\"800\" height=\"533\" srcset=\"https:\/\/vocesparalelas.com.ar\/sitio\/wp-content\/uploads\/2024\/11\/CASA-SARMIENTO-RED-SARMIENTINA-04.jpg 800w, https:\/\/vocesparalelas.com.ar\/sitio\/wp-content\/uploads\/2024\/11\/CASA-SARMIENTO-RED-SARMIENTINA-04-300x200.jpg 300w, https:\/\/vocesparalelas.com.ar\/sitio\/wp-content\/uploads\/2024\/11\/CASA-SARMIENTO-RED-SARMIENTINA-04-768x512.jpg 768w\" sizes=\"auto, (max-width: 800px) 100vw, 800px\" \/><\/p>\n<p>El Ministro de Turismo, Cultura y Deporte del Gobierno de San Juan, Dr. Guido Romero agradeci\u00f3 y lo importante lanzar un proyecto desde la casa Natal de Sarmiento<\/p>\n<p><iframe loading=\"lazy\" title=\"SAN JUAN CASA NATAL SARMIENTO MINISTRO DR GUIDO ROMERO\" width=\"800\" height=\"450\" src=\"https:\/\/www.youtube.com\/embed\/kQ1pT0iXcSg?feature=oembed\" frameborder=\"0\" allow=\"accelerometer; autoplay; clipboard-write; encrypted-media; gyroscope; picture-in-picture; web-share\" referrerpolicy=\"strict-origin-when-cross-origin\" allowfullscreen><\/iframe><\/p>\n<p>&nbsp;<\/p>\n<p>Luego, la Ministra de Educaci\u00f3n, Lic. Silvia Fuentes destac\u00f3 que esta ser\u00e1 otra forma que los alumnos conozcan a Domingo Faustino Sarmiento.<\/p>\n<p><iframe loading=\"lazy\" title=\"SAN JUAN CASA NATAL SARMIENTO MINISTRA LIC SILVIA FUENTES\" width=\"800\" height=\"450\" src=\"https:\/\/www.youtube.com\/embed\/J_cWtesjKaM?feature=oembed\" frameborder=\"0\" allow=\"accelerometer; autoplay; clipboard-write; encrypted-media; gyroscope; picture-in-picture; web-share\" referrerpolicy=\"strict-origin-when-cross-origin\" allowfullscreen><\/iframe><\/p>\n<p>&nbsp;<\/p>\n<p>Seguidamente, la Directora del Museo Casa Rosada, Mg. Virginia Gonz\u00e1lez, explic\u00f3 el contenido del proyecto que surgi\u00f3 en el 2022 y que ahora sigue avanzando.<\/p>\n<p><iframe loading=\"lazy\" title=\"SAN JUAN CASA NATAL SARMIENTO MG VIRGINIA GONZ\u00c1LEZ\" width=\"800\" height=\"450\" src=\"https:\/\/www.youtube.com\/embed\/gLyek3QH86o?feature=oembed\" frameborder=\"0\" allow=\"accelerometer; autoplay; clipboard-write; encrypted-media; gyroscope; picture-in-picture; web-share\" referrerpolicy=\"strict-origin-when-cross-origin\" allowfullscreen><\/iframe><\/p>\n<p>&nbsp;<\/p>\n<p>El Museo Casa Rosada dependiente de la Secretaria General de la Naci\u00f3n junto al Ministerio de Turismo, Cultura y Deporte lanzaron un proyecto de abordajes colectivos en torno a personajes relevantes en di\u00e1logo con el universo sarmientino. Uno de los objetivos de este trabajo es crear una red de informaci\u00f3n y trabajo colaborativo entre instituciones dedicadas al estudio y vinculaci\u00f3n de Sarmiento con el siglo XIX.<\/p>\n<p>En la segunda etapa, se realizar\u00e1 una exposici\u00f3n colectiva virtual, que d\u00e9 cuenta del avance del proyecto y que alojar\u00e1 una serie de acciones como charlas y recorridos virtuales, mostrando a cada instituci\u00f3n y sus modos de operar con el patrimonio que resguardan. Tambi\u00e9n se trabajar\u00e1 en una proyecci\u00f3n internacional para que instituciones extranjeras que cuenten con colecciones similares de Sarmiento se incorporen al cat\u00e1logo.<\/p>\n<p>&nbsp;<\/p>\n<p><img loading=\"lazy\" decoding=\"async\" class=\"alignnone size-full wp-image-41746\" src=\"https:\/\/vocesparalelas.com.ar\/sitio\/wp-content\/uploads\/2021\/09\/CASA-SARMIENTO-FRENTE-01.jpg\" alt=\"\" width=\"800\" height=\"533\" srcset=\"https:\/\/vocesparalelas.com.ar\/sitio\/wp-content\/uploads\/2021\/09\/CASA-SARMIENTO-FRENTE-01.jpg 800w, https:\/\/vocesparalelas.com.ar\/sitio\/wp-content\/uploads\/2021\/09\/CASA-SARMIENTO-FRENTE-01-300x200.jpg 300w, https:\/\/vocesparalelas.com.ar\/sitio\/wp-content\/uploads\/2021\/09\/CASA-SARMIENTO-FRENTE-01-768x512.jpg 768w\" sizes=\"auto, (max-width: 800px) 100vw, 800px\" \/><\/p>\n","protected":false},"excerpt":{"rendered":"<p>El Museo y Biblioteca Casa Natal de Sarmiento recibi\u00f3 a la Directora del Museo Casa Rosada, Mg. Virginia Gonz\u00e1lez, quien<\/p>\n","protected":false},"author":3,"featured_media":79104,"comment_status":"closed","ping_status":"closed","sticky":false,"template":"","format":"standard","meta":{"_acf_changed":false,"_seopress_robots_primary_cat":"none","_seopress_titles_title":"","_seopress_titles_desc":"","_seopress_robots_index":"","colormag_page_container_layout":"default_layout","colormag_page_sidebar_layout":"default_layout","footnotes":""},"categories":[15,7],"tags":[],"class_list":["post-79101","post","type-post","status-publish","format-standard","has-post-thumbnail","hentry","category-posgrados","category-videos"],"acf":[],"_links":{"self":[{"href":"https:\/\/vocesparalelas.com.ar\/sitio\/wp-json\/wp\/v2\/posts\/79101","targetHints":{"allow":["GET"]}}],"collection":[{"href":"https:\/\/vocesparalelas.com.ar\/sitio\/wp-json\/wp\/v2\/posts"}],"about":[{"href":"https:\/\/vocesparalelas.com.ar\/sitio\/wp-json\/wp\/v2\/types\/post"}],"author":[{"embeddable":true,"href":"https:\/\/vocesparalelas.com.ar\/sitio\/wp-json\/wp\/v2\/users\/3"}],"replies":[{"embeddable":true,"href":"https:\/\/vocesparalelas.com.ar\/sitio\/wp-json\/wp\/v2\/comments?post=79101"}],"version-history":[{"count":2,"href":"https:\/\/vocesparalelas.com.ar\/sitio\/wp-json\/wp\/v2\/posts\/79101\/revisions"}],"predecessor-version":[{"id":79110,"href":"https:\/\/vocesparalelas.com.ar\/sitio\/wp-json\/wp\/v2\/posts\/79101\/revisions\/79110"}],"wp:featuredmedia":[{"embeddable":true,"href":"https:\/\/vocesparalelas.com.ar\/sitio\/wp-json\/wp\/v2\/media\/79104"}],"wp:attachment":[{"href":"https:\/\/vocesparalelas.com.ar\/sitio\/wp-json\/wp\/v2\/media?parent=79101"}],"wp:term":[{"taxonomy":"category","embeddable":true,"href":"https:\/\/vocesparalelas.com.ar\/sitio\/wp-json\/wp\/v2\/categories?post=79101"},{"taxonomy":"post_tag","embeddable":true,"href":"https:\/\/vocesparalelas.com.ar\/sitio\/wp-json\/wp\/v2\/tags?post=79101"}],"curies":[{"name":"wp","href":"https:\/\/api.w.org\/{rel}","templated":true}]}}