{"id":79092,"date":"2024-11-12T21:49:16","date_gmt":"2024-11-13T00:49:16","guid":{"rendered":"https:\/\/vocesparalelas.com.ar\/sitio\/?p=79092"},"modified":"2024-11-13T23:49:21","modified_gmt":"2024-11-14T02:49:21","slug":"la-delegacion-de-san-juan-brillo-en-los-juegos-deportivos-evita-nacionales-2024-en-mar-del-plata","status":"publish","type":"post","link":"https:\/\/vocesparalelas.com.ar\/sitio\/la-delegacion-de-san-juan-brillo-en-los-juegos-deportivos-evita-nacionales-2024-en-mar-del-plata\/","title":{"rendered":"La delegaci\u00f3n de San Juan brill\u00f3 en los Juegos Deportivos Evita Nacionales 2024 en Mar del Plata"},"content":{"rendered":"<p>Tras una brillante participaci\u00f3n de la delegaci\u00f3n de San Juan en los Juegos Deportivos Evita Nacionales 2024, el gobernador Dr. Marcelo Orrego recibi\u00f3 a parte de los competidores y dialogaron es pos de continuar con el desarrollo deportivo en la provincia de San Juan.<\/p>\n<p>Es as\u00ed que el Martes, 12 de Noviembre, el gobernador Dr. Marcelo Orrego se encontr\u00f3 con parte de la delegaci\u00f3n de San Juan que compiti\u00f3 en los Juegos Deportivos Evita Nacionales 2024 que se desarrollaron en Mar del Plata, Provincia de Buenos Aires.<\/p>\n<p>Durante el encuentro en Casa de Gobierno, donde tambi\u00e9n estuvieron el ministro de Turismo Deporte y Cultura, Dr. Guido Romero y el secretario de Deportes, Dr. Pablo Tabachnik, dialogaron sobre la experiencia que dej\u00f3 en los j\u00f3venes esta participaci\u00f3n y sobre el inter\u00e9s de la Provincia en potenciar el talento deportivo local.<\/p>\n<p>Al concluir la reuni\u00f3n, el gobernador Dr. Marcelo Orrego puntualiz\u00f3 que \u00abla obtenci\u00f3n de las 39 medallas que cosech\u00f3 la delegaci\u00f3n de San Juan es producto del esfuerzo de las partes. Quiero agradecerles. No hay cosa m\u00e1s hermosa que representar a la provincia de uno, y ustedes lo han hecho muy bien. Este Gobierno siempre los va a estar apoyando en cada una de las ramas deportivas, porque para nosotros el deporte es una pol\u00edtica de Estado y as\u00ed seguir\u00e1 siendo. Ac\u00e1 cuentan con un sanjuanino m\u00e1s que estar\u00e1 a disposici\u00f3n de ustedes para cada competencia que disputen. Gracias por hacernos sentir tan orgullosos de ser sanjuaninos\u201d.<\/p>\n<p>Por su parte, tambi\u00e9n tomaron la palabra los coordinadores de la disciplina karate; Jorge Videla y Abril Videla, quienes agradecieron a las autoridades por la labor y destacaron que esta fue una participaci\u00f3n hist\u00f3rica para San Juan por los resultados conseguidos. Asimismo, manifestaron su orgullo por cada deportista y realzaron el trabajo de las federaciones e instructores.<\/p>\n<p>En este sentido, el presidente de la Federaci\u00f3n Sanjuanina de Karate, Jorge Videla, afirm\u00f3 que la performance de esta delegaci\u00f3n fue casi perfecta, explicando que San Juan lleg\u00f3 a cinco finales y gan\u00f3 tres, consiguiendo tres medallas de oro, dos de plata y una de bronce, lo que les permiti\u00f3 clasificar en primer lugar para la Copa Argentina.<\/p>\n<p>Otro de los deportes que consigui\u00f3 el lugar m\u00e1s alto en el podio para los sanjuaninos fue el goalball, una disciplina paraol\u00edmpica adaptada para gente con ceguera y disminuci\u00f3n visual. Uno de los representantes de este equipo e integrante de la Selecci\u00f3n Juvenil de este deporte, Lautaro Fern\u00e1ndez, cont\u00f3 que esta ya es su tercera participaci\u00f3n en los Juegos, y es la tercera medalla que consiguen para San Juan. A su vez, agradeci\u00f3 a toda la organizaci\u00f3n, felicit\u00f3 a todos los competidores, y expres\u00f3 su deseo de poder repetir la experiencia el pr\u00f3ximo a\u00f1o.<\/p>\n<p><iframe loading=\"lazy\" title=\"Orrego recibi\u00f3 a los deportistas sanjuaninos que participaron de los Juegos Evita\" width=\"800\" height=\"450\" src=\"https:\/\/www.youtube.com\/embed\/PqKiCh-lRnM?feature=oembed\" frameborder=\"0\" allow=\"accelerometer; autoplay; clipboard-write; encrypted-media; gyroscope; picture-in-picture; web-share\" referrerpolicy=\"strict-origin-when-cross-origin\" allowfullscreen><\/iframe><\/p>\n<p>En esta \u00faltima edici\u00f3n de los Juegos Evita, San Juan present\u00f3 una delegaci\u00f3n compuesta por 300 deportistas repartidos en 35 disciplinas. La Provincia logr\u00f3 39 medallas entre el deporte juvenil y adaptado, con 15 preseas de oro, 14 de plata y 10 de bronce.<\/p>\n<p>En las disciplinas convencionales, San Juan alcanz\u00f3 16 medallas (5 de oro, 8 de plata y 3 de bronce), para ubicarse en el posici\u00f3n 11, entre las 23 provincias argentinas m\u00e1s la Cuidad Aut\u00f3noma de Buenos Aires.<\/p>\n<p>El deporte inclusivo logr\u00f3 10 preseas de oro, 7 de plata y 6 de bronce, obteniendo un total de 23, n\u00famero que le permiti\u00f3 posicionarse en el puesto 16 de 24 participantes. Estos logros en los Juegos Nacionales Evita no solo subrayan el esfuerzo y la dedicaci\u00f3n de nuestros deportistas, sino tambi\u00e9n el trabajo sostenido que realiza el programa de Deporte Adaptado de la Direcci\u00f3n de Pol\u00edticas Educativas e Inclusivas, de la Secretaria de Deporte.<\/p>\n<p><img loading=\"lazy\" decoding=\"async\" class=\"alignnone size-large wp-image-79174\" src=\"https:\/\/vocesparalelas.com.ar\/sitio\/wp-content\/uploads\/2024\/11\/JUEGOS-EVITA-03-800x451.jpg\" alt=\"\" width=\"800\" height=\"451\" srcset=\"https:\/\/vocesparalelas.com.ar\/sitio\/wp-content\/uploads\/2024\/11\/JUEGOS-EVITA-03-800x451.jpg 800w, https:\/\/vocesparalelas.com.ar\/sitio\/wp-content\/uploads\/2024\/11\/JUEGOS-EVITA-03-300x169.jpg 300w, https:\/\/vocesparalelas.com.ar\/sitio\/wp-content\/uploads\/2024\/11\/JUEGOS-EVITA-03-768x433.jpg 768w, https:\/\/vocesparalelas.com.ar\/sitio\/wp-content\/uploads\/2024\/11\/JUEGOS-EVITA-03.jpg 1024w\" sizes=\"auto, (max-width: 800px) 100vw, 800px\" \/><\/p>\n<p>&nbsp;<\/p>\n","protected":false},"excerpt":{"rendered":"<p>Tras una brillante participaci\u00f3n de la delegaci\u00f3n de San Juan en los Juegos Deportivos Evita Nacionales 2024, el gobernador Dr.<\/p>\n","protected":false},"author":3,"featured_media":79095,"comment_status":"closed","ping_status":"closed","sticky":false,"template":"","format":"standard","meta":{"_acf_changed":false,"_seopress_robots_primary_cat":"none","_seopress_titles_title":"","_seopress_titles_desc":"","_seopress_robots_index":"","colormag_page_container_layout":"default_layout","colormag_page_sidebar_layout":"default_layout","footnotes":""},"categories":[1,7],"tags":[],"class_list":["post-79092","post","type-post","status-publish","format-standard","has-post-thumbnail","hentry","category-destacadas","category-videos"],"acf":[],"_links":{"self":[{"href":"https:\/\/vocesparalelas.com.ar\/sitio\/wp-json\/wp\/v2\/posts\/79092","targetHints":{"allow":["GET"]}}],"collection":[{"href":"https:\/\/vocesparalelas.com.ar\/sitio\/wp-json\/wp\/v2\/posts"}],"about":[{"href":"https:\/\/vocesparalelas.com.ar\/sitio\/wp-json\/wp\/v2\/types\/post"}],"author":[{"embeddable":true,"href":"https:\/\/vocesparalelas.com.ar\/sitio\/wp-json\/wp\/v2\/users\/3"}],"replies":[{"embeddable":true,"href":"https:\/\/vocesparalelas.com.ar\/sitio\/wp-json\/wp\/v2\/comments?post=79092"}],"version-history":[{"count":3,"href":"https:\/\/vocesparalelas.com.ar\/sitio\/wp-json\/wp\/v2\/posts\/79092\/revisions"}],"predecessor-version":[{"id":79176,"href":"https:\/\/vocesparalelas.com.ar\/sitio\/wp-json\/wp\/v2\/posts\/79092\/revisions\/79176"}],"wp:featuredmedia":[{"embeddable":true,"href":"https:\/\/vocesparalelas.com.ar\/sitio\/wp-json\/wp\/v2\/media\/79095"}],"wp:attachment":[{"href":"https:\/\/vocesparalelas.com.ar\/sitio\/wp-json\/wp\/v2\/media?parent=79092"}],"wp:term":[{"taxonomy":"category","embeddable":true,"href":"https:\/\/vocesparalelas.com.ar\/sitio\/wp-json\/wp\/v2\/categories?post=79092"},{"taxonomy":"post_tag","embeddable":true,"href":"https:\/\/vocesparalelas.com.ar\/sitio\/wp-json\/wp\/v2\/tags?post=79092"}],"curies":[{"name":"wp","href":"https:\/\/api.w.org\/{rel}","templated":true}]}}