{"id":79072,"date":"2024-11-11T18:00:00","date_gmt":"2024-11-11T21:00:00","guid":{"rendered":"https:\/\/vocesparalelas.com.ar\/sitio\/?p=79072"},"modified":"2024-11-12T21:20:44","modified_gmt":"2024-11-13T00:20:44","slug":"expo-drag-argentina-2024-en-la-semana-de-la-diversidad","status":"publish","type":"post","link":"https:\/\/vocesparalelas.com.ar\/sitio\/expo-drag-argentina-2024-en-la-semana-de-la-diversidad\/","title":{"rendered":"Expo Drag Argentina 2024 en la Semana de la Diversidad"},"content":{"rendered":"<p>San Juan se prepara para recibir la tercera edici\u00f3n de la\u00a0<strong>Expo Drag Argentina 2024<\/strong>, un festival vibrante que rinde homenaje al arte drag\u00a0<strong>en el marco de la 15\u00b0 Semana de la Diversidad.<\/strong>\u00a0Durante el 14 y 15 de noviembre, desde las 19 hasta las 00, el evento gratuito promete un fin de semana lleno de glamour, talento y orgullo en un entorno inclusivo y festivo.<\/p>\n<p>Con shows en vivo, invitadas especiales y exposiciones de vestuario hist\u00f3rico los asistentes podr\u00e1n disfrutar de una variada oferta de actividades, desde una alfombra roja y streaming en vivo hasta sets fotogr\u00e1ficos interactivos y un stand de dragueo. Adem\u00e1s, habr\u00e1 una masterclass de dragueo para quienes deseen aprender m\u00e1s sobre el arte y t\u00e9cnicas del drag.<\/p>\n<p>La Expo tambi\u00e9n ofrecer\u00e1 una feria de emprendedores y un paseo institucional con stands de organismos como el Registro Civil y Salud P\u00fablica, junto a asociaciones y municipios, para visibilizar y apoyar a la comunidad LGBTIQ+.<\/p>\n<p>El evento incluye, adem\u00e1s, el Drag Combat Federal, una competencia que reunir\u00e1 talento de distintas provincias, y la Kiki Session, donde el pop y el tech se fusionar\u00e1n en un DJ set en vivo que acompa\u00f1ar\u00e1 la ca\u00edda del sol en un espectacular sunset.<\/p>\n","protected":false},"excerpt":{"rendered":"<p>San Juan se prepara para recibir la tercera edici\u00f3n de la\u00a0Expo Drag Argentina 2024, un festival vibrante que rinde homenaje<\/p>\n","protected":false},"author":3,"featured_media":79075,"comment_status":"closed","ping_status":"closed","sticky":false,"template":"","format":"standard","meta":{"_acf_changed":false,"_seopress_robots_primary_cat":"none","_seopress_titles_title":"","_seopress_titles_desc":"","_seopress_robots_index":"","colormag_page_container_layout":"default_layout","colormag_page_sidebar_layout":"default_layout","footnotes":""},"categories":[20],"tags":[],"class_list":["post-79072","post","type-post","status-publish","format-standard","has-post-thumbnail","hentry","category-cartelera"],"acf":[],"_links":{"self":[{"href":"https:\/\/vocesparalelas.com.ar\/sitio\/wp-json\/wp\/v2\/posts\/79072","targetHints":{"allow":["GET"]}}],"collection":[{"href":"https:\/\/vocesparalelas.com.ar\/sitio\/wp-json\/wp\/v2\/posts"}],"about":[{"href":"https:\/\/vocesparalelas.com.ar\/sitio\/wp-json\/wp\/v2\/types\/post"}],"author":[{"embeddable":true,"href":"https:\/\/vocesparalelas.com.ar\/sitio\/wp-json\/wp\/v2\/users\/3"}],"replies":[{"embeddable":true,"href":"https:\/\/vocesparalelas.com.ar\/sitio\/wp-json\/wp\/v2\/comments?post=79072"}],"version-history":[{"count":1,"href":"https:\/\/vocesparalelas.com.ar\/sitio\/wp-json\/wp\/v2\/posts\/79072\/revisions"}],"predecessor-version":[{"id":79076,"href":"https:\/\/vocesparalelas.com.ar\/sitio\/wp-json\/wp\/v2\/posts\/79072\/revisions\/79076"}],"wp:featuredmedia":[{"embeddable":true,"href":"https:\/\/vocesparalelas.com.ar\/sitio\/wp-json\/wp\/v2\/media\/79075"}],"wp:attachment":[{"href":"https:\/\/vocesparalelas.com.ar\/sitio\/wp-json\/wp\/v2\/media?parent=79072"}],"wp:term":[{"taxonomy":"category","embeddable":true,"href":"https:\/\/vocesparalelas.com.ar\/sitio\/wp-json\/wp\/v2\/categories?post=79072"},{"taxonomy":"post_tag","embeddable":true,"href":"https:\/\/vocesparalelas.com.ar\/sitio\/wp-json\/wp\/v2\/tags?post=79072"}],"curies":[{"name":"wp","href":"https:\/\/api.w.org\/{rel}","templated":true}]}}