{"id":79064,"date":"2024-11-11T21:01:05","date_gmt":"2024-11-12T00:01:05","guid":{"rendered":"https:\/\/vocesparalelas.com.ar\/sitio\/?p=79064"},"modified":"2024-11-18T21:40:32","modified_gmt":"2024-11-19T00:40:32","slug":"la-faud-de-la-unsj-festejo-su-41-aniversario","status":"publish","type":"post","link":"https:\/\/vocesparalelas.com.ar\/sitio\/la-faud-de-la-unsj-festejo-su-41-aniversario\/","title":{"rendered":"La FAUD de la UNSJ festej\u00f3 su 41\u00b0 Aniversario"},"content":{"rendered":"<p>La Facultad de Arquitectura, Urbanismo y Dise\u00f1o de la Universidad Nacional de San Juan desarroll\u00f3 el Acto en Conmemoraci\u00f3n del 41\u00ba Aniversario de la creaci\u00f3n en el Comedor Universitario Juan Guti\u00e9rrez del CUIM de la UNSJ.<\/p>\n<p>En este contexto, Voces Paralelas desarroll\u00f3 una Entrevista Period\u00edstica al Decano de la FAUD de la UNSJ, Arq. Guillermo Velasco, quien defini\u00f3 el camino de su gesti\u00f3n al servicio de la comunidad de San Juan.<\/p>\n<p><iframe loading=\"lazy\" title=\"FAUD UNSJ DECANO ARQ. GUILLERMO VELASCO\" width=\"800\" height=\"450\" src=\"https:\/\/www.youtube.com\/embed\/G9OuAV1h2HI?feature=oembed\" frameborder=\"0\" allow=\"accelerometer; autoplay; clipboard-write; encrypted-media; gyroscope; picture-in-picture; web-share\" referrerpolicy=\"strict-origin-when-cross-origin\" allowfullscreen><\/iframe><\/p>\n<p>El acto comenz\u00f3 con la presentaci\u00f3n de los integrantes del \u00abCuarteto de Cuerda\u00bb que se lucieron en su interpretaci\u00f3n musical, conformada por Catalina Benegas, Ramiro Tejada, Ana Paula Vargas y Bautista Luna que pertenecen a la Orquesta de Escuela San Juan.<\/p>\n<p><iframe loading=\"lazy\" title=\"FAUD UNSJ ORQUESTA ESCUELA SAN JUAN\" width=\"800\" height=\"450\" src=\"https:\/\/www.youtube.com\/embed\/EQiWrUMLrkU?feature=oembed\" frameborder=\"0\" allow=\"accelerometer; autoplay; clipboard-write; encrypted-media; gyroscope; picture-in-picture; web-share\" referrerpolicy=\"strict-origin-when-cross-origin\" allowfullscreen><\/iframe><\/p>\n<p>Es importante recordar que la Orquesta de Escuela San Juan hace 12 a\u00f1os que trabaja en la educaci\u00f3n musical para la inclusi\u00f3n social.<\/p>\n<p><iframe loading=\"lazy\" title=\"FAUD UNSJ ORQUESTA ESCUELA SAN JUAN\" width=\"800\" height=\"450\" src=\"https:\/\/www.youtube.com\/embed\/WTasnsqAcaA?feature=oembed\" frameborder=\"0\" allow=\"accelerometer; autoplay; clipboard-write; encrypted-media; gyroscope; picture-in-picture; web-share\" referrerpolicy=\"strict-origin-when-cross-origin\" allowfullscreen><\/iframe><\/p>\n<p>Finalizada su presentaci\u00f3n, ingres\u00f3 el cuerpo de Bandera Argentina de la FAUD de la UNSJ portafa por la abanderada Mariana Bel\u00e9n S\u00e1nchez Agostini, 1\u00b0 Escolta Mait\u00e9 Nu\u00f1ez Vedia y 2\u00b0 Escolta Julieta Milagros Molina\u00a0Silva.<\/p>\n<p><img loading=\"lazy\" decoding=\"async\" class=\"alignnone size-full wp-image-79067\" src=\"https:\/\/vocesparalelas.com.ar\/sitio\/wp-content\/uploads\/2024\/11\/FAUD-ANIVERSARIO-01.jpg\" alt=\"\" width=\"800\" height=\"533\" srcset=\"https:\/\/vocesparalelas.com.ar\/sitio\/wp-content\/uploads\/2024\/11\/FAUD-ANIVERSARIO-01.jpg 800w, https:\/\/vocesparalelas.com.ar\/sitio\/wp-content\/uploads\/2024\/11\/FAUD-ANIVERSARIO-01-300x200.jpg 300w, https:\/\/vocesparalelas.com.ar\/sitio\/wp-content\/uploads\/2024\/11\/FAUD-ANIVERSARIO-01-768x512.jpg 768w\" sizes=\"auto, (max-width: 800px) 100vw, 800px\" \/><\/p>\n<p>Seguidamente, se enton\u00f3 las estrofas del Himno Nacional Argentino por los presentes. Fue un momento muy emotivo.<\/p>\n<p><iframe loading=\"lazy\" title=\"FAUD UNSJ HIMNO NACIONAL ARGENTINO\" width=\"800\" height=\"450\" src=\"https:\/\/www.youtube.com\/embed\/oeuKGKCepvE?feature=oembed\" frameborder=\"0\" allow=\"accelerometer; autoplay; clipboard-write; encrypted-media; gyroscope; picture-in-picture; web-share\" referrerpolicy=\"strict-origin-when-cross-origin\" allowfullscreen><\/iframe><\/p>\n<p>&nbsp;<\/p>\n<p>Despu\u00e9s del Discurso del Decano de la FAUD de la UNSJ, Arq. Guillermo Velasco, quien agradeci\u00f3 a los presentes y realiz\u00f3 una rese\u00f1a de la gesti\u00f3n.<\/p>\n<p><img loading=\"lazy\" decoding=\"async\" class=\"alignnone size-full wp-image-79068\" src=\"https:\/\/vocesparalelas.com.ar\/sitio\/wp-content\/uploads\/2024\/11\/FAUD-ANIVERSARIO-02.jpg\" alt=\"\" width=\"800\" height=\"533\" srcset=\"https:\/\/vocesparalelas.com.ar\/sitio\/wp-content\/uploads\/2024\/11\/FAUD-ANIVERSARIO-02.jpg 800w, https:\/\/vocesparalelas.com.ar\/sitio\/wp-content\/uploads\/2024\/11\/FAUD-ANIVERSARIO-02-300x200.jpg 300w, https:\/\/vocesparalelas.com.ar\/sitio\/wp-content\/uploads\/2024\/11\/FAUD-ANIVERSARIO-02-768x512.jpg 768w\" sizes=\"auto, (max-width: 800px) 100vw, 800px\" \/><\/p>\n<p>Seguidamente, comenz\u00f3 la entrega de agradecimiento y reconocimiento al personal de la Unidad Acad\u00e9mica que se jubilaros, que cumplieron 25 a\u00f1os de labor y a los que cumplieron 25 a\u00f1os de egresados.<\/p>\n<p><img loading=\"lazy\" decoding=\"async\" class=\"alignnone size-full wp-image-79069\" src=\"https:\/\/vocesparalelas.com.ar\/sitio\/wp-content\/uploads\/2024\/11\/FAUD-ANIVERSARIO-03.jpg\" alt=\"\" width=\"800\" height=\"533\" srcset=\"https:\/\/vocesparalelas.com.ar\/sitio\/wp-content\/uploads\/2024\/11\/FAUD-ANIVERSARIO-03.jpg 800w, https:\/\/vocesparalelas.com.ar\/sitio\/wp-content\/uploads\/2024\/11\/FAUD-ANIVERSARIO-03-300x200.jpg 300w, https:\/\/vocesparalelas.com.ar\/sitio\/wp-content\/uploads\/2024\/11\/FAUD-ANIVERSARIO-03-768x512.jpg 768w\" sizes=\"auto, (max-width: 800px) 100vw, 800px\" \/><\/p>\n<ul>\n<li><span style=\"color: #ff6600;\"><strong>Jubilados:<\/strong> <\/span>Arq. Andr\u00e9s Lecich; Arq. Miriam Dionicia Leal; Arq. Graciela Leonor Pignatari; Arq. Emilio Andr\u00e9s Manrique; Arq. Jorge Lopez; Arq. Mary Lucinda Saldivar; Juan Baustista Rios; Rosario Osvaldo Grosso; Arq. Aida del Rosario; Oviedo; Arq. Jose Guillermo Rodriguez; Arq. Jorge Alberto Rosales; Arq. Enrique Daniel Alzugaray; Arq. Patricia Garcia Tellez<\/li>\n<li><span style=\"color: #ff6600;\"><strong>25 A\u00f1os de Labor:<\/strong><\/span> Arq. Mario Gustavo Figueroa Marquez; D.I. Leonardo Gaston Lissandrello; Arq. Andres Nector Ortega; Arq. Graciela Andrea Pappan\u03bf; Arq. Sergio Esteban Reiloba; Arq. Daniel Augusto Suarez<\/li>\n<li><span style=\"color: #ff6600;\"><strong>25 a\u00f1os de Egresados:<\/strong> <\/span>Arq. Maria Veronica Aguirre, Arq. Mariela Erica Aguirre; Arq. Maria Gema Bazan Robles; Arq. Roberto Daniel Benitez; Arq. Arturo Horacio Castro; Arq. Natalia Judith Castro Lucero; Arq. Maria Soledad Coria Barbeito; Arq. Patricia Susana Diaz; Arq. Ana Lia Galvarini Mercado; Arq. Malvina Rosa Gim\u03b5\u03bd\u03bf; Arq. Julio Cesar Gomez; Arq. Sergio Fabian Heredia; Arq. Maria Fernanda Herrera; Arq. Maria Julia Masquijo Forlani; Arq. Mariana Beatriz Pinto Arias; Arq. Maria Jorgelina Pozzi; Arq. Miguel Angel Rodriguez Tello; Arq. Mirtha Elena Segura; Arq. Maria Daniela Turchetti Valenzuela<\/li>\n<\/ul>\n<p>Adem\u00e1s, se entregaron la Revista de Investigaci\u00f3n y Extensi\u00f3n \u00abPuente D\u00bb de la FAUD de la UNSJ que cuenta con una organizaci\u00f3n en cuatro secciones principales:<\/p>\n<ul>\n<li>Contribuciones, donde se publican art\u00edculos de investigadores y becarios de la FAUD de la UNSJ<\/li>\n<li>Comentario cr\u00edtico, que analiza los art\u00edculos principales;<\/li>\n<li>Inicios, dedica a trabajos de investigaci\u00f3n de estudiantes de grado; y<\/li>\n<li>Territorio, enfocada en experiencias y proyectos de extensi\u00f3n.<\/li>\n<\/ul>\n<p>De esta manera. la estructura de la Revista de Investigaci\u00f3n y Extensi\u00f3n \u00abPuente D\u00bb de la FAUD de la UNSJ permite abordar un amplio rango de tem\u00e1ticas y perspectivas, promoviendo la diversidad disciplinar y el intercambio de conocimientos entre docentes, investigadores y extensionistas.<\/p>\n<p>&nbsp;<\/p>\n<p><img loading=\"lazy\" decoding=\"async\" class=\"size-large wp-image-79321 aligncenter\" src=\"https:\/\/vocesparalelas.com.ar\/sitio\/wp-content\/uploads\/2024\/11\/FAUD-LIBRO-D-01-602x800.jpg\" alt=\"\" width=\"602\" height=\"800\" srcset=\"https:\/\/vocesparalelas.com.ar\/sitio\/wp-content\/uploads\/2024\/11\/FAUD-LIBRO-D-01-602x800.jpg 602w, https:\/\/vocesparalelas.com.ar\/sitio\/wp-content\/uploads\/2024\/11\/FAUD-LIBRO-D-01-226x300.jpg 226w, https:\/\/vocesparalelas.com.ar\/sitio\/wp-content\/uploads\/2024\/11\/FAUD-LIBRO-D-01-768x1020.jpg 768w, https:\/\/vocesparalelas.com.ar\/sitio\/wp-content\/uploads\/2024\/11\/FAUD-LIBRO-D-01.jpg 771w\" sizes=\"auto, (max-width: 602px) 100vw, 602px\" \/><\/p>\n<p>&nbsp;<\/p>\n<p>Tambi\u00e9n se entregaron los \u201cPremios FAUD\u201d de la Propuesta 0264 Dise\u00f1o FAUD en la semana del 24 de Octubre \u201cD\u00eda del Dise\u00f1o Argentino.<\/p>\n<p>En este contexto, se realiz\u00f3 el Primer Certamen Acad\u00e9mico, entre los estudiantes de las tres carreras enviaron para publicar trabajos realizados en c\u00e1tedras y que por votaci\u00f3n fueron seleccionados por pares y p\u00fablico en general.<\/p>\n<p><span style=\"color: #ff6600;\"><strong>Categor\u00eda A de primer a tercer nivel<\/strong><\/span><\/p>\n<ul>\n<li>C\u00e1tedra: Tipograf\u00eda<\/li>\n<li>Carrera: Dise\u00f1o Gr\u00e1fico<\/li>\n<li>A\u00f1o de realizaci\u00f3n: 2024<\/li>\n<li>Autores: Mar\u00eda Yael Anzor, Lara Campanello, Abril Ca\u00f1o, Ana Rojas.<\/li>\n<li>Proyecto \u201cLettering del nombre de un personaje hist\u00f3rico, Mar\u00eda Antonieta, en franc\u00e9s \u00abMarie Antoinette\u00bb. inspirado en su opulencia y disrupci\u00f3n, reflejados en la t\u00e9cnica de bordado y composici\u00f3n.<\/li>\n<\/ul>\n<p><span style=\"color: #ff6600;\"><strong>Categor\u00eda B de cuarto a sexto nivel<\/strong><\/span><\/p>\n<ul>\n<li>C\u00e1tedra: Taller de Dise\u00f1o Gr\u00e1fico 3<\/li>\n<li>Carrera: Dise\u00f1o Gr\u00e1fico<\/li>\n<li>Autores: Mar\u00eda Sol Rodr\u00edguez y Julieta Molina<\/li>\n<li>Proyecto: Sistema de Comunicaci\u00f3n de alta complejidad para el evento f\u00f3rmula 1 con el slogan \u00abExperiencia San Juan\u00bb.<\/li>\n<li>A\u00f1o de realizaci\u00f3n: 2024<\/li>\n<\/ul>\n<p>Para cerrar el acto, se proyect\u00f3 un video institucional que expres\u00f3 el trabajo que se realiz\u00f3 en la FAUD de la UNSJ.<\/p>\n<p><img loading=\"lazy\" decoding=\"async\" class=\"alignnone size-full wp-image-43789\" src=\"https:\/\/vocesparalelas.com.ar\/sitio\/wp-content\/uploads\/2021\/11\/FAUD-LOGO-NUEVO.jpg\" alt=\"\" width=\"800\" height=\"533\" srcset=\"https:\/\/vocesparalelas.com.ar\/sitio\/wp-content\/uploads\/2021\/11\/FAUD-LOGO-NUEVO.jpg 800w, https:\/\/vocesparalelas.com.ar\/sitio\/wp-content\/uploads\/2021\/11\/FAUD-LOGO-NUEVO-300x200.jpg 300w, https:\/\/vocesparalelas.com.ar\/sitio\/wp-content\/uploads\/2021\/11\/FAUD-LOGO-NUEVO-768x512.jpg 768w\" sizes=\"auto, (max-width: 800px) 100vw, 800px\" \/><\/p>\n","protected":false},"excerpt":{"rendered":"<p>La Facultad de Arquitectura, Urbanismo y Dise\u00f1o de la Universidad Nacional de San Juan desarroll\u00f3 el Acto en Conmemoraci\u00f3n del<\/p>\n","protected":false},"author":3,"featured_media":79070,"comment_status":"closed","ping_status":"closed","sticky":false,"template":"","format":"standard","meta":{"_acf_changed":false,"_seopress_robots_primary_cat":"none","_seopress_titles_title":"","_seopress_titles_desc":"","_seopress_robots_index":"","colormag_page_container_layout":"default_layout","colormag_page_sidebar_layout":"default_layout","footnotes":""},"categories":[10,7],"tags":[],"class_list":["post-79064","post","type-post","status-publish","format-standard","has-post-thumbnail","hentry","category-opiniones","category-videos"],"acf":[],"_links":{"self":[{"href":"https:\/\/vocesparalelas.com.ar\/sitio\/wp-json\/wp\/v2\/posts\/79064","targetHints":{"allow":["GET"]}}],"collection":[{"href":"https:\/\/vocesparalelas.com.ar\/sitio\/wp-json\/wp\/v2\/posts"}],"about":[{"href":"https:\/\/vocesparalelas.com.ar\/sitio\/wp-json\/wp\/v2\/types\/post"}],"author":[{"embeddable":true,"href":"https:\/\/vocesparalelas.com.ar\/sitio\/wp-json\/wp\/v2\/users\/3"}],"replies":[{"embeddable":true,"href":"https:\/\/vocesparalelas.com.ar\/sitio\/wp-json\/wp\/v2\/comments?post=79064"}],"version-history":[{"count":5,"href":"https:\/\/vocesparalelas.com.ar\/sitio\/wp-json\/wp\/v2\/posts\/79064\/revisions"}],"predecessor-version":[{"id":79325,"href":"https:\/\/vocesparalelas.com.ar\/sitio\/wp-json\/wp\/v2\/posts\/79064\/revisions\/79325"}],"wp:featuredmedia":[{"embeddable":true,"href":"https:\/\/vocesparalelas.com.ar\/sitio\/wp-json\/wp\/v2\/media\/79070"}],"wp:attachment":[{"href":"https:\/\/vocesparalelas.com.ar\/sitio\/wp-json\/wp\/v2\/media?parent=79064"}],"wp:term":[{"taxonomy":"category","embeddable":true,"href":"https:\/\/vocesparalelas.com.ar\/sitio\/wp-json\/wp\/v2\/categories?post=79064"},{"taxonomy":"post_tag","embeddable":true,"href":"https:\/\/vocesparalelas.com.ar\/sitio\/wp-json\/wp\/v2\/tags?post=79064"}],"curies":[{"name":"wp","href":"https:\/\/api.w.org\/{rel}","templated":true}]}}