{"id":79047,"date":"2024-11-11T21:32:25","date_gmt":"2024-11-12T00:32:25","guid":{"rendered":"https:\/\/vocesparalelas.com.ar\/sitio\/?p=79047"},"modified":"2024-11-13T01:32:20","modified_gmt":"2024-11-13T04:32:20","slug":"se-entregaron-las-bicicletas-a-los-ganadores-en-el-stand-de-la-camara-de-diputados-de-san-juan-en-la-fns-2024-somos-energia","status":"publish","type":"post","link":"https:\/\/vocesparalelas.com.ar\/sitio\/se-entregaron-las-bicicletas-a-los-ganadores-en-el-stand-de-la-camara-de-diputados-de-san-juan-en-la-fns-2024-somos-energia\/","title":{"rendered":"Se entregaron las bicicletas a los ganadores en el stand de la C\u00e1mara de Diputados de San Juan en la FNS 2024 \u00abSomos Energ\u00eda\u00bb"},"content":{"rendered":"<p>En el marco de la Fiesta Nacional del Sol 2024 \u00abSomos Energ\u00eda\u00bb, en San Juan, en el stand de la Legislatura Provincial, se inscribi\u00f3 a quienes asistieron para un sorteo, del que hoy el vicegobernador Dr. Fabi\u00e1n Mart\u00edn hizo entrega de los premios a los ganadores.<\/p>\n<p>El acto de entrega se realiz\u00f3 en el edificio Anexo de la Legislatura, a cargo del titular del Poder Legislativo, Dr. Fabi\u00e1n Mart\u00edn, y con la presencia de los secretarios Legislativo, Dr. Gustavo Velert, y Administrativo, Lic. Jorge Fern\u00e1ndez.<\/p>\n<p>El vicegobernador recibi\u00f3 a las afortunadas ganadoras, Patricia Lucero, Graciela Veja y Andrea Ya\u00f1ez; quienes fueron seleccionadas de manera tradicional mediante un bolillero, eligiendo a las participantes por el n\u00famero de finalizaci\u00f3n de su D.N.I.<\/p>\n<p>En cuanto a la realizaci\u00f3n de la Fiesta Nacional del Sol 2024, el Dr. Fabi\u00e1n Mart\u00edn destac\u00f3 que \u00abla decisi\u00f3n de llevar a cabo la celebraci\u00f3n en el Estadio Bicentenario fue muy acertada. \u00abCreemos que fue una gran decisi\u00f3n realizar esta fiesta en el Estadio Bicentenario, sus instalaciones fueron adecuadas para la correcta realizaci\u00f3n del evento\u00bb, expres\u00f3 el\u00a0presidente del Poder Legislativo, quien subray\u00f3 el \u00e9xito y la organizaci\u00f3n del evento en este nuevo formato.<\/p>\n<p>Este tipo de actividades contribuyen al acercamiento de la comunidad con la Legislatura, adem\u00e1s de promover la participaci\u00f3n de los ciudadanos en los eventos culturales m\u00e1s importantes de la provincia.<\/p>\n<p>&nbsp;<\/p>\n<p><img loading=\"lazy\" decoding=\"async\" class=\"alignnone size-full wp-image-79051\" src=\"https:\/\/vocesparalelas.com.ar\/sitio\/wp-content\/uploads\/2024\/11\/CDSJ-FIESTA-02.jpg\" alt=\"\" width=\"800\" height=\"700\" srcset=\"https:\/\/vocesparalelas.com.ar\/sitio\/wp-content\/uploads\/2024\/11\/CDSJ-FIESTA-02.jpg 800w, https:\/\/vocesparalelas.com.ar\/sitio\/wp-content\/uploads\/2024\/11\/CDSJ-FIESTA-02-300x263.jpg 300w, https:\/\/vocesparalelas.com.ar\/sitio\/wp-content\/uploads\/2024\/11\/CDSJ-FIESTA-02-768x672.jpg 768w\" sizes=\"auto, (max-width: 800px) 100vw, 800px\" \/><\/p>\n","protected":false},"excerpt":{"rendered":"<p>En el marco de la Fiesta Nacional del Sol 2024 \u00abSomos Energ\u00eda\u00bb, en San Juan, en el stand de la<\/p>\n","protected":false},"author":3,"featured_media":79050,"comment_status":"closed","ping_status":"closed","sticky":false,"template":"","format":"standard","meta":{"_acf_changed":false,"_seopress_robots_primary_cat":"none","_seopress_titles_title":"","_seopress_titles_desc":"","_seopress_robots_index":"","colormag_page_container_layout":"default_layout","colormag_page_sidebar_layout":"default_layout","footnotes":""},"categories":[8],"tags":[],"class_list":["post-79047","post","type-post","status-publish","format-standard","has-post-thumbnail","hentry","category-concursos"],"acf":[],"_links":{"self":[{"href":"https:\/\/vocesparalelas.com.ar\/sitio\/wp-json\/wp\/v2\/posts\/79047","targetHints":{"allow":["GET"]}}],"collection":[{"href":"https:\/\/vocesparalelas.com.ar\/sitio\/wp-json\/wp\/v2\/posts"}],"about":[{"href":"https:\/\/vocesparalelas.com.ar\/sitio\/wp-json\/wp\/v2\/types\/post"}],"author":[{"embeddable":true,"href":"https:\/\/vocesparalelas.com.ar\/sitio\/wp-json\/wp\/v2\/users\/3"}],"replies":[{"embeddable":true,"href":"https:\/\/vocesparalelas.com.ar\/sitio\/wp-json\/wp\/v2\/comments?post=79047"}],"version-history":[{"count":1,"href":"https:\/\/vocesparalelas.com.ar\/sitio\/wp-json\/wp\/v2\/posts\/79047\/revisions"}],"predecessor-version":[{"id":79052,"href":"https:\/\/vocesparalelas.com.ar\/sitio\/wp-json\/wp\/v2\/posts\/79047\/revisions\/79052"}],"wp:featuredmedia":[{"embeddable":true,"href":"https:\/\/vocesparalelas.com.ar\/sitio\/wp-json\/wp\/v2\/media\/79050"}],"wp:attachment":[{"href":"https:\/\/vocesparalelas.com.ar\/sitio\/wp-json\/wp\/v2\/media?parent=79047"}],"wp:term":[{"taxonomy":"category","embeddable":true,"href":"https:\/\/vocesparalelas.com.ar\/sitio\/wp-json\/wp\/v2\/categories?post=79047"},{"taxonomy":"post_tag","embeddable":true,"href":"https:\/\/vocesparalelas.com.ar\/sitio\/wp-json\/wp\/v2\/tags?post=79047"}],"curies":[{"name":"wp","href":"https:\/\/api.w.org\/{rel}","templated":true}]}}