{"id":79043,"date":"2024-11-11T21:16:10","date_gmt":"2024-11-12T00:16:10","guid":{"rendered":"https:\/\/vocesparalelas.com.ar\/sitio\/?p=79043"},"modified":"2024-11-13T01:08:12","modified_gmt":"2024-11-13T04:08:12","slug":"cronograma-de-finalizacion-de-ofrecimiento-de-cargos-y-horas-catedras-en-san-juan","status":"publish","type":"post","link":"https:\/\/vocesparalelas.com.ar\/sitio\/cronograma-de-finalizacion-de-ofrecimiento-de-cargos-y-horas-catedras-en-san-juan\/","title":{"rendered":"Cronograma de finalizaci\u00f3n de ofrecimiento de Cargos y Horas C\u00e1tedras en San Juan"},"content":{"rendered":"<p>La Secretaria de Coordinaci\u00f3n Administrativa Financiera, la Secretaria de Educaci\u00f3n, Direcci\u00f3n de \u00c1rea Administrativa del Ministerio de Educaci\u00f3n del Gobierno de San Juan informan el Cronograma de finalizaci\u00f3n de designaciones para cubrir Horas Catedra y\/o Cargos durante 2024:<\/p>\n<p>Teniendo en cuenta la Resoluci\u00f3n N\u00b0 00935-ME-2024, Calendario Escolar Provincial 2024, se comunica el Cronograma de finalizaci\u00f3n de ofrecimiento para cubrir horas c\u00e1tedra y\/o cargos Interino y\/o Suplentes que se produzcan en los distintos niveles y modalidades.<\/p>\n<p><span style=\"color: #ff6600;\"><strong>Niveles\/ Modalidades Fecha de Finalizaci\u00f3n de ofrecimientos <\/strong><\/span><\/p>\n<ul>\n<li>Nivel Superior 29 de Noviembre de 2024<\/li>\n<li>Nivel Inicial &#8211; Educaci\u00f3n Especial 28\/ de Noviembre de 2024<\/li>\n<li>Capacitaci\u00f3n Laboral, Centro de Formaci\u00f3n Profesional Nivel Primario- Modalidad Com\u00fan y Adultos y Especialidades Gabinete T\u00e9cnico Interdisciplinario Nivel Secundario: *Modalidad: Orientada y Art\u00edstica *Modalidad: Educaci\u00f3n T\u00e9cnico Profesional *CENS 29 de Noviembre de 2024<\/li>\n<\/ul>\n<p>En todos los casos deber\u00e1 realizarse el pedido de cobertura de horas c\u00e1tedra y\/o cargos a la Oficina de Comunicaci\u00f3n, Prensa y Difusi\u00f3n 48 hs. antes mediante S.I.G.E<\/p>\n<p><span style=\"color: #ff6600;\"><strong>As\u00ed mismo informa que, debe realizarse el cese de Suplentes designados considerando el motivo de reemplazo, como a continuaci\u00f3n se detalla:<\/strong><\/span><\/p>\n<p>1) Suplencias por Docencias Pasivas Transitorias concedidas hasta finalizaci\u00f3n del a\u00f1o lectivo 2024: Cesar\u00e1n en sus funciones el 27 de Diciembre de 2024, salvo que el docente al que reemplazan obtenga un nuevo Dictamen Favorable donde le otorguen nueva docencia pasiva que demuestre continuidad en la misma. Caducada la situaci\u00f3n de Docencia Pasiva Transitoria, los docentes se reincorporar\u00e1n a sus Establecimientos de Origen.<\/p>\n<p>2) Los docentes designados en Suplencias Cortas: por Licencias M\u00e9dicas por Art\u00edculos: 6\u00b0 E, 6\u00b0 C, 6\u00b0 F, 6\u00b0 G; y Licencias Sin Goce de Haberes por Razones Particulares Art. 7\u00b0-II-E; Licencias por Razones de Estudio \u2013 Art. 7\u00b0-II-F: Cesar\u00e1n en sus funciones el 27 de Diciembre de 2024 y todas las dem\u00e1s licencias no encuadradas en el p\u00e1rrafo siguiente.<\/p>\n<p><strong><span style=\"color: #ff6600;\">Es importante aclarar que, corresponder\u00e1n que contin\u00faen en sus funciones, quienes reemplacen al personal docente que se encuentre encuadrado en cualquiera de las siguientes situaciones:<\/span><\/strong><\/p>\n<ul>\n<li>Docencia Pasiva Permanente o por el ciclo lectivo 2024-2025 o hasta donde lo estipule el Dictamen M\u00e9dico emitido por Junta de Reconocimientos M\u00e9dicos<\/li>\n<li>Por Comisi\u00f3n de Servicios o Figura equivalente.<\/li>\n<li>Por Cambio de Destino por Separaci\u00f3n de Cargo por Sumario.<\/li>\n<li>Por Presunto Abandono de Cargo.<\/li>\n<li>Por uso de Licencia Sin Goce de Haberes por Ejercicio de Cargo de Mayor Jerarqu\u00eda, por Cargo de Mayor Remuneraci\u00f3n, (por Cargo de Mayor Imputaci\u00f3n Presupuestaria) y Licencia para los Miembros de Junta de Clasificaci\u00f3n Docente<\/li>\n<li>Las Licencias con tratamiento por ART (Accidente Laboral y\/o Enfermedad Profesional), hasta el alta que otorgue la Aseguradora de Riesgos de Trabajo.<\/li>\n<li>El uso de Licencia M\u00e9dica por Largo tratamiento (Art. 6\u00b0 H), hasta que Junta de Reconocimientos M\u00e9dicos otorgue el Alta M\u00e9dica.<\/li>\n<li>Docentes designados durante el Ciclo Lectivo 2024 en Espacios de Definici\u00f3n Institucional (E.D.I.), como Interinos a T\u00e9rmino, la fecha de cese se producir\u00e1 el d\u00eda anterior al inicio del Ciclo Lectivo 2025.<\/li>\n<li>En caso de Baja del docente reemplazado por Renuncia, Jubilaci\u00f3n, Fallecimiento o Cesant\u00eda, el docente suplente continuar\u00e1 en sus funciones, debiendo iniciar luego<\/li>\n<li>Cambio de Situaci\u00f3n de Revista.<\/li>\n<\/ul>\n<p><span style=\"color: #ff6600;\"><strong>Los tr\u00e1mites de designaciones correspondientes a todos los niveles y modalidades se reciben:<\/strong><\/span><\/p>\n<ul>\n<li>En U.G.D.A. (Unidad de Gesti\u00f3n Descentralizada Administrativa de la Provincia) hasta el 12 de Diciembre de 2024.<\/li>\n<li>Oficina de Interinatos y Suplencias recepciona la documentaci\u00f3n proveniente de las UGDA hasta el d\u00eda 20 de Diciembre de 2024.<\/li>\n<li>Los tr\u00e1mites de designaci\u00f3n que ingresen al circuito administrativo hasta el 20 de Diciembre de 2024 y que fueran observados por alguna oficina interviniente, podr\u00e1n reingresar al circuito administrativo hasta el 27 de Diciembre de 2024<\/li>\n<\/ul>\n<p><span style=\"color: #ff6600;\"><strong>Por reconocimiento de servicios cumpliendo con los siguientes requisitos<\/strong><\/span><\/p>\n<ul>\n<li>Nota solicitando el reconocimiento de servicios con informe circunstanciado justificando el motivo por el cual la designaci\u00f3n no se present\u00f3 en tiempo y forma.<\/li>\n<li>Certificaci\u00f3n de Servicios del periodo trabajado.<\/li>\n<\/ul>\n<p>&nbsp;<\/p>\n<p><img loading=\"lazy\" decoding=\"async\" class=\"alignnone size-large wp-image-7132\" src=\"https:\/\/vocesparalelas.com.ar\/sitio\/wp-content\/uploads\/2017\/11\/ENSS-11-800x534.jpg\" alt=\"\" width=\"800\" height=\"534\" srcset=\"https:\/\/vocesparalelas.com.ar\/sitio\/wp-content\/uploads\/2017\/11\/ENSS-11-800x534.jpg 800w, https:\/\/vocesparalelas.com.ar\/sitio\/wp-content\/uploads\/2017\/11\/ENSS-11-300x200.jpg 300w, https:\/\/vocesparalelas.com.ar\/sitio\/wp-content\/uploads\/2017\/11\/ENSS-11-768x512.jpg 768w, https:\/\/vocesparalelas.com.ar\/sitio\/wp-content\/uploads\/2017\/11\/ENSS-11.jpg 1000w\" sizes=\"auto, (max-width: 800px) 100vw, 800px\" \/><\/p>\n","protected":false},"excerpt":{"rendered":"<p>La Secretaria de Coordinaci\u00f3n Administrativa Financiera, la Secretaria de Educaci\u00f3n, Direcci\u00f3n de \u00c1rea Administrativa del Ministerio de Educaci\u00f3n del Gobierno<\/p>\n","protected":false},"author":3,"featured_media":28629,"comment_status":"closed","ping_status":"closed","sticky":false,"template":"","format":"standard","meta":{"_acf_changed":false,"_seopress_robots_primary_cat":"none","_seopress_titles_title":"","_seopress_titles_desc":"","_seopress_robots_index":"","colormag_page_container_layout":"default_layout","colormag_page_sidebar_layout":"default_layout","footnotes":""},"categories":[5],"tags":[],"class_list":["post-79043","post","type-post","status-publish","format-standard","has-post-thumbnail","hentry","category-ofrecimientos"],"acf":[],"_links":{"self":[{"href":"https:\/\/vocesparalelas.com.ar\/sitio\/wp-json\/wp\/v2\/posts\/79043","targetHints":{"allow":["GET"]}}],"collection":[{"href":"https:\/\/vocesparalelas.com.ar\/sitio\/wp-json\/wp\/v2\/posts"}],"about":[{"href":"https:\/\/vocesparalelas.com.ar\/sitio\/wp-json\/wp\/v2\/types\/post"}],"author":[{"embeddable":true,"href":"https:\/\/vocesparalelas.com.ar\/sitio\/wp-json\/wp\/v2\/users\/3"}],"replies":[{"embeddable":true,"href":"https:\/\/vocesparalelas.com.ar\/sitio\/wp-json\/wp\/v2\/comments?post=79043"}],"version-history":[{"count":1,"href":"https:\/\/vocesparalelas.com.ar\/sitio\/wp-json\/wp\/v2\/posts\/79043\/revisions"}],"predecessor-version":[{"id":79046,"href":"https:\/\/vocesparalelas.com.ar\/sitio\/wp-json\/wp\/v2\/posts\/79043\/revisions\/79046"}],"wp:featuredmedia":[{"embeddable":true,"href":"https:\/\/vocesparalelas.com.ar\/sitio\/wp-json\/wp\/v2\/media\/28629"}],"wp:attachment":[{"href":"https:\/\/vocesparalelas.com.ar\/sitio\/wp-json\/wp\/v2\/media?parent=79043"}],"wp:term":[{"taxonomy":"category","embeddable":true,"href":"https:\/\/vocesparalelas.com.ar\/sitio\/wp-json\/wp\/v2\/categories?post=79043"},{"taxonomy":"post_tag","embeddable":true,"href":"https:\/\/vocesparalelas.com.ar\/sitio\/wp-json\/wp\/v2\/tags?post=79043"}],"curies":[{"name":"wp","href":"https:\/\/api.w.org\/{rel}","templated":true}]}}