{"id":79038,"date":"2024-11-11T19:34:11","date_gmt":"2024-11-11T22:34:11","guid":{"rendered":"https:\/\/vocesparalelas.com.ar\/sitio\/?p=79038"},"modified":"2024-11-13T00:39:22","modified_gmt":"2024-11-13T03:39:22","slug":"se-fortalece-san-juan-minera-con-el-plan-de-inversion-de-usd-1-000-millones","status":"publish","type":"post","link":"https:\/\/vocesparalelas.com.ar\/sitio\/se-fortalece-san-juan-minera-con-el-plan-de-inversion-de-usd-1-000-millones\/","title":{"rendered":"Se fortalece San Juan Minera con el Plan de Inversi\u00f3n de USD 1.000 millones"},"content":{"rendered":"<p>Despu\u00e9s de la Reuni\u00f3n con el Gobernador de San Juan, Dr. Marcelo Orrego, el \u00a0director Ejecutivo de Minas Argentinas SA, Ing. Ricardo Mart\u00ednez. cuya empresa integrante del AISA Group, explic\u00f3 a los Periodistas San Juan, en qu\u00e9 consiste el Plan de Inversi\u00f3n de USD 1.000 millones para ejecutarse bajo el R\u00e9gimen de Incentivo a las Grandes Inversiones &#8211; RIGI.<\/p>\n<p><iframe loading=\"lazy\" title=\"SAN JUAN MINERA GUALCAMAYO ING RICARDO MARTINEZ\" width=\"800\" height=\"450\" src=\"https:\/\/www.youtube.com\/embed\/HVR9oaGbkiQ?feature=oembed\" frameborder=\"0\" allow=\"accelerometer; autoplay; clipboard-write; encrypted-media; gyroscope; picture-in-picture; web-share\" referrerpolicy=\"strict-origin-when-cross-origin\" allowfullscreen><\/iframe><\/p>\n<p>&nbsp;<\/p>\n<p>Posteriormente, el ministro de Miner\u00eda del Gobierno de San Juan, Dr. Juan Pablo Perea destac\u00f3 la importancia del la ampliaci\u00f3n de inversi\u00f3n de Minas Argentinas SA para San Juan.<\/p>\n<p><iframe loading=\"lazy\" title=\"SAN JUAN MINERA  MINISTRO DR JUAN PABLO PEREA\" width=\"800\" height=\"450\" src=\"https:\/\/www.youtube.com\/embed\/CO4VTNKfgNE?feature=oembed\" frameborder=\"0\" allow=\"accelerometer; autoplay; clipboard-write; encrypted-media; gyroscope; picture-in-picture; web-share\" referrerpolicy=\"strict-origin-when-cross-origin\" allowfullscreen><\/iframe><\/p>\n<p><img loading=\"lazy\" decoding=\"async\" class=\"alignnone size-full wp-image-73990\" src=\"https:\/\/vocesparalelas.com.ar\/sitio\/wp-content\/uploads\/2024\/06\/MINERIA-GUALCAMAYO.jpg\" alt=\"\" width=\"800\" height=\"418\" srcset=\"https:\/\/vocesparalelas.com.ar\/sitio\/wp-content\/uploads\/2024\/06\/MINERIA-GUALCAMAYO.jpg 800w, https:\/\/vocesparalelas.com.ar\/sitio\/wp-content\/uploads\/2024\/06\/MINERIA-GUALCAMAYO-300x157.jpg 300w, https:\/\/vocesparalelas.com.ar\/sitio\/wp-content\/uploads\/2024\/06\/MINERIA-GUALCAMAYO-768x401.jpg 768w, https:\/\/vocesparalelas.com.ar\/sitio\/wp-content\/uploads\/2024\/06\/MINERIA-GUALCAMAYO-390x205.jpg 390w\" sizes=\"auto, (max-width: 800px) 100vw, 800px\" \/><\/p>\n","protected":false},"excerpt":{"rendered":"<p>Despu\u00e9s de la Reuni\u00f3n con el Gobernador de San Juan, Dr. Marcelo Orrego, el \u00a0director Ejecutivo de Minas Argentinas SA,<\/p>\n","protected":false},"author":3,"featured_media":79041,"comment_status":"closed","ping_status":"closed","sticky":false,"template":"","format":"standard","meta":{"_acf_changed":false,"_seopress_robots_primary_cat":"none","_seopress_titles_title":"","_seopress_titles_desc":"","_seopress_robots_index":"","colormag_page_container_layout":"default_layout","colormag_page_sidebar_layout":"default_layout","footnotes":""},"categories":[2,7],"tags":[],"class_list":["post-79038","post","type-post","status-publish","format-standard","has-post-thumbnail","hentry","category-convocatorias","category-videos"],"acf":[],"_links":{"self":[{"href":"https:\/\/vocesparalelas.com.ar\/sitio\/wp-json\/wp\/v2\/posts\/79038","targetHints":{"allow":["GET"]}}],"collection":[{"href":"https:\/\/vocesparalelas.com.ar\/sitio\/wp-json\/wp\/v2\/posts"}],"about":[{"href":"https:\/\/vocesparalelas.com.ar\/sitio\/wp-json\/wp\/v2\/types\/post"}],"author":[{"embeddable":true,"href":"https:\/\/vocesparalelas.com.ar\/sitio\/wp-json\/wp\/v2\/users\/3"}],"replies":[{"embeddable":true,"href":"https:\/\/vocesparalelas.com.ar\/sitio\/wp-json\/wp\/v2\/comments?post=79038"}],"version-history":[{"count":1,"href":"https:\/\/vocesparalelas.com.ar\/sitio\/wp-json\/wp\/v2\/posts\/79038\/revisions"}],"predecessor-version":[{"id":79042,"href":"https:\/\/vocesparalelas.com.ar\/sitio\/wp-json\/wp\/v2\/posts\/79038\/revisions\/79042"}],"wp:featuredmedia":[{"embeddable":true,"href":"https:\/\/vocesparalelas.com.ar\/sitio\/wp-json\/wp\/v2\/media\/79041"}],"wp:attachment":[{"href":"https:\/\/vocesparalelas.com.ar\/sitio\/wp-json\/wp\/v2\/media?parent=79038"}],"wp:term":[{"taxonomy":"category","embeddable":true,"href":"https:\/\/vocesparalelas.com.ar\/sitio\/wp-json\/wp\/v2\/categories?post=79038"},{"taxonomy":"post_tag","embeddable":true,"href":"https:\/\/vocesparalelas.com.ar\/sitio\/wp-json\/wp\/v2\/tags?post=79038"}],"curies":[{"name":"wp","href":"https:\/\/api.w.org\/{rel}","templated":true}]}}