{"id":79032,"date":"2024-11-11T18:40:04","date_gmt":"2024-11-11T21:40:04","guid":{"rendered":"https:\/\/vocesparalelas.com.ar\/sitio\/?p=79032"},"modified":"2024-11-13T00:38:54","modified_gmt":"2024-11-13T03:38:54","slug":"presentaron-el-primer-plan-de-inversion-minera-en-san-juan-bajo-el-rigi","status":"publish","type":"post","link":"https:\/\/vocesparalelas.com.ar\/sitio\/presentaron-el-primer-plan-de-inversion-minera-en-san-juan-bajo-el-rigi\/","title":{"rendered":"Presentaron el primer plan de inversi\u00f3n minera en San Juan bajo el RIGI"},"content":{"rendered":"<p>El Lunes, 11 de Noviembre, el gobernador de San Juan, Dr Marcelo Orrego recibi\u00f3 al Ing.\u00a0 Ricardo Mart\u00ednez, director Ejecutivo de Minas Argentinas SA, empresa integrante del AISA Group, quien le present\u00f3 un Plan de Inversi\u00f3n de USD 1.000 millones para ejecutarse bajo el R\u00e9gimen de Incentivo a las Grandes Inversiones &#8211; RIGI.<\/p>\n<p>La operadora de la Mina Gualcamayo se convirti\u00f3 en la primera empresa con base en San Juan en adherirse formalmente y es, hasta ahora, el mayor monto de dinero comprometido bajo este sistema en toda la regi\u00f3n. Adem\u00e1s, es el cuarto del pa\u00eds.<\/p>\n<p>De esta reuni\u00f3n tambi\u00e9n participaron el ministro de Miner\u00eda, Dr, Juan Pablo Perea, ministro de Producci\u00f3n, Trabajo e Innovaci\u00f3n, CPN Gustavo Fern\u00e1ndez; Marcelo Agulles, gerente de Comunicaciones y Relaciones Comunitarias; Ing. Gabriel Corvo, gerente General de Minas Argentinas.<\/p>\n<p>Hay que resaltar que esto no hubiese sido posible sin el compromiso pol\u00edtico del gobernador Marcelo Orrego, para adherir la provincia de San Juan al RIGI y la posterior adhesi\u00f3n de los distintos municipios. Un dato para tener en cuenta es que Gualcamayo era una mina que estaba en proceso de cierre. Esto significa la reactivaci\u00f3n definitiva de la mina con una proyecci\u00f3n de 30 a\u00f1os de operaci\u00f3n.<\/p>\n<p>Cabe destacar que el Veh\u00edculo de Proyecto \u00danico &#8211; VPU\u00a0 &#8211; presentado contempla distintos iniciativas e inversiones. La m\u00e1s importante de ellas es, sin dudas, la que corresponde al Proyecto Carbonatos Profundos.<\/p>\n<p>De este modo, Carbonatos Profundos producir\u00e1 unas 120 mil onzas de oro anuales durante un per\u00edodo no menor a 17 a\u00f1os. La inversi\u00f3n estimada es de USD 485 M, previendo la generaci\u00f3n de unos 1000 puestos de trabajo durante la construcci\u00f3n y 400 para la etapa de operaci\u00f3n.<\/p>\n<p>Por otro lado, se inform\u00f3 que se realizar\u00e1n inversiones en Exploraci\u00f3n del orden de los USD 50 M durante los pr\u00f3ximos 5 a\u00f1os. Hay que resaltar que la compa\u00f1\u00eda ya encontr\u00f3 fuertes indicios geoqu\u00edmicos del potencial de uno o m\u00e1s p\u00f3rfidos de Molibdeno, Oro y Cobre.<\/p>\n<p><iframe loading=\"lazy\" title=\"El gobernador Orrego recibi\u00f3 a Ricardo Martinez\" width=\"800\" height=\"450\" src=\"https:\/\/www.youtube.com\/embed\/gdoWz8yJeW8?feature=oembed\" frameborder=\"0\" allow=\"accelerometer; autoplay; clipboard-write; encrypted-media; gyroscope; picture-in-picture; web-share\" referrerpolicy=\"strict-origin-when-cross-origin\" allowfullscreen><\/iframe><\/p>\n<p><strong><span style=\"color: #ff6600;\">Otros puntos clave<\/span><\/strong><\/p>\n<p>El plan de inversiones presentado en el RIGI incluye, tambi\u00e9n, la Producci\u00f3n de Cales Industriales. Para desarrollar este proyecto ser\u00e1 necesario realizar un gasoducto desde San Juan a J\u00e1chal y a Gualcamayo, lo cual tambi\u00e9n permitir\u00e1 extender el abastecimiento de gas natural a la regi\u00f3n norte de la provincia, generando un impacto social y econ\u00f3mico sin precedentes, que se realizar\u00e1 a mediano largo plazo. La inversi\u00f3n estimada es de USD 75 millones, a iniciarse cuando se complete el proyecto ejecutivo del gasoducto.<\/p>\n<p>En este primer VPU presentado por Minas Argentinas se incluy\u00f3 la primera etapa del Parque Fotovoltaico que se construir\u00e1 en Gualcamayo.<\/p>\n<p>Si bien el proyecto integral contempla una producci\u00f3n de 800 Mb, en este primer RIGI se comprometi\u00f3 la construcci\u00f3n de un parque de 50 Mb para uso exclusivo de las necesidades el\u00e9ctricas de la mina con una inversi\u00f3n de USD 37 millones a iniciarse el a\u00f1o pr\u00f3ximo.<\/p>\n<p>El plan de inversiones de Minas Argentinas se completa con labores de ampliaci\u00f3n, refuncionalizaci\u00f3n y repotenciaci\u00f3n de su actual sistema de lixiviaci\u00f3n, lo cual permitir\u00e1, a partir de 2025, producir oro y plata durante los pr\u00f3ximos a\u00f1os.<\/p>\n<p>En todos estos conceptos, los trabajos demandar\u00e1n inversiones del orden de los USD 360 millones, aproximadamente.<\/p>\n<p>Es importante destacar que el proceso formal de presentaci\u00f3n del VPU se complet\u00f3 horas atr\u00e1s. Ahora, el Gobierno Nacional deber\u00e1 evaluar el plan de inversiones, solicitar ampliaci\u00f3n de datos, si lo considera oportuno, y emitir una resoluci\u00f3n de aprobaci\u00f3n o rechazo en un plazo de 45 d\u00edas h\u00e1biles.<\/p>\n<p>Reci\u00e9n con el visto bueno del Ministerio de Econom\u00eda, Minas Argentinas estar\u00e1 habilitada a iniciar las labores bajo las condiciones establecidas en el RIGI recientemente sancionado y al cual la provincia de San Juan adhiri\u00f3 oportunamente.<\/p>\n<p><img loading=\"lazy\" decoding=\"async\" class=\"alignnone size-full wp-image-73990\" src=\"https:\/\/vocesparalelas.com.ar\/sitio\/wp-content\/uploads\/2024\/06\/MINERIA-GUALCAMAYO.jpg\" alt=\"\" width=\"800\" height=\"418\" srcset=\"https:\/\/vocesparalelas.com.ar\/sitio\/wp-content\/uploads\/2024\/06\/MINERIA-GUALCAMAYO.jpg 800w, https:\/\/vocesparalelas.com.ar\/sitio\/wp-content\/uploads\/2024\/06\/MINERIA-GUALCAMAYO-300x157.jpg 300w, https:\/\/vocesparalelas.com.ar\/sitio\/wp-content\/uploads\/2024\/06\/MINERIA-GUALCAMAYO-768x401.jpg 768w, https:\/\/vocesparalelas.com.ar\/sitio\/wp-content\/uploads\/2024\/06\/MINERIA-GUALCAMAYO-390x205.jpg 390w\" sizes=\"auto, (max-width: 800px) 100vw, 800px\" \/><\/p>\n","protected":false},"excerpt":{"rendered":"<p>El Lunes, 11 de Noviembre, el gobernador de San Juan, Dr Marcelo Orrego recibi\u00f3 al Ing.\u00a0 Ricardo Mart\u00ednez, director Ejecutivo<\/p>\n","protected":false},"author":3,"featured_media":79035,"comment_status":"closed","ping_status":"closed","sticky":false,"template":"","format":"standard","meta":{"_acf_changed":false,"_seopress_robots_primary_cat":"none","_seopress_titles_title":"","_seopress_titles_desc":"","_seopress_robots_index":"","colormag_page_container_layout":"default_layout","colormag_page_sidebar_layout":"default_layout","footnotes":""},"categories":[2,7],"tags":[],"class_list":["post-79032","post","type-post","status-publish","format-standard","has-post-thumbnail","hentry","category-convocatorias","category-videos"],"acf":[],"_links":{"self":[{"href":"https:\/\/vocesparalelas.com.ar\/sitio\/wp-json\/wp\/v2\/posts\/79032","targetHints":{"allow":["GET"]}}],"collection":[{"href":"https:\/\/vocesparalelas.com.ar\/sitio\/wp-json\/wp\/v2\/posts"}],"about":[{"href":"https:\/\/vocesparalelas.com.ar\/sitio\/wp-json\/wp\/v2\/types\/post"}],"author":[{"embeddable":true,"href":"https:\/\/vocesparalelas.com.ar\/sitio\/wp-json\/wp\/v2\/users\/3"}],"replies":[{"embeddable":true,"href":"https:\/\/vocesparalelas.com.ar\/sitio\/wp-json\/wp\/v2\/comments?post=79032"}],"version-history":[{"count":2,"href":"https:\/\/vocesparalelas.com.ar\/sitio\/wp-json\/wp\/v2\/posts\/79032\/revisions"}],"predecessor-version":[{"id":79037,"href":"https:\/\/vocesparalelas.com.ar\/sitio\/wp-json\/wp\/v2\/posts\/79032\/revisions\/79037"}],"wp:featuredmedia":[{"embeddable":true,"href":"https:\/\/vocesparalelas.com.ar\/sitio\/wp-json\/wp\/v2\/media\/79035"}],"wp:attachment":[{"href":"https:\/\/vocesparalelas.com.ar\/sitio\/wp-json\/wp\/v2\/media?parent=79032"}],"wp:term":[{"taxonomy":"category","embeddable":true,"href":"https:\/\/vocesparalelas.com.ar\/sitio\/wp-json\/wp\/v2\/categories?post=79032"},{"taxonomy":"post_tag","embeddable":true,"href":"https:\/\/vocesparalelas.com.ar\/sitio\/wp-json\/wp\/v2\/tags?post=79032"}],"curies":[{"name":"wp","href":"https:\/\/api.w.org\/{rel}","templated":true}]}}