{"id":79011,"date":"2024-11-09T15:44:48","date_gmt":"2024-11-09T18:44:48","guid":{"rendered":"https:\/\/vocesparalelas.com.ar\/sitio\/?p=79011"},"modified":"2024-11-12T21:19:41","modified_gmt":"2024-11-13T00:19:41","slug":"ciclo-sifon-en-el-chalet-cantoni-en-san-juan","status":"publish","type":"post","link":"https:\/\/vocesparalelas.com.ar\/sitio\/ciclo-sifon-en-el-chalet-cantoni-en-san-juan\/","title":{"rendered":"\u00abCiclo Sif\u00f3n\u00bb en el Chalet Cantoni en San Juan"},"content":{"rendered":"<p>El Jueves, 14; el Jueves, 21 y el Jueves, 28 de Noviembre, en el Chalet Cantoni, con entrada libre y gratuita se desarrolla \u00abEl\u00a0Ciclo Sif\u00f3n\u00bb.<\/p>\n<p>Desde las 18 a 22:30 hs, se abordan diferentes tem\u00e1ticas como la gastronom\u00eda, m\u00fasica, sonidos, est\u00e9ticas, colores, arte, lunfardo sanjuanino, deportes, geograf\u00eda, entre otros.<\/p>\n<p>El evento es un formato de tres encuentros semanales donde reconocidos personajes de la cultura de San Juan, participan de una mesa de charlas con humor.<\/p>\n<p>Se abordan diferentes tem\u00e1ticas como la gastronom\u00eda, m\u00fasica, sonidos, est\u00e9ticas, colores, arte, lunfardo sanjuanino, deportes, geograf\u00eda, entre otros.<\/p>\n<p>Cada encuentro cuenta con al menos cinco entrevistados y el p\u00fablico puede disfrutar de las diferentes intervenciones e interactuar con los integrantes de la mesa.<\/p>\n<p>La entrada es libre y gratuita sin inscripci\u00f3n previa. Adem\u00e1s, hay m\u00fasica en vivo, puestos gastron\u00f3micos, y quienes quieran pueden traer su reposera.<\/p>\n<p>En esta primera edici\u00f3n participan\u00a0Mari Esquivel, Diego Lancha, Meli Echeverr\u00eda, Willy Herrera, Fabri P\u00e9rez, G\u00e9minis, Tania Invernizzi, Esha, negro Morte, AnaLuz Torras, Juajo De los Rios, Javier Cerimedo, Fer Weidmann, Igna Lloveras, Carmelo Letizia.<\/p>\n<p><img loading=\"lazy\" decoding=\"async\" class=\"alignnone size-full wp-image-46297\" src=\"https:\/\/vocesparalelas.com.ar\/sitio\/wp-content\/uploads\/2022\/02\/CHALET-CANTONI.jpg\" alt=\"\" width=\"782\" height=\"440\" srcset=\"https:\/\/vocesparalelas.com.ar\/sitio\/wp-content\/uploads\/2022\/02\/CHALET-CANTONI.jpg 782w, https:\/\/vocesparalelas.com.ar\/sitio\/wp-content\/uploads\/2022\/02\/CHALET-CANTONI-300x169.jpg 300w, https:\/\/vocesparalelas.com.ar\/sitio\/wp-content\/uploads\/2022\/02\/CHALET-CANTONI-768x432.jpg 768w\" sizes=\"auto, (max-width: 782px) 100vw, 782px\" \/><\/p>\n<p>&nbsp;<\/p>\n","protected":false},"excerpt":{"rendered":"<p>El Jueves, 14; el Jueves, 21 y el Jueves, 28 de Noviembre, en el Chalet Cantoni, con entrada libre y<\/p>\n","protected":false},"author":3,"featured_media":79014,"comment_status":"closed","ping_status":"closed","sticky":false,"template":"","format":"standard","meta":{"_acf_changed":false,"_seopress_robots_primary_cat":"none","_seopress_titles_title":"","_seopress_titles_desc":"","_seopress_robots_index":"","colormag_page_container_layout":"default_layout","colormag_page_sidebar_layout":"default_layout","footnotes":""},"categories":[20],"tags":[],"class_list":["post-79011","post","type-post","status-publish","format-standard","has-post-thumbnail","hentry","category-cartelera"],"acf":[],"_links":{"self":[{"href":"https:\/\/vocesparalelas.com.ar\/sitio\/wp-json\/wp\/v2\/posts\/79011","targetHints":{"allow":["GET"]}}],"collection":[{"href":"https:\/\/vocesparalelas.com.ar\/sitio\/wp-json\/wp\/v2\/posts"}],"about":[{"href":"https:\/\/vocesparalelas.com.ar\/sitio\/wp-json\/wp\/v2\/types\/post"}],"author":[{"embeddable":true,"href":"https:\/\/vocesparalelas.com.ar\/sitio\/wp-json\/wp\/v2\/users\/3"}],"replies":[{"embeddable":true,"href":"https:\/\/vocesparalelas.com.ar\/sitio\/wp-json\/wp\/v2\/comments?post=79011"}],"version-history":[{"count":2,"href":"https:\/\/vocesparalelas.com.ar\/sitio\/wp-json\/wp\/v2\/posts\/79011\/revisions"}],"predecessor-version":[{"id":79091,"href":"https:\/\/vocesparalelas.com.ar\/sitio\/wp-json\/wp\/v2\/posts\/79011\/revisions\/79091"}],"wp:featuredmedia":[{"embeddable":true,"href":"https:\/\/vocesparalelas.com.ar\/sitio\/wp-json\/wp\/v2\/media\/79014"}],"wp:attachment":[{"href":"https:\/\/vocesparalelas.com.ar\/sitio\/wp-json\/wp\/v2\/media?parent=79011"}],"wp:term":[{"taxonomy":"category","embeddable":true,"href":"https:\/\/vocesparalelas.com.ar\/sitio\/wp-json\/wp\/v2\/categories?post=79011"},{"taxonomy":"post_tag","embeddable":true,"href":"https:\/\/vocesparalelas.com.ar\/sitio\/wp-json\/wp\/v2\/tags?post=79011"}],"curies":[{"name":"wp","href":"https:\/\/api.w.org\/{rel}","templated":true}]}}