{"id":79005,"date":"2024-11-09T15:32:25","date_gmt":"2024-11-09T18:32:25","guid":{"rendered":"https:\/\/vocesparalelas.com.ar\/sitio\/?p=79005"},"modified":"2024-11-10T00:33:00","modified_gmt":"2024-11-10T03:33:00","slug":"presentaron-la-antologia-poetica-del-escritor-ladislao-reyes-de-sierras-de-elizondo-departamento-valle-fertil","status":"publish","type":"post","link":"https:\/\/vocesparalelas.com.ar\/sitio\/presentaron-la-antologia-poetica-del-escritor-ladislao-reyes-de-sierras-de-elizondo-departamento-valle-fertil\/","title":{"rendered":"Presentaron la Antolog\u00eda Po\u00e9tica del escritor Ladislao Reyes de Sierras de Elizondo, Departamento Valle F\u00e9rtil"},"content":{"rendered":"<p>Durante el acto, el escritor Ladislao Reyes, vecino de Sierras de Elizondo, Departamento Valle F\u00e9rtil, Provincia de San Juan y exalumno de la instituci\u00f3n educativa antes mencionada, recibi\u00f3 de mano del titular del Poder Legislativo y del legislador departamental su obra impresa editada por el Fondo Editorial de la C\u00e1mara de Diputados. Cabe se\u00f1alar que el libro ser\u00e1 pronto distribuido a las escuelas, para lectura y disfrute de las poes\u00edas de don Ladislao.<\/p>\n<p>En la oportunidad, el vicegobernador Dr. Fabi\u00e1n Mart\u00edn agradeci\u00f3 a don Reyes por compartir su sabidur\u00eda y por recitar en vivo uno de sus escritos. Seguidamente coment\u00f3 \u201cDios le ha dado el don de poder escribir y eso lo ha hecho grande como persona, como vecino y la verdad que es un honor para nosotros poder estar ac\u00e1 acompa\u00f1\u00e1ndolo y entregarle un libro donde se plasma una parte de todo lo que \u00e9l ha escrito. \u00c9l nos preguntaba si se podr\u00e1 llevar los libros a otras escuelas y claro que lo vamos hacer, llegar a otras instituciones educativas tambi\u00e9n\u201d.<\/p>\n<p>A continuaci\u00f3n, enfatiz\u00f3 que \u201cla C\u00e1mara junto con el Ministerio de Educaci\u00f3n visitamos muchas escuelas, estamos entregando libros de autores sanjuaninos y entre ellos est\u00e1 el libro suyo para que en otras instituciones educativas sus obras sean le\u00eddas\u201d. Asimismo, habl\u00f3 sobre el desaf\u00edo de difundir el concurso literario San Juan Escribe y de motivar a los j\u00f3venes a partir de los doce a\u00f1os a escribir. \u201cQueremos que los chicos, j\u00f3venes y tambi\u00e9n los grandes escriban como lo hace todos los d\u00edas don Reyes. Como todas las cosas, al principio cuesta, pero uno despu\u00e9s va haciendo la gimnasia y las palabras le aflorar\u00e1n\u201d.<\/p>\n<p>Luego, se refiri\u00f3 a las Sierras de Elizondo y dijo \u201cquiero darle gracias a Dios por estar ac\u00e1 con ustedes, por estar en este lugar maravilloso, no hab\u00eda venido nunca. La verdad que reconforta saber que tenemos este para\u00edso, reconforta saber que tenemos sanjuaninos, vallistos como ustedes que hacen patria en este lugar, que aman su tierra, que viven por ella y para ella. Soy un honrado, un privilegiado de estar ac\u00e1 con ustedes, el honor es m\u00edo de poder compartir un rato, poder compartir este acto, compartir el almuerzo junto a los chicos, los alumnos, docentes, a todos\u201d.<\/p>\n<p>A su turno, el diputado Omar Ortiz agradeci\u00f3 al vicegobernador por estar presente. \u201cGracias por la invitaci\u00f3n. Cuando se estaba plasmando la avenida para las Sierras, estaba la orden del vicegobernador de que yo fuese invitado y eso es madurez pol\u00edtica realmente\u201d.<\/p>\n<p>Posteriormente felicit\u00f3 a Reyes y sostuvo que \u201cuno que lo conoce desde hace much\u00edsimos a\u00f1os sabe que ven\u00eda plasmando esto en los cuadernos gloria que los llevaba a veces en la campera y nos le\u00eda algunos versos\u201d.<\/p>\n<p>Por su parte, Ladislao emocionado expres\u00f3 \u201cgracias a todos por los que de una u otra manera se han preocupado por este trabajo que realic\u00e9 junto a los chicos, vaya para todos ellos un gran saludo y aprecio. \u00a0Imag\u00ednense vivir aqu\u00ed durante toda la vida en la Sierra y tener a las autoridades que nos visiten y que sea por esto. Creo que ni siquiera en los m\u00e1s grandes sue\u00f1os podr\u00eda haberlo tenido. Se imaginan las alegr\u00edas y las emociones que tiene uno en este momento\u201d.<\/p>\n<p>Por \u00faltimo, la directora de la escuela tambi\u00e9n comparti\u00f3 su felicidad por este d\u00eda especial y relat\u00f3 c\u00f3mo naci\u00f3 la edici\u00f3n del libro. \u201cMe traslad\u00e9 en junio del a\u00f1o 2023 a la escuela Albergue Marcos G\u00f3mez Narv\u00e1ez y recuerdo que me lleg\u00f3 un poema del se\u00f1or Ladislao Reyes y es ah\u00ed donde me contaron que era poeta que viv\u00eda aqu\u00ed en Sierra de Elizondo. Es as\u00ed que elabor\u00e9 un proyecto institucional de lecto-escritura denominado \u00b4Hacia el coraz\u00f3n de la Sierra\u00b4 con el fin de realizar una entrevista escolar y en una de sus p\u00e1ginas impregnar\u00edamos algunos poemas escritos por Don Reyes. El objetivo era que los alumnos leyeran ese poemario, comentar en ello la apreciaci\u00f3n y comprensi\u00f3n de la poes\u00eda local. Pero lo que nunca imagin\u00e9 que se ven\u00eda gestando un proyecto documental llamado Sierra dirigido por el se\u00f1or Francisco Montes donde Don Reyes y los alumnos iban a ser parte de esta pel\u00edcula. Se uni\u00f3 ah\u00ed el cine y la escritura. El documental fue una oportunidad para mostrar la vida y sue\u00f1o de don Reyes. En uno de esos sue\u00f1os era ver reflejado lo que \u00e9l escribe en un libro. Y es ah\u00ed donde los objetivos del proyecto institucional se complementaron. Los alumnos del ciclo b\u00e1sico leyeron sus poemas, los seleccionaron, los trabajaron con esto, corrigieron, los transcribieron, tipiaron las palabras de don Reyes en sus netbook. Y gracias al equipo del Fondo Editorial de la Legislatura, esta Antolog\u00eda se hizo realidad. Este libro tan nuestro como el paisaje que hoy disfrutamos recoge una serie de poemas que exploran temas universales como el amor, la nostalgia, la tierra, las ra\u00edces, la libertad, y el paso del tiempo. Cada poema de don Reyes transmite una conexi\u00f3n profunda con la naturaleza, especialmente con Valle F\u00e9rtil. Y aqu\u00ed en este momento quiero agradecer a Don Reyes porque nos ha permitido compartir lo que el viene escribiendo desde hace muchos a\u00f1os y sus poemas llegan al coraz\u00f3n. Su dedicaci\u00f3n y pasi\u00f3n por la escritura son un ejemplo para todos\u201d.<\/p>\n<p><img loading=\"lazy\" decoding=\"async\" class=\"alignnone size-full wp-image-79009\" src=\"https:\/\/vocesparalelas.com.ar\/sitio\/wp-content\/uploads\/2024\/11\/CDSJ-LIBRO-LEJOS-02.jpg\" alt=\"\" width=\"800\" height=\"507\" srcset=\"https:\/\/vocesparalelas.com.ar\/sitio\/wp-content\/uploads\/2024\/11\/CDSJ-LIBRO-LEJOS-02.jpg 800w, https:\/\/vocesparalelas.com.ar\/sitio\/wp-content\/uploads\/2024\/11\/CDSJ-LIBRO-LEJOS-02-300x190.jpg 300w, https:\/\/vocesparalelas.com.ar\/sitio\/wp-content\/uploads\/2024\/11\/CDSJ-LIBRO-LEJOS-02-768x487.jpg 768w\" sizes=\"auto, (max-width: 800px) 100vw, 800px\" \/><\/p>\n<p><span style=\"color: #800080;\"><strong>Sobre el escritor<\/strong><\/span><\/p>\n<p>Ladislao Reyes Ch\u00e1vez, es un poeta de 67 a\u00f1os, que vive en las Sierras de Elizondo con su familia. Ha completado la escuela hasta s\u00e9ptimo grado de la primaria y es admirable su capacidad para escribir. Con una letra en manuscrita y la prolijidad que caracteriza a las maestras de escuela primaria, llen\u00f3 numerosos cuadernos peque\u00f1os con su poes\u00eda.<\/p>\n<figure id=\"attachment_37951\" aria-describedby=\"caption-attachment-37951\" style=\"width: 800px\" class=\"wp-caption alignnone\"><img loading=\"lazy\" decoding=\"async\" class=\"size-full wp-image-37951\" src=\"https:\/\/vocesparalelas.com.ar\/sitio\/wp-content\/uploads\/2021\/05\/CAMARA-EDIFICIO.jpg\" alt=\"\" width=\"800\" height=\"515\" srcset=\"https:\/\/vocesparalelas.com.ar\/sitio\/wp-content\/uploads\/2021\/05\/CAMARA-EDIFICIO.jpg 800w, https:\/\/vocesparalelas.com.ar\/sitio\/wp-content\/uploads\/2021\/05\/CAMARA-EDIFICIO-300x193.jpg 300w, https:\/\/vocesparalelas.com.ar\/sitio\/wp-content\/uploads\/2021\/05\/CAMARA-EDIFICIO-768x494.jpg 768w\" sizes=\"auto, (max-width: 800px) 100vw, 800px\" \/><figcaption id=\"caption-attachment-37951\" class=\"wp-caption-text\">Legislatura Provincial de San Juan, Rep\u00fablica Argentina<\/figcaption><\/figure>\n","protected":false},"excerpt":{"rendered":"<p>Durante el acto, el escritor Ladislao Reyes, vecino de Sierras de Elizondo, Departamento Valle F\u00e9rtil, Provincia de San Juan y<\/p>\n","protected":false},"author":3,"featured_media":79008,"comment_status":"closed","ping_status":"closed","sticky":false,"template":"","format":"standard","meta":{"_acf_changed":false,"_seopress_robots_primary_cat":"none","_seopress_titles_title":"","_seopress_titles_desc":"","_seopress_robots_index":"","colormag_page_container_layout":"default_layout","colormag_page_sidebar_layout":"default_layout","footnotes":""},"categories":[1],"tags":[],"class_list":["post-79005","post","type-post","status-publish","format-standard","has-post-thumbnail","hentry","category-destacadas"],"acf":[],"_links":{"self":[{"href":"https:\/\/vocesparalelas.com.ar\/sitio\/wp-json\/wp\/v2\/posts\/79005","targetHints":{"allow":["GET"]}}],"collection":[{"href":"https:\/\/vocesparalelas.com.ar\/sitio\/wp-json\/wp\/v2\/posts"}],"about":[{"href":"https:\/\/vocesparalelas.com.ar\/sitio\/wp-json\/wp\/v2\/types\/post"}],"author":[{"embeddable":true,"href":"https:\/\/vocesparalelas.com.ar\/sitio\/wp-json\/wp\/v2\/users\/3"}],"replies":[{"embeddable":true,"href":"https:\/\/vocesparalelas.com.ar\/sitio\/wp-json\/wp\/v2\/comments?post=79005"}],"version-history":[{"count":1,"href":"https:\/\/vocesparalelas.com.ar\/sitio\/wp-json\/wp\/v2\/posts\/79005\/revisions"}],"predecessor-version":[{"id":79010,"href":"https:\/\/vocesparalelas.com.ar\/sitio\/wp-json\/wp\/v2\/posts\/79005\/revisions\/79010"}],"wp:featuredmedia":[{"embeddable":true,"href":"https:\/\/vocesparalelas.com.ar\/sitio\/wp-json\/wp\/v2\/media\/79008"}],"wp:attachment":[{"href":"https:\/\/vocesparalelas.com.ar\/sitio\/wp-json\/wp\/v2\/media?parent=79005"}],"wp:term":[{"taxonomy":"category","embeddable":true,"href":"https:\/\/vocesparalelas.com.ar\/sitio\/wp-json\/wp\/v2\/categories?post=79005"},{"taxonomy":"post_tag","embeddable":true,"href":"https:\/\/vocesparalelas.com.ar\/sitio\/wp-json\/wp\/v2\/tags?post=79005"}],"curies":[{"name":"wp","href":"https:\/\/api.w.org\/{rel}","templated":true}]}}