{"id":78996,"date":"2024-11-09T14:07:54","date_gmt":"2024-11-09T17:07:54","guid":{"rendered":"https:\/\/vocesparalelas.com.ar\/sitio\/?p=78996"},"modified":"2024-11-11T21:35:31","modified_gmt":"2024-11-12T00:35:31","slug":"proyecto-de-investigacion-cuyo-contenido-apunta-a-la-universidad-5-0-de-la-ffha-de-la-unsj","status":"publish","type":"post","link":"https:\/\/vocesparalelas.com.ar\/sitio\/proyecto-de-investigacion-cuyo-contenido-apunta-a-la-universidad-5-0-de-la-ffha-de-la-unsj\/","title":{"rendered":"Proyecto de investigaci\u00f3n cuyo contenido apunta a la Universidad 5.0 de la FFHA de la UNSJ"},"content":{"rendered":"<p>El Jueves, 7 de Noviembre, se desarroll\u00f3 la Jornada de Divulgaci\u00f3n Cient\u00edfica de Proyectos del Instituto de Estudios Musicales y proyectos vinculados al mismo, de la Faculta de Filosof\u00eda, Humanidades y Artes de la Universidad Nacional de San Juan.<\/p>\n<p>Entre los trabajos presentados fue de las Expositoras Dra. Liliana Martinez (Directora del Proyecto IDEF), Mag. Nirva Carestia (Co-directora) y Mag. Stella Maris Mas (Docente investigadora) sobre la Ponencia:\u00a0Formaci\u00f3n integral de profesionales socialmente comprometidos. Desaf\u00edos y responsabilidades\u201d.<\/p>\n<p>Por ello, Voces Paralelas desarroll\u00f3 una entrevista Period\u00edstica a la docente e investigadora Dra. Liliana Mart\u00ednez, Directora del Proyecto IDEF, quien explic\u00f3 el contenido del trabajo que apunta a la Universidad 5.0 que busca adecuar las nuevas miradas ense\u00f1anza aprendizaje en la formaci\u00f3n.<\/p>\n<p><iframe loading=\"lazy\" title=\"FFHA UNSJ DRA\" width=\"800\" height=\"450\" src=\"https:\/\/www.youtube.com\/embed\/SONfQp_dfEc?feature=oembed\" frameborder=\"0\" allow=\"accelerometer; autoplay; clipboard-write; encrypted-media; gyroscope; picture-in-picture; web-share\" referrerpolicy=\"strict-origin-when-cross-origin\" allowfullscreen><\/iframe><\/p>\n<p>La Jornada fue muy importante porque se mostr\u00f3 los trabajos que realizan\u00a0 los investigadores y que adem\u00e1s, son docentes. Adem\u00e1s, contaron su experiencias los estudiantes. Tambi\u00e9n, se entrelazan otras diciplinas que se suman a la investigaci\u00f3n al servicio de la comunidad de San Juan.<\/p>\n<p>El evento fue en el Aula Magna de la Unidad Acad\u00e9mica con la participaci\u00f3n de los expositores de los distintos proyectos de investigaci\u00f3n, quienes realizaron sus ponencias<\/p>\n<ul>\n<li><strong>Expositores:<\/strong>\u00a0Dra. Fatima Graciela Musri (IEM), Prof. Yanet Geric\u00f3 (IEM), Mag. Fabiana Puebla (IHRA) y Mag. Gema Mercado Roca (HRA).\u00a0<strong>Ponencia:\u00a0<\/strong>La m\u00fasica en las publicaciones peri\u00f3dicas sanjuaninas (1825-1925), Actores, \u00e1mbitos y pr\u00e1cticas.<\/li>\n<li><strong>Expositores:<\/strong>\u00a0Integrantes: Dra. Mar\u00eda Susana Clevel Jameson (Directora del Proyecto), Prof. Ana Cristina Pontoriero Palmero (Investigadora) y Dra. F\u00e1tima Graciela Musri (Asesora Ad Honorem).\u00a0<strong>Ponencia<\/strong>\u00a0Investigaci\u00f3n, Producci\u00f3n e Interpretaci\u00f3n en el Centro de Creaci\u00f3n Art\u00edstica Coral y en el Gabinete de Estudios Musicales en el contexto de la Historia de la Universidad Nacional de San Juan.<\/li>\n<li><strong>Expositores:<\/strong>\u00a0Dra. Liliana Martinez (Directora del Proyecto IDEF), Mag. Nirva Carestia (Co-directora) y Mag. Stella Maris Mas (Docente investigadora).\u00a0<strong>Ponencia:<\/strong>\u00a0Formaci\u00f3n integral de profesionales socialmente comprometidos. Desaf\u00edos y responsabilidades\u201d.<\/li>\n<li><strong>Expositores:<\/strong>\u00a0Lic. Carina Susana Silva Directora del Proyecto) Prof. Mar\u00eda Fernanda Figueroa (investigadora). Milagros Avel\u00e9n Aballay G\u00f3mez (estudiante adscripto), Axel Leonel Guevara (estudiante adscripto) Sergio Gonzalo Colon (estudiante adscripto)\u00a0<strong>Ponencia<\/strong>: El poder transformador de la M\u00fasica en contextos de privaci\u00f3n de la libertad.<\/li>\n<li><strong>Expositores:<\/strong>\u00a0Mag. Ana Mar\u00eda Portillo, Prof. Beatriz Yacante y Claudia Pereyra Guzm\u00e1n (estudiante).\u00a0<strong>Ponencia:<\/strong>\u00a0M\u00fasica latinoamericana para piano a cuatro manos: desde el relevamiento a la pedagog\u00eda y la performance.<\/li>\n<li><strong>Expositores:<\/strong>\u00a0Lic. Nora Mariela Barrionuevo (integrante del Proyecto).\u00a0<strong>Ponencia:<\/strong>\u00a0Reflexiones metodol\u00f3gicas en el Proyecto de Investigaci\u00f3n y Creaci\u00f3n \u00abCompositoras de ayer, compositores de hoy La obra de Elsa Calcagno, Lia Cimaglia Espinosa y Alberto Trimeliti como aportes al repertorio pian\u00edstico de las nuevas generaciones\u00bb.<\/li>\n<li><strong>Expositor:<\/strong>\u00a0Prof. Juan Garc\u00eda Integrante del proyecto.\u00a0<strong>Ponencia:<\/strong>\u00a0Avances y resultados del proyecto: \u00abCompositoras de ayer, compositores de hoy: La obra de Elsa Calcagna, Lia Cimoglia Espinosa y Alberto Trimeliti como los aportes del repertorio pian\u00edstico de las nuevas generaciones\u00bb<\/li>\n<li><strong>Expositor:<\/strong>\u00a0Prof. Yanet Hebe Gerica (Docente investigadora).\u00a0<strong>Ponencia:<\/strong>\u00a0Avances del estudio de la circulaci\u00f3n de compa\u00f1\u00edas italianas de \u00f3pera y su recepci\u00f3n en Cuyo (Argentina, 1900-1910).<\/li>\n<li><strong>Expositor:<\/strong>\u00a0Prof. Nedia Vera (Docente investigadora).\u00a0<strong>Ponencia:<\/strong>\u00a0OSSJ: 50 a\u00f1os de trascendencia cultural y art\u00edstica en San Juan<\/li>\n<li><strong>Expositores:<\/strong>\u00a0Dra. Diana Bruno (Directora del proyecto-UCC FyH, IPBA), Prof. Gerardo Andino (Director- FFHA\/UNS3, IEMJ, Lic. Laura Villagra, Prof. Romina Pedroze (Docentes investigadoras)\u00a0<strong>Ponencia:<\/strong>\u00a0Proyecto PILOT \u00abMaking A Way Out Of No Way\u00bb (\u00abHaciendo un camino de lo nada\u00bb)<\/li>\n<li><strong>Expositor<\/strong>: V\u00edctor Oscar Vidable (estudiante)\u00a0<strong>Ponencia:<\/strong>\u00a0Hermanas Colecchia<\/li>\n<li><strong>Expositora:<\/strong>\u00a0Prof. Gabriela Bel\u00e9n Trad Malmod (Docente investigadora\u00a0<strong>Ponencia:<\/strong>\u00a0Las m\u00fasicas de nuestro folclore, Interpretes y compositoras sanjuaninas en el periodo 1930-1960<\/li>\n<li><strong>Expositora:<\/strong>\u00a0Mag. Luis Gonzalo Melicchio (Director del Proyecto)\u00a0<strong>Ponencia:\u00a0<\/strong>La Obra para cantar de Manuel Gomez Carrillo. Una interpretaci\u00f3n al concepto de Ricardo Rajas<\/li>\n<li><strong>Expositor:<\/strong>\u00a0Lic. Paulo Carrizo (Director del Proyecto)\u00a0<strong>Ponencia:<\/strong>\u00a0\u00a0Creaci\u00f3n de un Protocolo para registro y la interpretaci\u00f3n de procesos creativos de producciones art\u00edstica musicales de aplicaci\u00f3n did\u00e1ctico-pedag\u00f3gica<\/li>\n<li><strong>Expositora:<\/strong>\u00a0Lic. Cristina Pontoriero Prior (Directora del Proyecto\u00a0<strong>Ponencia:<\/strong>\u00a0Proyecto de creaci\u00f3n Cancionero \u00abUn racimo de canciones Avances y resultados<\/li>\n<\/ul>\n<p><img loading=\"lazy\" decoding=\"async\" class=\"alignnone size-large wp-image-43889\" src=\"https:\/\/vocesparalelas.com.ar\/sitio\/wp-content\/uploads\/2021\/11\/FFHA-FRENTE-1-800x600.jpg\" alt=\"\" width=\"800\" height=\"600\" srcset=\"https:\/\/vocesparalelas.com.ar\/sitio\/wp-content\/uploads\/2021\/11\/FFHA-FRENTE-1-800x600.jpg 800w, https:\/\/vocesparalelas.com.ar\/sitio\/wp-content\/uploads\/2021\/11\/FFHA-FRENTE-1-300x225.jpg 300w, https:\/\/vocesparalelas.com.ar\/sitio\/wp-content\/uploads\/2021\/11\/FFHA-FRENTE-1-768x576.jpg 768w, https:\/\/vocesparalelas.com.ar\/sitio\/wp-content\/uploads\/2021\/11\/FFHA-FRENTE-1.jpg 1024w\" sizes=\"auto, (max-width: 800px) 100vw, 800px\" \/><\/p>\n","protected":false},"excerpt":{"rendered":"<p>El Jueves, 7 de Noviembre, se desarroll\u00f3 la Jornada de Divulgaci\u00f3n Cient\u00edfica de Proyectos del Instituto de Estudios Musicales y<\/p>\n","protected":false},"author":3,"featured_media":78999,"comment_status":"closed","ping_status":"closed","sticky":false,"template":"","format":"standard","meta":{"_acf_changed":false,"_seopress_robots_primary_cat":"none","_seopress_titles_title":"","_seopress_titles_desc":"","_seopress_robots_index":"","colormag_page_container_layout":"default_layout","colormag_page_sidebar_layout":"default_layout","footnotes":""},"categories":[15,7],"tags":[],"class_list":["post-78996","post","type-post","status-publish","format-standard","has-post-thumbnail","hentry","category-posgrados","category-videos"],"acf":[],"_links":{"self":[{"href":"https:\/\/vocesparalelas.com.ar\/sitio\/wp-json\/wp\/v2\/posts\/78996","targetHints":{"allow":["GET"]}}],"collection":[{"href":"https:\/\/vocesparalelas.com.ar\/sitio\/wp-json\/wp\/v2\/posts"}],"about":[{"href":"https:\/\/vocesparalelas.com.ar\/sitio\/wp-json\/wp\/v2\/types\/post"}],"author":[{"embeddable":true,"href":"https:\/\/vocesparalelas.com.ar\/sitio\/wp-json\/wp\/v2\/users\/3"}],"replies":[{"embeddable":true,"href":"https:\/\/vocesparalelas.com.ar\/sitio\/wp-json\/wp\/v2\/comments?post=78996"}],"version-history":[{"count":2,"href":"https:\/\/vocesparalelas.com.ar\/sitio\/wp-json\/wp\/v2\/posts\/78996\/revisions"}],"predecessor-version":[{"id":79016,"href":"https:\/\/vocesparalelas.com.ar\/sitio\/wp-json\/wp\/v2\/posts\/78996\/revisions\/79016"}],"wp:featuredmedia":[{"embeddable":true,"href":"https:\/\/vocesparalelas.com.ar\/sitio\/wp-json\/wp\/v2\/media\/78999"}],"wp:attachment":[{"href":"https:\/\/vocesparalelas.com.ar\/sitio\/wp-json\/wp\/v2\/media?parent=78996"}],"wp:term":[{"taxonomy":"category","embeddable":true,"href":"https:\/\/vocesparalelas.com.ar\/sitio\/wp-json\/wp\/v2\/categories?post=78996"},{"taxonomy":"post_tag","embeddable":true,"href":"https:\/\/vocesparalelas.com.ar\/sitio\/wp-json\/wp\/v2\/tags?post=78996"}],"curies":[{"name":"wp","href":"https:\/\/api.w.org\/{rel}","templated":true}]}}