{"id":78981,"date":"2024-11-09T21:06:04","date_gmt":"2024-11-10T00:06:04","guid":{"rendered":"https:\/\/vocesparalelas.com.ar\/sitio\/?p=78981"},"modified":"2024-11-12T23:18:12","modified_gmt":"2024-11-13T02:18:12","slug":"asumio-el-contador-general-de-san-juan-cpn-luis-emilio-estebes-puerta","status":"publish","type":"post","link":"https:\/\/vocesparalelas.com.ar\/sitio\/asumio-el-contador-general-de-san-juan-cpn-luis-emilio-estebes-puerta\/","title":{"rendered":"Asumi\u00f3 el Contador General de San Juan, CPN Luis Emilio Estebes Puerta"},"content":{"rendered":"<p>El Viernes, 8 de Noviembre de 2024, el gobernador de San Juan, Dr. Marcelo Orrego, tom\u00f3 el juramento al Contador General de San Juan, CPN Luis Emilio Estebes Puerta, en la sala Rogelio Cerdera de la Casa de Gobierno.<\/p>\n<p>Acompa\u00f1aron al gobernador en la ceremonia; el vicegobernador, Dr. Fabi\u00e1n Mart\u00edn; el presidente de la Corte de Justicia de San Juan, Dr. Marcelo Lima; la Escribana Mayor de Gobierno, Dra. Mayra Mar\u00eda Eugenia Mancini; ministro de Econom\u00eda, Finanzas y Hacienda, CPN Roberto Guti\u00e9rrez.<\/p>\n<p>Adem\u00e1s, diputados y legisladores nacionales y provinciales, invitados especiales y familiares.<\/p>\n<p><img loading=\"lazy\" decoding=\"async\" class=\"alignnone size-full wp-image-78985\" src=\"https:\/\/vocesparalelas.com.ar\/sitio\/wp-content\/uploads\/2024\/11\/CONTADOR-GOBIERNO-SAN-JUAN-02.jpg\" alt=\"\" width=\"800\" height=\"533\" srcset=\"https:\/\/vocesparalelas.com.ar\/sitio\/wp-content\/uploads\/2024\/11\/CONTADOR-GOBIERNO-SAN-JUAN-02.jpg 800w, https:\/\/vocesparalelas.com.ar\/sitio\/wp-content\/uploads\/2024\/11\/CONTADOR-GOBIERNO-SAN-JUAN-02-300x200.jpg 300w, https:\/\/vocesparalelas.com.ar\/sitio\/wp-content\/uploads\/2024\/11\/CONTADOR-GOBIERNO-SAN-JUAN-02-768x512.jpg 768w\" sizes=\"auto, (max-width: 800px) 100vw, 800px\" \/><\/p>\n<p>Por ello, el Locutor oficial del Gobierno de San Juan Cristian Luna ley\u00f3 la resoluci\u00f3n de la C\u00e1mara de Diputados, por la que se resuelve designar al CPN Luis Emilio Estebes Puerta en el cargo de Contador General de la provincia.<\/p>\n<p><iframe loading=\"lazy\" title=\"SAN JUAN\" width=\"800\" height=\"450\" src=\"https:\/\/www.youtube.com\/embed\/41dc1sFbwbg?feature=oembed\" frameborder=\"0\" allow=\"accelerometer; autoplay; clipboard-write; encrypted-media; gyroscope; picture-in-picture; web-share\" referrerpolicy=\"strict-origin-when-cross-origin\" allowfullscreen><\/iframe><\/p>\n<p>Seguidamente, el gobernador Dr. Marcelo Orrego tom\u00f3 juramento al nuevo funcionario y le hizo entrega del decreto de designaci\u00f3n.<\/p>\n<p><iframe loading=\"lazy\" title=\"SAN JUAN\" width=\"800\" height=\"450\" src=\"https:\/\/www.youtube.com\/embed\/ynXHufRCUmk?feature=oembed\" frameborder=\"0\" allow=\"accelerometer; autoplay; clipboard-write; encrypted-media; gyroscope; picture-in-picture; web-share\" referrerpolicy=\"strict-origin-when-cross-origin\" allowfullscreen><\/iframe><\/p>\n<p>Finalizado, el acto de juramento, la a Escribana Mayor de Gobierno, Dra. Mayra Mar\u00eda Eugenia Mancini hizo firmar el libro de actas del Gobierno de San Juan.<\/p>\n<figure id=\"attachment_78987\" aria-describedby=\"caption-attachment-78987\" style=\"width: 800px\" class=\"wp-caption alignnone\"><img loading=\"lazy\" decoding=\"async\" class=\"size-full wp-image-78987\" src=\"https:\/\/vocesparalelas.com.ar\/sitio\/wp-content\/uploads\/2024\/11\/CONTADOR-GOBIERNO-SAN-JUAN-04.jpg\" alt=\"\" width=\"800\" height=\"533\" srcset=\"https:\/\/vocesparalelas.com.ar\/sitio\/wp-content\/uploads\/2024\/11\/CONTADOR-GOBIERNO-SAN-JUAN-04.jpg 800w, https:\/\/vocesparalelas.com.ar\/sitio\/wp-content\/uploads\/2024\/11\/CONTADOR-GOBIERNO-SAN-JUAN-04-300x200.jpg 300w, https:\/\/vocesparalelas.com.ar\/sitio\/wp-content\/uploads\/2024\/11\/CONTADOR-GOBIERNO-SAN-JUAN-04-768x512.jpg 768w\" sizes=\"auto, (max-width: 800px) 100vw, 800px\" \/><figcaption id=\"caption-attachment-78987\" class=\"wp-caption-text\">Gobernador de San Juan, Dr. Marcelo Orrego<\/figcaption><\/figure>\n<div class=\"mceTemp\"><\/div>\n<figure id=\"attachment_78988\" aria-describedby=\"caption-attachment-78988\" style=\"width: 800px\" class=\"wp-caption alignnone\"><img loading=\"lazy\" decoding=\"async\" class=\"size-full wp-image-78988\" src=\"https:\/\/vocesparalelas.com.ar\/sitio\/wp-content\/uploads\/2024\/11\/CONTADOR-GOBIERNO-SAN-JUAN-05.jpg\" alt=\"\" width=\"800\" height=\"533\" srcset=\"https:\/\/vocesparalelas.com.ar\/sitio\/wp-content\/uploads\/2024\/11\/CONTADOR-GOBIERNO-SAN-JUAN-05.jpg 800w, https:\/\/vocesparalelas.com.ar\/sitio\/wp-content\/uploads\/2024\/11\/CONTADOR-GOBIERNO-SAN-JUAN-05-300x200.jpg 300w, https:\/\/vocesparalelas.com.ar\/sitio\/wp-content\/uploads\/2024\/11\/CONTADOR-GOBIERNO-SAN-JUAN-05-768x512.jpg 768w\" sizes=\"auto, (max-width: 800px) 100vw, 800px\" \/><figcaption id=\"caption-attachment-78988\" class=\"wp-caption-text\">Vicegobernador, Dr. Fabi\u00e1n Mart\u00edn<\/figcaption><\/figure>\n<p><img loading=\"lazy\" decoding=\"async\" class=\"size-full wp-image-78989\" src=\"https:\/\/vocesparalelas.com.ar\/sitio\/wp-content\/uploads\/2024\/11\/CONTADOR-GOBIERNO-SAN-JUAN-06.jpg\" alt=\"\" width=\"800\" height=\"533\" srcset=\"https:\/\/vocesparalelas.com.ar\/sitio\/wp-content\/uploads\/2024\/11\/CONTADOR-GOBIERNO-SAN-JUAN-06.jpg 800w, https:\/\/vocesparalelas.com.ar\/sitio\/wp-content\/uploads\/2024\/11\/CONTADOR-GOBIERNO-SAN-JUAN-06-300x200.jpg 300w, https:\/\/vocesparalelas.com.ar\/sitio\/wp-content\/uploads\/2024\/11\/CONTADOR-GOBIERNO-SAN-JUAN-06-768x512.jpg 768w\" sizes=\"auto, (max-width: 800px) 100vw, 800px\" \/><span style=\"font-size: 14px;\">Presidente de la Corte de Justicia de San Juan, Dr. Marcelo Lima<\/span><\/p>\n<figure id=\"attachment_78990\" aria-describedby=\"caption-attachment-78990\" style=\"width: 800px\" class=\"wp-caption alignnone\"><img loading=\"lazy\" decoding=\"async\" class=\"size-full wp-image-78990\" src=\"https:\/\/vocesparalelas.com.ar\/sitio\/wp-content\/uploads\/2024\/11\/CONTADOR-GOBIERNO-SAN-JUAN-07.jpg\" alt=\"\" width=\"800\" height=\"533\" srcset=\"https:\/\/vocesparalelas.com.ar\/sitio\/wp-content\/uploads\/2024\/11\/CONTADOR-GOBIERNO-SAN-JUAN-07.jpg 800w, https:\/\/vocesparalelas.com.ar\/sitio\/wp-content\/uploads\/2024\/11\/CONTADOR-GOBIERNO-SAN-JUAN-07-300x200.jpg 300w, https:\/\/vocesparalelas.com.ar\/sitio\/wp-content\/uploads\/2024\/11\/CONTADOR-GOBIERNO-SAN-JUAN-07-768x512.jpg 768w\" sizes=\"auto, (max-width: 800px) 100vw, 800px\" \/><figcaption id=\"caption-attachment-78990\" class=\"wp-caption-text\">Ministro de Econom\u00eda, Finanzas y Hacienda, CPN Roberto Guti\u00e9rrez<\/figcaption><\/figure>\n<p><img loading=\"lazy\" decoding=\"async\" class=\"size-full wp-image-78986\" src=\"https:\/\/vocesparalelas.com.ar\/sitio\/wp-content\/uploads\/2024\/11\/CONTADOR-GOBIERNO-SAN-JUAN-03.jpg\" alt=\"\" width=\"800\" height=\"533\" srcset=\"https:\/\/vocesparalelas.com.ar\/sitio\/wp-content\/uploads\/2024\/11\/CONTADOR-GOBIERNO-SAN-JUAN-03.jpg 800w, https:\/\/vocesparalelas.com.ar\/sitio\/wp-content\/uploads\/2024\/11\/CONTADOR-GOBIERNO-SAN-JUAN-03-300x200.jpg 300w, https:\/\/vocesparalelas.com.ar\/sitio\/wp-content\/uploads\/2024\/11\/CONTADOR-GOBIERNO-SAN-JUAN-03-768x512.jpg 768w\" sizes=\"auto, (max-width: 800px) 100vw, 800px\" \/><span style=\"font-size: 14px;\">Contador General de San Juan, CPN Luis Emilio Estebes Puerta<\/span><\/p>\n<p>Concluida la firma de rigor, el Gobernador, Dr. Marcelo Orrego explic\u00f3 \u00abel rol que desempe\u00f1a el funcionario, y agradeci\u00f3 a las autoridades presentes y a la familia. Conozco a Luis desde hace mucho y su vasta trayectoria en el \u00e1mbito p\u00fablico y privado. Es un hombre responsable, disciplinado y leal, comprometido en defender los intereses financieros de la provincia de San Juan con firmeza y rectitud\u201d.<\/p>\n<p><iframe loading=\"lazy\" title=\"SAN JUAN GOBERNADOR DR MARCELO ORREGO\" width=\"800\" height=\"450\" src=\"https:\/\/www.youtube.com\/embed\/3YAfLoAVkGI?feature=oembed\" frameborder=\"0\" allow=\"accelerometer; autoplay; clipboard-write; encrypted-media; gyroscope; picture-in-picture; web-share\" referrerpolicy=\"strict-origin-when-cross-origin\" allowfullscreen><\/iframe><\/p>\n<p>&nbsp;<\/p>\n<p>Seguidamente, el Contador General de San Juan, CPN Luis Emilio Estebes Puerta destac\u00f3 que \u00abagradezco al gobernador Dr. Marcelo Orrego, por la confianza y la oportunidad en este nuevo compromiso y a mi familia por el apoyo\u00bb.<\/p>\n<p><iframe loading=\"lazy\" title=\"SAN JUAN\" width=\"800\" height=\"450\" src=\"https:\/\/www.youtube.com\/embed\/a3HXtYgluKQ?feature=oembed\" frameborder=\"0\" allow=\"accelerometer; autoplay; clipboard-write; encrypted-media; gyroscope; picture-in-picture; web-share\" referrerpolicy=\"strict-origin-when-cross-origin\" allowfullscreen><\/iframe><\/p>\n<p><img loading=\"lazy\" decoding=\"async\" class=\"alignnone size-full wp-image-65642\" src=\"https:\/\/vocesparalelas.com.ar\/sitio\/wp-content\/uploads\/2023\/11\/GOBIERNO-SAN-JUAN.jpg\" alt=\"\" width=\"800\" height=\"600\" srcset=\"https:\/\/vocesparalelas.com.ar\/sitio\/wp-content\/uploads\/2023\/11\/GOBIERNO-SAN-JUAN.jpg 800w, https:\/\/vocesparalelas.com.ar\/sitio\/wp-content\/uploads\/2023\/11\/GOBIERNO-SAN-JUAN-300x225.jpg 300w, https:\/\/vocesparalelas.com.ar\/sitio\/wp-content\/uploads\/2023\/11\/GOBIERNO-SAN-JUAN-768x576.jpg 768w\" sizes=\"auto, (max-width: 800px) 100vw, 800px\" \/><\/p>\n<p>&nbsp;<\/p>\n<p>&nbsp;<\/p>\n","protected":false},"excerpt":{"rendered":"<p>El Viernes, 8 de Noviembre de 2024, el gobernador de San Juan, Dr. Marcelo Orrego, tom\u00f3 el juramento al Contador<\/p>\n","protected":false},"author":3,"featured_media":78984,"comment_status":"closed","ping_status":"closed","sticky":false,"template":"","format":"standard","meta":{"_acf_changed":false,"_seopress_robots_primary_cat":"none","_seopress_titles_title":"","_seopress_titles_desc":"","_seopress_robots_index":"","colormag_page_container_layout":"default_layout","colormag_page_sidebar_layout":"default_layout","footnotes":""},"categories":[1,7],"tags":[],"class_list":["post-78981","post","type-post","status-publish","format-standard","has-post-thumbnail","hentry","category-destacadas","category-videos"],"acf":[],"_links":{"self":[{"href":"https:\/\/vocesparalelas.com.ar\/sitio\/wp-json\/wp\/v2\/posts\/78981","targetHints":{"allow":["GET"]}}],"collection":[{"href":"https:\/\/vocesparalelas.com.ar\/sitio\/wp-json\/wp\/v2\/posts"}],"about":[{"href":"https:\/\/vocesparalelas.com.ar\/sitio\/wp-json\/wp\/v2\/types\/post"}],"author":[{"embeddable":true,"href":"https:\/\/vocesparalelas.com.ar\/sitio\/wp-json\/wp\/v2\/users\/3"}],"replies":[{"embeddable":true,"href":"https:\/\/vocesparalelas.com.ar\/sitio\/wp-json\/wp\/v2\/comments?post=78981"}],"version-history":[{"count":2,"href":"https:\/\/vocesparalelas.com.ar\/sitio\/wp-json\/wp\/v2\/posts\/78981\/revisions"}],"predecessor-version":[{"id":79100,"href":"https:\/\/vocesparalelas.com.ar\/sitio\/wp-json\/wp\/v2\/posts\/78981\/revisions\/79100"}],"wp:featuredmedia":[{"embeddable":true,"href":"https:\/\/vocesparalelas.com.ar\/sitio\/wp-json\/wp\/v2\/media\/78984"}],"wp:attachment":[{"href":"https:\/\/vocesparalelas.com.ar\/sitio\/wp-json\/wp\/v2\/media?parent=78981"}],"wp:term":[{"taxonomy":"category","embeddable":true,"href":"https:\/\/vocesparalelas.com.ar\/sitio\/wp-json\/wp\/v2\/categories?post=78981"},{"taxonomy":"post_tag","embeddable":true,"href":"https:\/\/vocesparalelas.com.ar\/sitio\/wp-json\/wp\/v2\/tags?post=78981"}],"curies":[{"name":"wp","href":"https:\/\/api.w.org\/{rel}","templated":true}]}}