{"id":78939,"date":"2024-11-07T20:03:52","date_gmt":"2024-11-07T23:03:52","guid":{"rendered":"https:\/\/vocesparalelas.com.ar\/sitio\/?p=78939"},"modified":"2024-11-09T14:11:14","modified_gmt":"2024-11-09T17:11:14","slug":"sumate-a-la-escuelita-de-deportes-en-la-naturaleza-en-san-juan","status":"publish","type":"post","link":"https:\/\/vocesparalelas.com.ar\/sitio\/sumate-a-la-escuelita-de-deportes-en-la-naturaleza-en-san-juan\/","title":{"rendered":"Sumate a la Escuelita de Deportes en la Naturaleza en San Juan"},"content":{"rendered":"<p>El\u00a0Ministerio de Turismo, Cultura y Deporte del Gobierno de San Juan, a trav\u00e9s de la\u00a0Secretaria de Deporte, comienza con el proceso de preinscripci\u00f3n para la Escuelita de Deportes en la Naturaleza.<\/p>\n<p>Un proyecto que busca acercar a chicos de entre 8 a 13 a\u00f1os, al mundo de los deportes n\u00e1uticos y de monta\u00f1a. Este mismo tiene como objetivo promover la pr\u00e1ctica segura y ordenada de estas actividades, como as\u00ed tambi\u00e9n, generar conciencia y cultura n\u00e1utica en la comunidad.<\/p>\n<p>Esta es una oportunidad \u00fanica para que los chicos de San Juan se formen en deportes n\u00e1uticos y de monta\u00f1a en un entorno seguro y natural.<\/p>\n<p>Los inscriptos pueden practicar en su propio velero optimist, en caso de tenerlo, sino, caso contrario, se les provee uno de la Secretar\u00eda para realizar las clases.<\/p>\n<p>El traslado de los alumnos al lugar de dictado de clases, corre por cuenta de sus padres. Cabe destacar que la Escuela de Deportes en la Naturaleza es gratuita, pero con cupo limitado.<\/p>\n<p>Los chicos practican bajo la gu\u00eda de los profesores, tanto remo como deportes a vela. Tambi\u00e9n, nataci\u00f3n y eventualmente duatl\u00f3n, donde los chicos trabajan siempre con chalecos salvavidas, trabajando en cuatro disciplinas deportivas: Trail Running, Nataci\u00f3n, Vela y Remo<\/p>\n<p>Para iniciar el\u00a0proceso de inscripci\u00f3n, los padres o tutores deben completar en el siguiente link, el formulario de preinscripci\u00f3n<\/p>\n<p><strong><span style=\"color: #ff6600;\">Inscribirse Escuelita de Deportes en la Naturaleza<\/span><\/strong><\/p>\n<p><a href=\"https:\/\/docs.google.com\/forms\/d\/1Jv4WdepajuM2N8ESfQjqo-yCzjSUdKEOd74QkV7Eo_w\/edit\">https:\/\/docs.google.com\/forms\/d\/1Jv4WdepajuM2N8ESfQjqo-yCzjSUdKEOd74QkV7Eo_w\/edit<\/a><\/p>\n<p>Posteriormente, se les contacta v\u00eda mail o WhatsApp, para confirmar la inscripci\u00f3n y d\u00edas de dictado de clases. Para m\u00e1s informaci\u00f3n o consultas, comunicarse al siguiente correo: <span id=\"cloakc683831cb2b207395c6b7dd3a49938a3\"><a href=\"mailto:dir.deportesnauticos@gmail.com\">dir.deportesnauticos@gmail.com<\/a><\/span>, con el asunto:\u00a0Escuela N\u00e1utica.<\/p>\n<p><img loading=\"lazy\" decoding=\"async\" class=\"alignnone size-full wp-image-78943\" src=\"https:\/\/vocesparalelas.com.ar\/sitio\/wp-content\/uploads\/2024\/11\/DEPORTE-AGUA-NEGRA-01.jpg\" alt=\"\" width=\"800\" height=\"450\" srcset=\"https:\/\/vocesparalelas.com.ar\/sitio\/wp-content\/uploads\/2024\/11\/DEPORTE-AGUA-NEGRA-01.jpg 800w, https:\/\/vocesparalelas.com.ar\/sitio\/wp-content\/uploads\/2024\/11\/DEPORTE-AGUA-NEGRA-01-300x169.jpg 300w, https:\/\/vocesparalelas.com.ar\/sitio\/wp-content\/uploads\/2024\/11\/DEPORTE-AGUA-NEGRA-01-768x432.jpg 768w\" sizes=\"auto, (max-width: 800px) 100vw, 800px\" \/><\/p>\n","protected":false},"excerpt":{"rendered":"<p>El\u00a0Ministerio de Turismo, Cultura y Deporte del Gobierno de San Juan, a trav\u00e9s de la\u00a0Secretaria de Deporte, comienza con el<\/p>\n","protected":false},"author":3,"featured_media":78942,"comment_status":"closed","ping_status":"closed","sticky":false,"template":"","format":"standard","meta":{"_acf_changed":false,"_seopress_robots_primary_cat":"none","_seopress_titles_title":"","_seopress_titles_desc":"","_seopress_robots_index":"","colormag_page_container_layout":"default_layout","colormag_page_sidebar_layout":"default_layout","footnotes":""},"categories":[9],"tags":[],"class_list":["post-78939","post","type-post","status-publish","format-standard","has-post-thumbnail","hentry","category-cursos"],"acf":[],"_links":{"self":[{"href":"https:\/\/vocesparalelas.com.ar\/sitio\/wp-json\/wp\/v2\/posts\/78939","targetHints":{"allow":["GET"]}}],"collection":[{"href":"https:\/\/vocesparalelas.com.ar\/sitio\/wp-json\/wp\/v2\/posts"}],"about":[{"href":"https:\/\/vocesparalelas.com.ar\/sitio\/wp-json\/wp\/v2\/types\/post"}],"author":[{"embeddable":true,"href":"https:\/\/vocesparalelas.com.ar\/sitio\/wp-json\/wp\/v2\/users\/3"}],"replies":[{"embeddable":true,"href":"https:\/\/vocesparalelas.com.ar\/sitio\/wp-json\/wp\/v2\/comments?post=78939"}],"version-history":[{"count":1,"href":"https:\/\/vocesparalelas.com.ar\/sitio\/wp-json\/wp\/v2\/posts\/78939\/revisions"}],"predecessor-version":[{"id":78944,"href":"https:\/\/vocesparalelas.com.ar\/sitio\/wp-json\/wp\/v2\/posts\/78939\/revisions\/78944"}],"wp:featuredmedia":[{"embeddable":true,"href":"https:\/\/vocesparalelas.com.ar\/sitio\/wp-json\/wp\/v2\/media\/78942"}],"wp:attachment":[{"href":"https:\/\/vocesparalelas.com.ar\/sitio\/wp-json\/wp\/v2\/media?parent=78939"}],"wp:term":[{"taxonomy":"category","embeddable":true,"href":"https:\/\/vocesparalelas.com.ar\/sitio\/wp-json\/wp\/v2\/categories?post=78939"},{"taxonomy":"post_tag","embeddable":true,"href":"https:\/\/vocesparalelas.com.ar\/sitio\/wp-json\/wp\/v2\/tags?post=78939"}],"curies":[{"name":"wp","href":"https:\/\/api.w.org\/{rel}","templated":true}]}}