{"id":78933,"date":"2024-11-07T19:32:09","date_gmt":"2024-11-07T22:32:09","guid":{"rendered":"https:\/\/vocesparalelas.com.ar\/sitio\/?p=78933"},"modified":"2024-11-09T11:11:05","modified_gmt":"2024-11-09T14:11:05","slug":"concurso-un-nombre-para-el-nuevo-integrante-de-la-policia-de-san-juan","status":"publish","type":"post","link":"https:\/\/vocesparalelas.com.ar\/sitio\/concurso-un-nombre-para-el-nuevo-integrante-de-la-policia-de-san-juan\/","title":{"rendered":"Concurso \u00abUn nombre para el nuevo integrante\u00bb de la Polic\u00eda de San Juan"},"content":{"rendered":"<p>La Polic\u00eda de San Juan convoca a la poblaci\u00f3n de los ni\u00f1os para imponer un nombre al nuevo integrante de la Fuerza de Seguridad.<\/p>\n<p>La nueva incorporaci\u00f3n naci\u00f3 el 28 de Octubre de 2024, a las 01:35 horas, hijo de la yegua Leyenda, quien necesita ser identificado.<\/p>\n<p>Para ello el ni\u00f1o participante debe realizar un dibujo del querido nacido y la propuesta del nombre. Esperan tu foto hasta el Martes, 12 de Noviembre de 2024.<\/p>\n<p>Por ello, el o la ganadora, son contactado por las redes sociales de la instituci\u00f3n.<\/p>\n<p><img loading=\"lazy\" decoding=\"async\" class=\"alignnone size-large wp-image-17212\" src=\"https:\/\/vocesparalelas.com.ar\/sitio\/wp-content\/uploads\/2018\/11\/POLICIA-SAN-JUAN-05-800x534.jpg\" alt=\"\" width=\"800\" height=\"534\" srcset=\"https:\/\/vocesparalelas.com.ar\/sitio\/wp-content\/uploads\/2018\/11\/POLICIA-SAN-JUAN-05-800x534.jpg 800w, https:\/\/vocesparalelas.com.ar\/sitio\/wp-content\/uploads\/2018\/11\/POLICIA-SAN-JUAN-05-300x200.jpg 300w, https:\/\/vocesparalelas.com.ar\/sitio\/wp-content\/uploads\/2018\/11\/POLICIA-SAN-JUAN-05-768x512.jpg 768w, https:\/\/vocesparalelas.com.ar\/sitio\/wp-content\/uploads\/2018\/11\/POLICIA-SAN-JUAN-05.jpg 1000w\" sizes=\"auto, (max-width: 800px) 100vw, 800px\" \/><\/p>\n","protected":false},"excerpt":{"rendered":"<p>La Polic\u00eda de San Juan convoca a la poblaci\u00f3n de los ni\u00f1os para imponer un nombre al nuevo integrante de<\/p>\n","protected":false},"author":3,"featured_media":78936,"comment_status":"closed","ping_status":"closed","sticky":false,"template":"","format":"standard","meta":{"_acf_changed":false,"_seopress_robots_primary_cat":"none","_seopress_titles_title":"","_seopress_titles_desc":"","_seopress_robots_index":"","colormag_page_container_layout":"default_layout","colormag_page_sidebar_layout":"default_layout","footnotes":""},"categories":[8],"tags":[],"class_list":["post-78933","post","type-post","status-publish","format-standard","has-post-thumbnail","hentry","category-concursos"],"acf":[],"_links":{"self":[{"href":"https:\/\/vocesparalelas.com.ar\/sitio\/wp-json\/wp\/v2\/posts\/78933","targetHints":{"allow":["GET"]}}],"collection":[{"href":"https:\/\/vocesparalelas.com.ar\/sitio\/wp-json\/wp\/v2\/posts"}],"about":[{"href":"https:\/\/vocesparalelas.com.ar\/sitio\/wp-json\/wp\/v2\/types\/post"}],"author":[{"embeddable":true,"href":"https:\/\/vocesparalelas.com.ar\/sitio\/wp-json\/wp\/v2\/users\/3"}],"replies":[{"embeddable":true,"href":"https:\/\/vocesparalelas.com.ar\/sitio\/wp-json\/wp\/v2\/comments?post=78933"}],"version-history":[{"count":2,"href":"https:\/\/vocesparalelas.com.ar\/sitio\/wp-json\/wp\/v2\/posts\/78933\/revisions"}],"predecessor-version":[{"id":78938,"href":"https:\/\/vocesparalelas.com.ar\/sitio\/wp-json\/wp\/v2\/posts\/78933\/revisions\/78938"}],"wp:featuredmedia":[{"embeddable":true,"href":"https:\/\/vocesparalelas.com.ar\/sitio\/wp-json\/wp\/v2\/media\/78936"}],"wp:attachment":[{"href":"https:\/\/vocesparalelas.com.ar\/sitio\/wp-json\/wp\/v2\/media?parent=78933"}],"wp:term":[{"taxonomy":"category","embeddable":true,"href":"https:\/\/vocesparalelas.com.ar\/sitio\/wp-json\/wp\/v2\/categories?post=78933"},{"taxonomy":"post_tag","embeddable":true,"href":"https:\/\/vocesparalelas.com.ar\/sitio\/wp-json\/wp\/v2\/tags?post=78933"}],"curies":[{"name":"wp","href":"https:\/\/api.w.org\/{rel}","templated":true}]}}