{"id":78907,"date":"2024-11-06T18:14:27","date_gmt":"2024-11-06T21:14:27","guid":{"rendered":"https:\/\/vocesparalelas.com.ar\/sitio\/?p=78907"},"modified":"2024-11-07T23:00:52","modified_gmt":"2024-11-08T02:00:52","slug":"a-disfrutar-zonda-rally-show-en-el-autodromo-el-zonda-eduardo-copello-en-san-juan","status":"publish","type":"post","link":"https:\/\/vocesparalelas.com.ar\/sitio\/a-disfrutar-zonda-rally-show-en-el-autodromo-el-zonda-eduardo-copello-en-san-juan\/","title":{"rendered":"A disfrutar Zonda Rally Show en el Aut\u00f3dromo El Zonda Eduardo Copello en San Juan"},"content":{"rendered":"<p>El Aut\u00f3dromo El Zonda Eduardo Copello vuelve a tener actividad del deporte motor. En su predio y pista de 3240 mts, est\u00e1n montados los especiales que alberga la 6\u00aa fecha del Campeonato sanjuanino de autom\u00f3viles estilo Rally, que en formato especial de competencia, se denomina\u00a0Zonda Rally Show.<\/p>\n<p>Con rampa simb\u00f3lica para el Viernes, 08 de Noviembre, a las 21:00 hs en el Parque Rivadavia, y carreras el S\u00e1bado, 9 y el Domingo, 10 de Noviembre en el Aut\u00f3dromo, en donde se completan siete especiales de competencia y muchas opciones de diversi\u00f3n y entretenimiento. El p\u00fablico tuerca de San Juan puede volver al cerro, y realizar ese folcklore de otros tiempos que incluye familia, amigos, asado y mate, incluso el pernocte para la noche de S\u00e1bado, aprovechando el prime nocturno.<\/p>\n<p>De esta manera, divididos por categor\u00edas de, autos, jeep, areneros, prototipos, UTV y camionetas participar\u00e1n de esta competencia que iniciar\u00e1 el s\u00e1bado 9 con la PE1 de 9 kms desde las 16:00 en el primer contacto de los competidores con el Zonda. Una vez que los participantes vayan finalizando este especial, saldr\u00e1n del aut\u00f3dromo para dirigirse a la PE2 de 13 kms y que largar\u00e1 a las 17:00 horas, siendo este el \u00fanico especial completamente de tierra, y ubicado detr\u00e1s del Hospital General Dra. Julieta Lanteri, ex Neuropsiqui\u00e1trico.<\/p>\n<p>La primera etapa de s\u00e1bado finaliza con el prime nocturno en el Zonda a partir de las 21:00 hs. Los competidores deben bregar por proveerse de una eficiente luminaria en sus veh\u00edculos, que le permita una buena visi\u00f3n al piloto, y en el interior, deben preocuparse tambi\u00e9n por la iluminaci\u00f3n para que el navegante pueda leer la hoja de ruta.<\/p>\n<p>Para el domingo 10, las cuatro PE se realizar\u00e1n en el Zonda. Se montar\u00e1n dos circuitos con predominancia de asfalto, pero que tambi\u00e9n tendr\u00e1n algo de tierra. Comenzando temprano, ya que a las 8:30 est\u00e1 prevista la largada del primer auto para la PE4 de 8 kms, denominada Circuito Zonda 2. A las 10:30 se vuelve a recorrer este mismo tramo, pero en sentido inverso. La PE6 y 7 lo compone el super prime de 6 kms, que de la misma manera que el anterior, se recorrer\u00e1 dos veces, pero en distinto sentido.<\/p>\n<blockquote class=\"wp-embedded-content\" data-secret=\"PnBuwLW9NZ\"><p><a href=\"https:\/\/vocesparalelas.com.ar\/sitio\/sumate-al-zonda-rally-show-edicion-rivadavia-en-el-autodromo-eduardo-copello-de-san-juan-para-disfrutar-en-familia\/\">Sumate al Zonda Rally Show \u00abEdici\u00f3n Rivadavia\u00bb en el Aut\u00f3dromo Eduardo Copello de San Juan para disfrutar en familia<\/a><\/p><\/blockquote>\n<p><iframe loading=\"lazy\" class=\"wp-embedded-content\" sandbox=\"allow-scripts\" security=\"restricted\" style=\"position: absolute; visibility: hidden;\" title=\"\u00abSumate al Zonda Rally Show \u00abEdici\u00f3n Rivadavia\u00bb en el Aut\u00f3dromo Eduardo Copello de San Juan para disfrutar en familia\u00bb \u2014 Voces Paralelas\" src=\"https:\/\/vocesparalelas.com.ar\/sitio\/sumate-al-zonda-rally-show-edicion-rivadavia-en-el-autodromo-eduardo-copello-de-san-juan-para-disfrutar-en-familia\/embed\/#?secret=SshPHrua3s#?secret=PnBuwLW9NZ\" data-secret=\"PnBuwLW9NZ\" width=\"600\" height=\"338\" frameborder=\"0\" marginwidth=\"0\" marginheight=\"0\" scrolling=\"no\"><\/iframe><\/p>\n<p>&nbsp;<\/p>\n","protected":false},"excerpt":{"rendered":"<p>El Aut\u00f3dromo El Zonda Eduardo Copello vuelve a tener actividad del deporte motor. En su predio y pista de 3240<\/p>\n","protected":false},"author":3,"featured_media":78913,"comment_status":"closed","ping_status":"closed","sticky":false,"template":"","format":"standard","meta":{"_acf_changed":false,"_seopress_robots_primary_cat":"none","_seopress_titles_title":"","_seopress_titles_desc":"","_seopress_robots_index":"","colormag_page_container_layout":"default_layout","colormag_page_sidebar_layout":"default_layout","footnotes":""},"categories":[6],"tags":[],"class_list":["post-78907","post","type-post","status-publish","format-standard","has-post-thumbnail","hentry","category-eventos"],"acf":[],"_links":{"self":[{"href":"https:\/\/vocesparalelas.com.ar\/sitio\/wp-json\/wp\/v2\/posts\/78907","targetHints":{"allow":["GET"]}}],"collection":[{"href":"https:\/\/vocesparalelas.com.ar\/sitio\/wp-json\/wp\/v2\/posts"}],"about":[{"href":"https:\/\/vocesparalelas.com.ar\/sitio\/wp-json\/wp\/v2\/types\/post"}],"author":[{"embeddable":true,"href":"https:\/\/vocesparalelas.com.ar\/sitio\/wp-json\/wp\/v2\/users\/3"}],"replies":[{"embeddable":true,"href":"https:\/\/vocesparalelas.com.ar\/sitio\/wp-json\/wp\/v2\/comments?post=78907"}],"version-history":[{"count":1,"href":"https:\/\/vocesparalelas.com.ar\/sitio\/wp-json\/wp\/v2\/posts\/78907\/revisions"}],"predecessor-version":[{"id":78914,"href":"https:\/\/vocesparalelas.com.ar\/sitio\/wp-json\/wp\/v2\/posts\/78907\/revisions\/78914"}],"wp:featuredmedia":[{"embeddable":true,"href":"https:\/\/vocesparalelas.com.ar\/sitio\/wp-json\/wp\/v2\/media\/78913"}],"wp:attachment":[{"href":"https:\/\/vocesparalelas.com.ar\/sitio\/wp-json\/wp\/v2\/media?parent=78907"}],"wp:term":[{"taxonomy":"category","embeddable":true,"href":"https:\/\/vocesparalelas.com.ar\/sitio\/wp-json\/wp\/v2\/categories?post=78907"},{"taxonomy":"post_tag","embeddable":true,"href":"https:\/\/vocesparalelas.com.ar\/sitio\/wp-json\/wp\/v2\/tags?post=78907"}],"curies":[{"name":"wp","href":"https:\/\/api.w.org\/{rel}","templated":true}]}}