{"id":78897,"date":"2024-11-06T21:44:35","date_gmt":"2024-11-07T00:44:35","guid":{"rendered":"https:\/\/vocesparalelas.com.ar\/sitio\/?p=78897"},"modified":"2024-11-06T21:44:43","modified_gmt":"2024-11-07T00:44:43","slug":"festejaron-los-30-anos-del-programa-nutricion-en-vivo-en-la-camara-de-diputados-de-san-juan","status":"publish","type":"post","link":"https:\/\/vocesparalelas.com.ar\/sitio\/festejaron-los-30-anos-del-programa-nutricion-en-vivo-en-la-camara-de-diputados-de-san-juan\/","title":{"rendered":"Festejaron los 30 a\u00f1os del Programa Nutrici\u00f3n en Vivo en la C\u00e1mara de Diputados de San Juan"},"content":{"rendered":"<p>En el marco de la Campa\u00f1a Alimentando Voluntades, se llev\u00f3 a cabo una muestra en el edificio Anexo de la Legislatura Provincial, con bailes y canciones por parte de alumnos, padres y docentes de San Juan.<\/p>\n<p>El grupo de visitantes fue recibido por los diputados Dr. Juan de la Cruz C\u00f3rdoba y Lic. Mar\u00eda Rita Lascano, y el secretario Administrativo Lic. Jorge Fern\u00e1ndez.<\/p>\n<p>La comitiva estuvo integrada por la coordinadora del programa, Lic. Olga \u00c1lvarez y las comunidades de las Escuelas Gobernador Federico Cantoni, Departamento Chimbas y Mar Argentino, Departamento 25 de Mayo.<\/p>\n<p>Lo que busca la iniciativa es promover h\u00e1bitos saludables, en el marco de la Campa\u00f1a Alimentando Voluntades, del Programa Nutrici\u00f3n en Vivo que est\u00e1 cumpliendo 30 a\u00f1os. En esta ocasi\u00f3n se realiz\u00f3 la parada saludable \u201cMel\u00f3n\u201d en el Edificio Anexo de la C\u00e1mara de Diputados de San Juan.<\/p>\n<p>&nbsp;<\/p>\n<figure id=\"attachment_37951\" aria-describedby=\"caption-attachment-37951\" style=\"width: 800px\" class=\"wp-caption alignnone\"><img loading=\"lazy\" decoding=\"async\" class=\"size-full wp-image-37951\" src=\"https:\/\/vocesparalelas.com.ar\/sitio\/wp-content\/uploads\/2021\/05\/CAMARA-EDIFICIO.jpg\" alt=\"\" width=\"800\" height=\"515\" srcset=\"https:\/\/vocesparalelas.com.ar\/sitio\/wp-content\/uploads\/2021\/05\/CAMARA-EDIFICIO.jpg 800w, https:\/\/vocesparalelas.com.ar\/sitio\/wp-content\/uploads\/2021\/05\/CAMARA-EDIFICIO-300x193.jpg 300w, https:\/\/vocesparalelas.com.ar\/sitio\/wp-content\/uploads\/2021\/05\/CAMARA-EDIFICIO-768x494.jpg 768w\" sizes=\"auto, (max-width: 800px) 100vw, 800px\" \/><figcaption id=\"caption-attachment-37951\" class=\"wp-caption-text\">Legislatura Provincial de San Juan, Rep\u00fablica Argentina<\/figcaption><\/figure>\n","protected":false},"excerpt":{"rendered":"<p>En el marco de la Campa\u00f1a Alimentando Voluntades, se llev\u00f3 a cabo una muestra en el edificio Anexo de la<\/p>\n","protected":false},"author":3,"featured_media":78900,"comment_status":"closed","ping_status":"closed","sticky":false,"template":"","format":"standard","meta":{"_acf_changed":false,"_seopress_robots_primary_cat":"none","_seopress_titles_title":"","_seopress_titles_desc":"","_seopress_robots_index":"","colormag_page_container_layout":"default_layout","colormag_page_sidebar_layout":"default_layout","footnotes":""},"categories":[1],"tags":[],"class_list":["post-78897","post","type-post","status-publish","format-standard","has-post-thumbnail","hentry","category-destacadas"],"acf":[],"_links":{"self":[{"href":"https:\/\/vocesparalelas.com.ar\/sitio\/wp-json\/wp\/v2\/posts\/78897","targetHints":{"allow":["GET"]}}],"collection":[{"href":"https:\/\/vocesparalelas.com.ar\/sitio\/wp-json\/wp\/v2\/posts"}],"about":[{"href":"https:\/\/vocesparalelas.com.ar\/sitio\/wp-json\/wp\/v2\/types\/post"}],"author":[{"embeddable":true,"href":"https:\/\/vocesparalelas.com.ar\/sitio\/wp-json\/wp\/v2\/users\/3"}],"replies":[{"embeddable":true,"href":"https:\/\/vocesparalelas.com.ar\/sitio\/wp-json\/wp\/v2\/comments?post=78897"}],"version-history":[{"count":1,"href":"https:\/\/vocesparalelas.com.ar\/sitio\/wp-json\/wp\/v2\/posts\/78897\/revisions"}],"predecessor-version":[{"id":78901,"href":"https:\/\/vocesparalelas.com.ar\/sitio\/wp-json\/wp\/v2\/posts\/78897\/revisions\/78901"}],"wp:featuredmedia":[{"embeddable":true,"href":"https:\/\/vocesparalelas.com.ar\/sitio\/wp-json\/wp\/v2\/media\/78900"}],"wp:attachment":[{"href":"https:\/\/vocesparalelas.com.ar\/sitio\/wp-json\/wp\/v2\/media?parent=78897"}],"wp:term":[{"taxonomy":"category","embeddable":true,"href":"https:\/\/vocesparalelas.com.ar\/sitio\/wp-json\/wp\/v2\/categories?post=78897"},{"taxonomy":"post_tag","embeddable":true,"href":"https:\/\/vocesparalelas.com.ar\/sitio\/wp-json\/wp\/v2\/tags?post=78897"}],"curies":[{"name":"wp","href":"https:\/\/api.w.org\/{rel}","templated":true}]}}