{"id":78892,"date":"2024-11-06T21:17:23","date_gmt":"2024-11-07T00:17:23","guid":{"rendered":"https:\/\/vocesparalelas.com.ar\/sitio\/?p=78892"},"modified":"2024-11-06T21:34:34","modified_gmt":"2024-11-07T00:34:34","slug":"comenzo-la-distribucion-de-los-equipos-de-refrigeracion-de-uso-exclusivo-para-vacunas-en-san-juan","status":"publish","type":"post","link":"https:\/\/vocesparalelas.com.ar\/sitio\/comenzo-la-distribucion-de-los-equipos-de-refrigeracion-de-uso-exclusivo-para-vacunas-en-san-juan\/","title":{"rendered":"Comenz\u00f3 la distribuci\u00f3n de los equipos de refrigeraci\u00f3n de uso exclusivo para vacunas en San Juan"},"content":{"rendered":"<p>El Ministerio de Salud del Gobierno de San Juan comenz\u00f3 la distribuci\u00f3n de los equipos de refrigeraci\u00f3n de uso exclusivo para vacunas. Estos refrigeradores fueron obtenidos a trav\u00e9s de DICEI &#8211; MISAL &#8211;\u00a0y por intermedio del\u00a0Banco Mundial.<\/p>\n<p>Cabe destacar que, cada equipo posee compresores integrados que ayudan a mantener la cadena de fr\u00edo. Requiere aproximadamente 8 horas de conexi\u00f3n a la energ\u00eda el\u00e9ctrica, lo que garantiza una autonom\u00eda de hasta 55 horas a temperaturas ambiente de +43\u00b0C, permitiendo dar soluciones en caso de cortes prolongados y accesibilidad limitada.<\/p>\n<p>El ministro de Salud del Gobierno de San Juan, Dr. Am\u00edlcar Dobladez explic\u00f3 que \u201clos equipos, est\u00e1n siendo distribuidos estrat\u00e9gicamente en diferentes centros de salud y hospitales, brindando estabilidad el\u00e9ctrica durante 55 horas en el caso de que exista un corte de suministro\u201d.<\/p>\n<p>\u00abAdem\u00e1s, se est\u00e1 realizando una recorrida en los centros de salud para observar y verificar el correcto funcionamiento de los mismos, destacando la tecnolog\u00eda de los aparatos que \u201cpermiten proteger las vacunas, ampliando servicios sanitarios en \u00e1reas con dificultades el\u00e9ctricas y asegurando as\u00ed la continuidad en la cadena de fr\u00edo, beneficiando a las persona\u201d.<\/p>\n<p>&nbsp;<\/p>\n<p><img loading=\"lazy\" decoding=\"async\" class=\"alignnone size-full wp-image-65642\" src=\"https:\/\/vocesparalelas.com.ar\/sitio\/wp-content\/uploads\/2023\/11\/GOBIERNO-SAN-JUAN.jpg\" alt=\"\" width=\"800\" height=\"600\" srcset=\"https:\/\/vocesparalelas.com.ar\/sitio\/wp-content\/uploads\/2023\/11\/GOBIERNO-SAN-JUAN.jpg 800w, https:\/\/vocesparalelas.com.ar\/sitio\/wp-content\/uploads\/2023\/11\/GOBIERNO-SAN-JUAN-300x225.jpg 300w, https:\/\/vocesparalelas.com.ar\/sitio\/wp-content\/uploads\/2023\/11\/GOBIERNO-SAN-JUAN-768x576.jpg 768w\" sizes=\"auto, (max-width: 800px) 100vw, 800px\" \/><\/p>\n","protected":false},"excerpt":{"rendered":"<p>El Ministerio de Salud del Gobierno de San Juan comenz\u00f3 la distribuci\u00f3n de los equipos de refrigeraci\u00f3n de uso exclusivo<\/p>\n","protected":false},"author":3,"featured_media":78895,"comment_status":"closed","ping_status":"closed","sticky":false,"template":"","format":"standard","meta":{"_acf_changed":false,"_seopress_robots_primary_cat":"none","_seopress_titles_title":"","_seopress_titles_desc":"","_seopress_robots_index":"","colormag_page_container_layout":"default_layout","colormag_page_sidebar_layout":"default_layout","footnotes":""},"categories":[1],"tags":[],"class_list":["post-78892","post","type-post","status-publish","format-standard","has-post-thumbnail","hentry","category-destacadas"],"acf":[],"_links":{"self":[{"href":"https:\/\/vocesparalelas.com.ar\/sitio\/wp-json\/wp\/v2\/posts\/78892","targetHints":{"allow":["GET"]}}],"collection":[{"href":"https:\/\/vocesparalelas.com.ar\/sitio\/wp-json\/wp\/v2\/posts"}],"about":[{"href":"https:\/\/vocesparalelas.com.ar\/sitio\/wp-json\/wp\/v2\/types\/post"}],"author":[{"embeddable":true,"href":"https:\/\/vocesparalelas.com.ar\/sitio\/wp-json\/wp\/v2\/users\/3"}],"replies":[{"embeddable":true,"href":"https:\/\/vocesparalelas.com.ar\/sitio\/wp-json\/wp\/v2\/comments?post=78892"}],"version-history":[{"count":1,"href":"https:\/\/vocesparalelas.com.ar\/sitio\/wp-json\/wp\/v2\/posts\/78892\/revisions"}],"predecessor-version":[{"id":78896,"href":"https:\/\/vocesparalelas.com.ar\/sitio\/wp-json\/wp\/v2\/posts\/78892\/revisions\/78896"}],"wp:featuredmedia":[{"embeddable":true,"href":"https:\/\/vocesparalelas.com.ar\/sitio\/wp-json\/wp\/v2\/media\/78895"}],"wp:attachment":[{"href":"https:\/\/vocesparalelas.com.ar\/sitio\/wp-json\/wp\/v2\/media?parent=78892"}],"wp:term":[{"taxonomy":"category","embeddable":true,"href":"https:\/\/vocesparalelas.com.ar\/sitio\/wp-json\/wp\/v2\/categories?post=78892"},{"taxonomy":"post_tag","embeddable":true,"href":"https:\/\/vocesparalelas.com.ar\/sitio\/wp-json\/wp\/v2\/tags?post=78892"}],"curies":[{"name":"wp","href":"https:\/\/api.w.org\/{rel}","templated":true}]}}