{"id":78870,"date":"2024-11-05T21:28:55","date_gmt":"2024-11-06T00:28:55","guid":{"rendered":"https:\/\/vocesparalelas.com.ar\/sitio\/?p=78870"},"modified":"2024-11-06T22:59:53","modified_gmt":"2024-11-07T01:59:53","slug":"turno-de-vacunacion-contra-el-dengue-con-el-qr-en-san-juan","status":"publish","type":"post","link":"https:\/\/vocesparalelas.com.ar\/sitio\/turno-de-vacunacion-contra-el-dengue-con-el-qr-en-san-juan\/","title":{"rendered":"Turno de vacunaci\u00f3n contra el dengue con el QR en San Juan"},"content":{"rendered":"<div class=\"cuerpo-principal\">\n<div class=\"itemBody\">\n<div class=\"itemFullText\">\n<p>El Ministerio de Salud del Gobierno de San Juan, a trav\u00e9s de Divisi\u00f3n Epidemiolog\u00eda, informa a los integrantes de las poblaciones objetivo que requieren turno previo para acceder a su inmunizaci\u00f3n, que pueden acceder al c\u00f3digo QR mediante el siguiente enlace:<\/p>\n<p><a href=\"https:\/\/salud.sanjuan.gob.ar\/?uid=vacunadenguesj\">\u00a0https:\/\/salud.sanjuan.gob.ar\/?uid=vacunadenguesj<\/a><\/p>\n<p>Las personas deben escanearlo para acceder a un formulario de solicitud de turno. Ese formulario indaga sobre antecedentes de dengue cl\u00ednico del paciente que solicita el turno, como as\u00ed tambi\u00e9n de menores a cargo; antecedentes de confirmaci\u00f3n diagn\u00f3stica por alg\u00fan m\u00e9todo de diagn\u00f3stico en la fase aguda febril de la enfermedad (exclusivamente fase aguda); existencia de contraindicaciones conocidas al momento de la solicitud del turno y la direcci\u00f3n de mail del solicitante.<\/p>\n<p><span style=\"color: #ff0000;\"><strong>Cu\u00e1ndo el solicitante recibir\u00e1 la notificaci\u00f3n del turno<\/strong><\/span><\/p>\n<p>Dentro de las 72 hs. posteriores al env\u00edo del formulario, el solicitante recibe un correo electr\u00f3nico en el que se especifica fecha y hora del turno, siempre que el caso se encuentre notificado en el sistema SISA.<\/p>\n<p>De lo contrario, se le informa que sus datos quedan reservados a fin de ser evaluados en una segunda instancia de an\u00e1lisis de estrategia de inmunizaci\u00f3n.<\/p>\n<p>El c\u00f3digo QR para la solicitud de turno tiene vigencia hasta el 8 de Noviembre de 2024.<\/p>\n<p><span style=\"color: #ff0000;\"><strong>Informaci\u00f3n de seguimiento de pacientes post inmunizaci\u00f3n con QDENGA<\/strong><\/span><\/p>\n<p>De presentar el paciente inmunizado con QDENGA s\u00edntomas\u00a0de fiebre o erupci\u00f3n cut\u00e1nea\u00a0durante el mes posterior a la colocaci\u00f3n de la vacuna, debe consultar con su m\u00e9dico de cabecera y notificar de su situaci\u00f3n a la posta de vacunaci\u00f3n donde fue inmunizado.<\/p>\n<p><span style=\"color: #ff0000;\"><strong>Aclaraciones<\/strong><\/span><\/p>\n<p>La vacuna QDENGA no pertenece a Calendario Nacional de Inmunizaciones, por lo tanto no es obligatoria.\u00a0Constituye una herramienta de prevenci\u00f3n ofrecida por la Provincia de San Juan a trav\u00e9s del Ministerio de Salud en forma de estrategia dirigida y focalizada hacia grupos de riesgo en particular.<\/p>\n<p>La vacuna posee indicaciones y contrainidicaciones que deben ser informadas por el m\u00e9dico de cabecera de cada paciente en caso de desear adquirirla de forma particular.<\/p>\n<\/div>\n<div class=\"clr\"><img loading=\"lazy\" decoding=\"async\" class=\"alignnone size-full wp-image-78348\" src=\"https:\/\/vocesparalelas.com.ar\/sitio\/wp-content\/uploads\/2024\/10\/VACUNACION-03.jpg\" alt=\"\" width=\"800\" height=\"534\" srcset=\"https:\/\/vocesparalelas.com.ar\/sitio\/wp-content\/uploads\/2024\/10\/VACUNACION-03.jpg 800w, https:\/\/vocesparalelas.com.ar\/sitio\/wp-content\/uploads\/2024\/10\/VACUNACION-03-300x200.jpg 300w, https:\/\/vocesparalelas.com.ar\/sitio\/wp-content\/uploads\/2024\/10\/VACUNACION-03-768x513.jpg 768w\" sizes=\"auto, (max-width: 800px) 100vw, 800px\" \/><\/div>\n<\/div>\n<div class=\"clr\"><\/div>\n<\/div>\n","protected":false},"excerpt":{"rendered":"<p>El Ministerio de Salud del Gobierno de San Juan, a trav\u00e9s de Divisi\u00f3n Epidemiolog\u00eda, informa a los integrantes de las<\/p>\n","protected":false},"author":3,"featured_media":78873,"comment_status":"closed","ping_status":"closed","sticky":false,"template":"","format":"standard","meta":{"_acf_changed":false,"_seopress_robots_primary_cat":"none","_seopress_titles_title":"","_seopress_titles_desc":"","_seopress_robots_index":"","colormag_page_container_layout":"default_layout","colormag_page_sidebar_layout":"default_layout","footnotes":""},"categories":[6],"tags":[],"class_list":["post-78870","post","type-post","status-publish","format-standard","has-post-thumbnail","hentry","category-eventos"],"acf":[],"_links":{"self":[{"href":"https:\/\/vocesparalelas.com.ar\/sitio\/wp-json\/wp\/v2\/posts\/78870","targetHints":{"allow":["GET"]}}],"collection":[{"href":"https:\/\/vocesparalelas.com.ar\/sitio\/wp-json\/wp\/v2\/posts"}],"about":[{"href":"https:\/\/vocesparalelas.com.ar\/sitio\/wp-json\/wp\/v2\/types\/post"}],"author":[{"embeddable":true,"href":"https:\/\/vocesparalelas.com.ar\/sitio\/wp-json\/wp\/v2\/users\/3"}],"replies":[{"embeddable":true,"href":"https:\/\/vocesparalelas.com.ar\/sitio\/wp-json\/wp\/v2\/comments?post=78870"}],"version-history":[{"count":1,"href":"https:\/\/vocesparalelas.com.ar\/sitio\/wp-json\/wp\/v2\/posts\/78870\/revisions"}],"predecessor-version":[{"id":78874,"href":"https:\/\/vocesparalelas.com.ar\/sitio\/wp-json\/wp\/v2\/posts\/78870\/revisions\/78874"}],"wp:featuredmedia":[{"embeddable":true,"href":"https:\/\/vocesparalelas.com.ar\/sitio\/wp-json\/wp\/v2\/media\/78873"}],"wp:attachment":[{"href":"https:\/\/vocesparalelas.com.ar\/sitio\/wp-json\/wp\/v2\/media?parent=78870"}],"wp:term":[{"taxonomy":"category","embeddable":true,"href":"https:\/\/vocesparalelas.com.ar\/sitio\/wp-json\/wp\/v2\/categories?post=78870"},{"taxonomy":"post_tag","embeddable":true,"href":"https:\/\/vocesparalelas.com.ar\/sitio\/wp-json\/wp\/v2\/tags?post=78870"}],"curies":[{"name":"wp","href":"https:\/\/api.w.org\/{rel}","templated":true}]}}