{"id":78863,"date":"2024-11-05T22:51:44","date_gmt":"2024-11-06T01:51:44","guid":{"rendered":"https:\/\/vocesparalelas.com.ar\/sitio\/?p=78863"},"modified":"2024-11-06T00:52:04","modified_gmt":"2024-11-06T03:52:04","slug":"educacion-primaria-ilumina-el-presente-y-construye-el-futuro-en-san-juan","status":"publish","type":"post","link":"https:\/\/vocesparalelas.com.ar\/sitio\/educacion-primaria-ilumina-el-presente-y-construye-el-futuro-en-san-juan\/","title":{"rendered":"\u2018Educaci\u00f3n Primaria, ilumina el presente y construye el futuro\u2019 en San Juan"},"content":{"rendered":"<p>La Semana de Educaci\u00f3n Primaria del Ministerio de Educaci\u00f3n del Gobierno de San Juan comenz\u00f3 con un acto de apertura realizado en la Escuela Ing. F\u00e9lix Aguilar, Departamento Sarmiento, en el que hubo una suelta de globos con mensajes de esperanza como punto m\u00e1s alto de emoci\u00f3n en la ceremonia.<\/p>\n<p>La secretaria de Educaci\u00f3n del Ministerio, Lic. Mariela Lueje destac\u00f3 que \u00abtransmito los saludos de la ministra de Educaci\u00f3n, Lic. Silvia Fuentes. Esta Semana de la Educaci\u00f3n Primaria nos moviliza y nos impulsa a seguir esforz\u00e1ndonos por mejorar la calidad educativa en la provincia. Por otro lado, que el acto de apertura se realice en Sarmiento me interpela porque mi padre fue m\u00e9dico en el hospital de la zona, pas\u00e9 muchas navidades ah\u00ed y seguramente hoy hay orgullosos habitantes de este departamento que \u00e9l trajo al mundo a lo largo de los a\u00f1os\u201d.<\/p>\n<p>Seguidamente, la directora de Educaci\u00f3n Primaria del Ministerio de Educaci\u00f3n, Prof. Liliana Carrasco explic\u00f3 que \u00abel lema de este a\u00f1o es \u2018Educaci\u00f3n Primaria, ilumina el presente y construye el futuro\u2019; y nos habla de poner luz para que nadie se pierda, guiando a los estudiantes con un gran faro que es el Plan de Alfabetizaci\u00f3n Comprendo y Aprendo. Esto habla tambi\u00e9n del poder transformador de la educaci\u00f3n\u201d.<\/p>\n<p>En tanto, durante el acto, alumnos de 1\u00b0 y 2\u00b0 grado de diferentes escuelas del Departamento Sarmiento leyeron mensajes con frases esperanzadoras, que colocaron en globos y soltaron al cielo. Lo hicieron junto a las autoridades, en uno de los momentos m\u00e1s emocionantes y que cerr\u00f3 con una ovaci\u00f3n de la comunidad educativa.<\/p>\n<p>Tambi\u00e9n hubo una fuerte impronta art\u00edstica, con los chicos como protagonistas. As\u00ed, un alumno de 5\u00b0 grado de la Escuela Falucho, Ren\u00e9 Herrera Berm\u00fadez, ley\u00f3 una poes\u00eda acompa\u00f1ado por su abuelo, Ricardo Herrera Ahumada, minero y escritor, habitante reconocido de Los Berros y cuyos hijos y nietos han asistido a la misma escuela Falucho.<\/p>\n<p>Adem\u00e1s, estudiantes de 1\u00b0, 2\u00b0, 5\u00b0 y 6\u00b0 grado de la escuela Enrique Larreta hicieron una dramatizaci\u00f3n de la obra \u201cD\u00edas Animados\u201d; mientras que los chicos de 5\u00b0 y 6\u00b0 grado de la escuela 20 de Junio interpretaron una canci\u00f3n llamada \u201cEl atardecer\u201d.<\/p>\n<p>Los alumnos de 1\u00b0, 2\u00b0 y 3\u00b0 grado de la Escuela Profesor Alejandro Mathus realizaron diferentes bailes, como tango, folclores, cuarteto y hasta saya boliviana; los ni\u00f1os de 1\u00b0 y 2\u00b0 grado de la Escuela Albergue Josefa Ram\u00edrez de Garc\u00eda dramatizaron la novela \u201cMisterio en el cerro\u201d, que forma parte del Plan de Alfabetizaci\u00f3n \u201cComprendo y Aprendo\u201d; mientras que los alumnos de 6\u00b0 grado de la Escuela Leopoldo Corretjer interpretaron instrumentalmente algunas melod\u00edas cl\u00e1sicas y contempor\u00e1neas.<\/p>\n<p>Por otro lado, los estudiantes de 5to grado de la escuela Ing. F\u00e9lix Aguilar, acompa\u00f1ados por su profesora de ingl\u00e9s, cantaron \u201cA sky full of stars\u201d de Coldplay.<\/p>\n<p>La Semana de Educaci\u00f3n Primaria contin\u00faa con muestras educativas zonales en las que los estudiantes presentan trabajos realizados durante el a\u00f1o, haciendo hincapi\u00e9 en el plan \u201cComprendo y Aprendo\u201d.<\/p>\n<p>El acto de cierre est\u00e1 previsto para el Viernes, 08 de Noviembre, en la Escuela Independencia Argentina, Departamento Rivadavia.<\/p>\n<p><img loading=\"lazy\" decoding=\"async\" class=\"alignnone size-full wp-image-28629\" src=\"https:\/\/vocesparalelas.com.ar\/sitio\/wp-content\/uploads\/2020\/05\/MINISTERIO-EDUCACION-SJ.jpg\" alt=\"\" width=\"800\" height=\"533\" srcset=\"https:\/\/vocesparalelas.com.ar\/sitio\/wp-content\/uploads\/2020\/05\/MINISTERIO-EDUCACION-SJ.jpg 800w, https:\/\/vocesparalelas.com.ar\/sitio\/wp-content\/uploads\/2020\/05\/MINISTERIO-EDUCACION-SJ-300x200.jpg 300w, https:\/\/vocesparalelas.com.ar\/sitio\/wp-content\/uploads\/2020\/05\/MINISTERIO-EDUCACION-SJ-768x512.jpg 768w\" sizes=\"auto, (max-width: 800px) 100vw, 800px\" \/><\/p>\n<p>&nbsp;<\/p>\n","protected":false},"excerpt":{"rendered":"<p>La Semana de Educaci\u00f3n Primaria del Ministerio de Educaci\u00f3n del Gobierno de San Juan comenz\u00f3 con un acto de apertura<\/p>\n","protected":false},"author":3,"featured_media":78866,"comment_status":"closed","ping_status":"closed","sticky":false,"template":"","format":"standard","meta":{"_acf_changed":false,"_seopress_robots_primary_cat":"none","_seopress_titles_title":"","_seopress_titles_desc":"","_seopress_robots_index":"","colormag_page_container_layout":"default_layout","colormag_page_sidebar_layout":"default_layout","footnotes":""},"categories":[1],"tags":[],"class_list":["post-78863","post","type-post","status-publish","format-standard","has-post-thumbnail","hentry","category-destacadas"],"acf":[],"_links":{"self":[{"href":"https:\/\/vocesparalelas.com.ar\/sitio\/wp-json\/wp\/v2\/posts\/78863","targetHints":{"allow":["GET"]}}],"collection":[{"href":"https:\/\/vocesparalelas.com.ar\/sitio\/wp-json\/wp\/v2\/posts"}],"about":[{"href":"https:\/\/vocesparalelas.com.ar\/sitio\/wp-json\/wp\/v2\/types\/post"}],"author":[{"embeddable":true,"href":"https:\/\/vocesparalelas.com.ar\/sitio\/wp-json\/wp\/v2\/users\/3"}],"replies":[{"embeddable":true,"href":"https:\/\/vocesparalelas.com.ar\/sitio\/wp-json\/wp\/v2\/comments?post=78863"}],"version-history":[{"count":1,"href":"https:\/\/vocesparalelas.com.ar\/sitio\/wp-json\/wp\/v2\/posts\/78863\/revisions"}],"predecessor-version":[{"id":78867,"href":"https:\/\/vocesparalelas.com.ar\/sitio\/wp-json\/wp\/v2\/posts\/78863\/revisions\/78867"}],"wp:featuredmedia":[{"embeddable":true,"href":"https:\/\/vocesparalelas.com.ar\/sitio\/wp-json\/wp\/v2\/media\/78866"}],"wp:attachment":[{"href":"https:\/\/vocesparalelas.com.ar\/sitio\/wp-json\/wp\/v2\/media?parent=78863"}],"wp:term":[{"taxonomy":"category","embeddable":true,"href":"https:\/\/vocesparalelas.com.ar\/sitio\/wp-json\/wp\/v2\/categories?post=78863"},{"taxonomy":"post_tag","embeddable":true,"href":"https:\/\/vocesparalelas.com.ar\/sitio\/wp-json\/wp\/v2\/tags?post=78863"}],"curies":[{"name":"wp","href":"https:\/\/api.w.org\/{rel}","templated":true}]}}